{"id":646278,"date":"2026-01-07T04:18:16","date_gmt":"2026-01-07T04:18:16","guid":{"rendered":"https:\/\/www.europesays.com\/fr\/646278\/"},"modified":"2026-01-07T04:18:16","modified_gmt":"2026-01-07T04:18:16","slug":"le-sabotage-electrique-qui-revele-les-failles-des-infrastructures-allemandes","status":"publish","type":"post","link":"https:\/\/www.europesays.com\/fr\/646278\/","title":{"rendered":"le sabotage \u00e9lectrique qui r\u00e9v\u00e8le les failles des infrastructures allemandes"},"content":{"rendered":"<p>Alors que les temp\u00e9ratures sont n\u00e9gatives ce mardi \u00e0 Berlin, 25\u00a0000 foyers et 1\u00a0200 entreprises du sud-ouest de la capitale allemande sont priv\u00e9s d\u2019\u00e9lectricit\u00e9, d\u2019apr\u00e8s <a href=\"https:\/\/www.tagesspiegel.de\/berlin\/liveblog\/blackout-in-berlin-bundeswehr-im-einsatz-mit-tankwagen--noch-27200-haushalte-ohne-strom-15099957.html\" target=\"_blank\" rel=\"noopener\">le quotidien allemand Tagesspiegel<\/a>. Et \u00e7a fait quatre jours que \u00e7a dure. La panne a d\u00e9marr\u00e9 samedi matin apr\u00e8s qu\u2019un pont du quartier de Zehlendorf, supportant des c\u00e2bles \u00e9lectriques et situ\u00e9 pr\u00e8s de la centrale \u00e9lectrique de Lichterfelde, a \u00e9t\u00e9 volontairement incendi\u00e9.<\/p>\n<p>Cinq c\u00e2bles \u00e0 haute tension ont \u00e9t\u00e9 d\u00e9truits ainsi que plusieurs \u00e0 moyenne tension, a pr\u00e9cis\u00e9 dimanche la s\u00e9natrice berlinoise charg\u00e9e des Affaires \u00e9conomiques, Franziska Giffey, <a href=\"https:\/\/www.rbb24.de\/panorama\/av\/av24\/video-berlin-suedwesten-stromausfall-wegner-giffey-pressekonferenz.html\" target=\"_blank\" rel=\"noopener\">sur la cha\u00eene RBB<\/a>. Si une partie des 45\u00a0500 habitations et 2\u00a0200 entreprises initialement touch\u00e9es a retrouv\u00e9 le courant depuis, les autres pourraient ne pas le voir revenir avant jeudi, selon les autorit\u00e9s allemandes.<\/p>\n<p>\u00ab\u00a0Les d\u00e9g\u00e2ts sont consid\u00e9rables, tr\u00e8s importants\u00a0\u00bb, a expliqu\u00e9 la s\u00e9natrice pour justifier ces longs d\u00e9lais. La r\u00e9paration des c\u00e2bles s\u2019av\u00e8re en outre ralentie par les temp\u00e9ratures glaciales qui s\u00e9vissent actuellement \u00e0 Berlin, a indiqu\u00e9 de son c\u00f4t\u00e9 l\u2019op\u00e9rateur Stromnetz Berlin, en charge du r\u00e9seau \u00e9lectrique. En parall\u00e8le de ces travaux, une solution provisoire de raccordement est en cours, rapporte la cha\u00eene de t\u00e9l\u00e9vision Ntv <a href=\"https:\/\/www.n-tv.de\/panorama\/Warum-die-Reparatur-des-Stromnetzes-in-Berlin-so-lange-dauert-id30201586.html\" target=\"_blank\" rel=\"noopener\">sur son site internet<\/a>. Un chantier qualifi\u00e9 de \u00ab\u00a0complexe\u00a0\u00bb par la s\u00e9natrice, qui doit \u00eatre men\u00e9 en un temps record alors qu\u2019il dure g\u00e9n\u00e9ralement cinq semaines.\u00a0<\/p>\n<p><strong>L\u2019ombre de la Russie<\/strong>&#13;\n<\/p>\n<p>L\u2019acte de sabotage a \u00e9t\u00e9 revendiqu\u00e9 par le groupe allemand d\u2019extr\u00eame gauche appel\u00e9 Vulkangruppe (\u00ab\u00a0groupe volcan\u00a0\u00bb en fran\u00e7ais). Dans un long communiqu\u00e9 publi\u00e9 en ligne dimanche, il se f\u00e9licite que la centrale ait \u00e9t\u00e9 \u00ab\u00a0sabot\u00e9e avec succ\u00e8s\u00a0\u00bb. \u00ab\u00a0C\u2019est l\u2019\u00e9conomie des combustibles fossiles qui \u00e9tait vis\u00e9e par cette action, et non les coupures de courant\u00a0\u00bb, assure-t-il.<\/p>\n<p>Cette filiation est toutefois en attente de confirmation. Le renseignement int\u00e9rieur allemand a en effet indiqu\u00e9 lundi qu&rsquo;il analysait encore l&rsquo;authenticit\u00e9 de la lettre de revendication, selon une porte-parole du minist\u00e8re de l&rsquo;Int\u00e9rieur. Car l\u2019attaque pourrait bien porter en r\u00e9alit\u00e9 le sceau de la Russie.<\/p>\n<p>Pour le d\u00e9put\u00e9 conservateur Roderich Kiesewetter, expert des questions de s\u00e9curit\u00e9, cette \u00e9ventualit\u00e9 n\u2019est pas \u00e0 \u00e9carter. \u00ab\u00a0Une r\u00e9trotraduction en russe (de la lettre de revendication du Vulkangruppe) offre une bien meilleure expression que l&rsquo;allemand bancal qu&rsquo;on lit, a-t-il expliqu\u00e9 <a href=\"https:\/\/www.welt.de\/politik\/ausland\/video695bb36efb77630dac278147\/blackout-in-berlin-bekennerschreiben-aus-russland-was-ki-analysen-verraten-sollen.html\" target=\"_blank\" rel=\"noopener\">sur la cha\u00eene de t\u00e9l\u00e9vision Welt TV<\/a>. Autrement dit, soit l&rsquo;extr\u00eame gauche ne ma\u00eetrise pas correctement l&rsquo;allemand, soit elle se fait dicter quoi dire\u00a0\u00bb, estime-t-il, consid\u00e9rant que \u00ab\u00a0rien ne peut \u00eatre exclu\u00a0\u00bb pour l\u2019heure dans cette affaire.<\/p>\n<p>Plus globalement, Berlin ne cesse ces derniers mois d\u2019accuser Moscou de perp\u00e9trer des \u00ab\u00a0attaques hybrides\u00a0\u00bb en Allemagne telles que des sabotages, des cyberattaques ou encore de la d\u00e9sinformation. Un autre incident similaire est ainsi survenu il y a seulement quatre mois. En septembre, un incendie de pyl\u00f4nes \u00e9lectriques avait d\u00e9j\u00e0 priv\u00e9 de courant des dizaines de milliers d\u2019habitants de la capitale allemande. S\u2019il avait lui aussi \u00e9t\u00e9 revendiqu\u00e9 par un groupe allemand, cette fois anarchiste, beaucoup y voyaient d\u00e9j\u00e0 la main de la Russie.<\/p>\n<p><strong>Inqui\u00e9tudes sur les infrastructures allemandes<\/strong>&#13;\n<\/p>\n<p>En attendant d\u2019en savoir davantage sur les commanditaires, une chose est s\u00fbre\u00a0pour le maire de Berlin\u00a0: cette attaque montre \u00ab\u00a0une fois de plus\u00a0\u00bb que \u00ab\u00a0nos infrastructures critiques sont vuln\u00e9rables\u00a0\u00bb, a reconnu Kai Wegner, lors d\u2019une conf\u00e9rence de presse.<\/p>\n<p>Dans ce contexte, \u00ab\u00a0il est urgent de mettre en place des redondances ad\u00e9quates et de mieux prot\u00e9ger les lignes \u00e9lectriques existantes contre de tels actes de sabotage\u00a0\u00bb, a enjoint dimanche Stephan Weh, pr\u00e9sident r\u00e9gional du syndicat de police (GdP) de Berlin.<\/p>\n<p>Un avis partag\u00e9 par Kai Strunz, \u00e0 la triple casquette de docteur en ing\u00e9nierie, professeur \u00e0 l\u2019universit\u00e9 technique de Berlin et membre de l\u2019Institut des ing\u00e9nieurs \u00e9lectriciens et \u00e9lectroniciens (IEEE). Cet acte de sabotage \u00ab\u00a0d\u00e9montre que la s\u00e9curit\u00e9 du r\u00e9seau \u00e9lectrique doit \u00eatre renforc\u00e9e\u00a0\u00bb, a-t-il d\u00e9clar\u00e9 <a href=\"https:\/\/www.berliner-zeitung.de\/mensch-metropole\/berliner-stromnetz-stabil-im-alltag-schwach-bei-sabotage-li.10012726\" target=\"_blank\" rel=\"noopener\">au quotidien Berliner Zeitung<\/a>. Si 99 % des c\u00e2bles \u00e9lectriques de la capitale allemande sont enterr\u00e9s, ce qui les rend plus difficiles \u00e0 endommager, la ville compte 400 ponts \u00e0 c\u00e2bles a\u00e9riens comme celui incendi\u00e9 samedi. L\u2019expert recommande d\u2019y installer \u00ab\u00a0des gaines ignifug\u00e9es et antid\u00e9flagrantes\u00a0\u00bb afin de mieux les prot\u00e9ger.<\/p>\n<p>C\u2019est toutefois une approche globale que Kai Strunz pr\u00e9conise. \u00ab\u00a0Outre la protection de l&rsquo;infrastructure et la cr\u00e9ation de redondances, la s\u00e9curit\u00e9 passe \u00e9galement par la capacit\u00e9 \u00e0 former des r\u00e9seaux autonomes\u00a0\u00bb, souligne-t-il.\u00a0Selon lui, des syst\u00e8mes d\u00e9centralis\u00e9s de stockage et de production d&rsquo;\u00e9nergie peuvent contribuer temporairement \u00e0 la stabilit\u00e9 du r\u00e9seau et ainsi fournir de mani\u00e8re autonome la tension et la puissance \u00e9lectrique. Des mesures qui pourraient r\u00e9duire consid\u00e9rablement la probabilit\u00e9 d&rsquo;une coupure de courant \u00e0 Berlin\u2026 sans pleinement assurer le risque z\u00e9ro. \u00ab\u00a0Une panne g\u00e9n\u00e9rale ne peut \u00eatre totalement exclue \u00bb, reconna\u00eet-il.<\/p>\n","protected":false},"excerpt":{"rendered":"Alors que les temp\u00e9ratures sont n\u00e9gatives ce mardi \u00e0 Berlin, 25\u00a0000 foyers et 1\u00a0200 entreprises du sud-ouest de&hellip;\n","protected":false},"author":2,"featured_media":646279,"comment_status":"","ping_status":"","sticky":false,"template":"","format":"standard","meta":{"footnotes":""},"categories":[1587],"tags":[5734,11,672,41842,1898,1804,1805,1803,33,8722,1777,674,75196,1801,5495,12,1802,7932,12999],"class_list":{"0":"post-646278","1":"post","2":"type-post","3":"status-publish","4":"format-standard","5":"has-post-thumbnail","7":"category-allemagne","8":"tag-5734","9":"tag-actualites","10":"tag-allemagne","11":"tag-allemandes","12":"tag-berlin","13":"tag-bundesrepublik-deutschland","14":"tag-de","15":"tag-deutschland","16":"tag-economie","17":"tag-electrique","18":"tag-eu","19":"tag-europe","20":"tag-failles","21":"tag-germany","22":"tag-infrastructures","23":"tag-news","24":"tag-republique-federale-dallemagne","25":"tag-revele","26":"tag-sabotage"},"share_on_mastodon":{"url":"https:\/\/pubeurope.com\/@fr\/115851893522339067","error":""},"_links":{"self":[{"href":"https:\/\/www.europesays.com\/fr\/wp-json\/wp\/v2\/posts\/646278","targetHints":{"allow":["GET"]}}],"collection":[{"href":"https:\/\/www.europesays.com\/fr\/wp-json\/wp\/v2\/posts"}],"about":[{"href":"https:\/\/www.europesays.com\/fr\/wp-json\/wp\/v2\/types\/post"}],"author":[{"embeddable":true,"href":"https:\/\/www.europesays.com\/fr\/wp-json\/wp\/v2\/users\/2"}],"replies":[{"embeddable":true,"href":"https:\/\/www.europesays.com\/fr\/wp-json\/wp\/v2\/comments?post=646278"}],"version-history":[{"count":0,"href":"https:\/\/www.europesays.com\/fr\/wp-json\/wp\/v2\/posts\/646278\/revisions"}],"wp:featuredmedia":[{"embeddable":true,"href":"https:\/\/www.europesays.com\/fr\/wp-json\/wp\/v2\/media\/646279"}],"wp:attachment":[{"href":"https:\/\/www.europesays.com\/fr\/wp-json\/wp\/v2\/media?parent=646278"}],"wp:term":[{"taxonomy":"category","embeddable":true,"href":"https:\/\/www.europesays.com\/fr\/wp-json\/wp\/v2\/categories?post=646278"},{"taxonomy":"post_tag","embeddable":true,"href":"https:\/\/www.europesays.com\/fr\/wp-json\/wp\/v2\/tags?post=646278"}],"curies":[{"name":"wp","href":"https:\/\/api.w.org\/{rel}","templated":true}]}}