{"id":646285,"date":"2026-01-07T04:21:12","date_gmt":"2026-01-07T04:21:12","guid":{"rendered":"https:\/\/www.europesays.com\/fr\/646285\/"},"modified":"2026-01-07T04:21:12","modified_gmt":"2026-01-07T04:21:12","slug":"donald-trump-etudie-plusieurs-options-pour-semparer-du-groenland-y-compris-utiliser-larmee","status":"publish","type":"post","link":"https:\/\/www.europesays.com\/fr\/646285\/","title":{"rendered":"Donald Trump \u00e9tudie \u00abplusieurs options\u00bb pour s\u2019emparer du Groenland, y compris \u00abutiliser l\u2019arm\u00e9e\u00bb"},"content":{"rendered":"<p>\n    Emmanuel Macron a de son c\u00f4t\u00e9 d\u00e9clar\u00e9 ne pas imaginer les \u00c9tats-Unis \u00abvioler la souverainet\u00e9 danoise\u00bb, alors que plusieurs pays europ\u00e9ens ont publi\u00e9 une d\u00e9claration commune mardi pour apporter leur soutien au Danemark.<\/p>\n<p class=\"fig-paragraph\"><a href=\"http:\/\/www.lefigaro.fr\/international\/le-groenland-n-est-il-vraiment-defendu-que-par-des-traineaux-a-chiens-comme-le-pretend-donald-trump-20260106\" target=\"_blank\" data-fig-type=\"NewsFlash\" rel=\"noopener\" data-gtm-custom-categorie=\"navigation\" data-gtm-custom-action=\"crossclick\" data-gtm-custom-label=\"Contextuel\" data-gtm-event=\"customEventSPE\" data-fig-domain=\"LEFIGARO\">Donald Trump<\/a>\u00a0\u00e9tudie \u00abplusieurs options\u00bb pour acqu\u00e9rir le\u00a0<a href=\"http:\/\/www.lefigaro.fr\/international\/personne-n-est-pret-a-se-battre-contre-les-etats-unis-que-ferait-l-otan-en-cas-d-attaque-americaine-au-groenland-20260106\" target=\"_blank\" data-fig-type=\"Article\" rel=\"noopener\" data-gtm-custom-categorie=\"navigation\" data-gtm-custom-action=\"crossclick\" data-gtm-custom-label=\"Contextuel\" data-gtm-event=\"customEventSPE\" data-fig-domain=\"LEFIGARO\">Groenland<\/a>, y compris \u00abutiliser l\u2019arm\u00e9e\u00bb, a d\u00e9clar\u00e9 sa porte-parole mardi, de quoi attiser encore l\u2019inqui\u00e9tude en Europe sur le sort de l\u2019\u00eele arctique, territoire autonome danois.<\/p>\n<p class=\"fig-paragraph\">Le pr\u00e9sident am\u00e9ricain \u00aba fait savoir clairement qu&rsquo;acqu\u00e9rir le Groenland \u00e9tait une priorit\u00e9 de s\u00e9curit\u00e9 nationale pour les \u00c9tats-Unis et c&rsquo;est vital pour tenir en respect nos adversaires dans la r\u00e9gion arctique. Le pr\u00e9sident et son \u00e9quipe discutent de plusieurs options pour remplir cet objectif important de politique \u00e9trang\u00e8re, et bien s\u00fbr, utiliser l&rsquo;arm\u00e9e am\u00e9ricaine est toujours une option \u00e0 la disposition du commandant en chef\u00bb, a-t-elle fait savoir dans une d\u00e9claration transmise \u00e0 l&rsquo;AFP.<\/p>\n<p>                                            <a class=\"fig-a11y-skip\" href=\"#fig-a11y-skip-main-inarticle\" data-module=\"a11y-skip\" data-context=\"was @visible\"><br \/>\n    Passer la publicit\u00e9<br \/>\n<\/a>            <\/p>\n<p class=\"fig-paragraph\">Le pr\u00e9sident fran\u00e7ais Emmanuel Macron a dit ne pas imaginer les \u00c9tats-Unis \u00abvioler la souverainet\u00e9 danoise\u00bb alors que la France et plusieurs pays europ\u00e9ens ont publi\u00e9 une d\u00e9claration commune mardi pour apporter leur soutien au pays dirig\u00e9 par Mette Frederiksen. Une rencontre avec le secr\u00e9taire d\u2019\u00c9tat am\u00e9ricain Marco Rubio a par ailleurs \u00e9t\u00e9 sollicit\u00e9e par le Groenland et le Danemark afin de \u00abdissiper certains malentendus\u00bb selon le chef de la diplomatie danoise Lars L\u00f8kke Rasmussen.<\/p>\n<p class=\"fig-body-link\">\n            \u00c0 lire aussi<br \/>\n        <a class=\"fig-body-link__link fig-premium-mark\" href=\"http:\/\/www.lefigaro.fr\/international\/le-groenland-n-est-il-vraiment-defendu-que-par-des-traineaux-a-chiens-comme-le-pretend-donald-trump-20260106\" target=\"_blank\" data-fig-type=\"NewsFlash\" rel=\"noopener\" data-gtm-custom-categorie=\"navigation\" data-gtm-custom-action=\"crossclick\" data-gtm-custom-label=\"Contextuel\" data-gtm-event=\"customEventSPE\" data-fig-domain=\"LEFIGARO\"><\/p>\n<p>        Le Groenland n\u2019est-il vraiment d\u00e9fendu que par des tra\u00eeneaux \u00e0 chiens, comme le pr\u00e9tend Donald Trump\u00a0?<br \/>\n    <\/a>\n<\/p>\n<p>                                            \u00abNous veillons sur le royaume\u00bb<\/p>\n<p class=\"fig-paragraph\">Ce dernier a par ailleurs indiqu\u00e9 qu\u2019une attaque am\u00e9ricaine contre l\u2019un des membres de l\u2019Alliance signifierait \u00abla fin de tout\u00bb, notamment l\u2019ordre de s\u00e9curit\u00e9 mondial \u00e9tabli \u00e0 la fin de la Seconde Guerre mondiale. \u00abIl ne s\u2019agit pas seulement d\u2019un conflit avec le Royaume du Danemark (&#8230;) mais bien avec l\u2019Europe tout enti\u00e8re\u00bb, a pr\u00e9venu la premi\u00e8re ministre danoise \u00e0 la t\u00e9l\u00e9vision DR.<\/p>\n<p class=\"fig-paragraph\">Nuuk et Copenhague contestent en particulier l\u2019argument r\u00e9current de Donald Trump selon lequel il lui faudrait agir contre l\u2019omnipr\u00e9sence de la Chine au Groenland. \u00abNous ne partageons pas cette id\u00e9e selon laquelle le Groenland serait couvert d\u2019investissements chinois\u00bb, a poursuivi Lars L\u00f8kke Rasmussen, reprochant par ailleurs au pr\u00e9sident am\u00e9ricain d\u2019avoir une \u00abmauvaise lecture\u00bb quand ce dernier \u00e9met des doutes quant \u00e0 la capacit\u00e9 du Danemark \u00e0 assurer la s\u00e9curit\u00e9 de l\u2019\u00eele.<\/p>\n<p class=\"fig-paragraph\">\u00abNous veillons sur le royaume\u00bb, a insist\u00e9 Lars L\u00f8kke, ajoutant qu\u2019il n\u2019\u00e9tait pas utile de \u00abdramatiser\u00bb les choses. Le pays scandinave a fortement investi dans la s\u00e9curit\u00e9 arctique ces douze derniers mois, allouant pour cela quelque 90 milliards de couronnes (1,2 milliard d\u2019euros).<\/p>\n<p>                                            Le prix d\u2019achat potentiel n\u2019a pas \u00e9t\u00e9 communiqu\u00e9<\/p>\n<p class=\"fig-paragraph\">Parmi les autres options discut\u00e9es par le locataire de la Maison-Blanche figurent l\u2019achat du territoire au Danemark ou la conclusion d\u2019un Pacte de libre association avec l\u2019\u00eele, selon un haut responsable am\u00e9ricain s\u2019exprimant sous couvert d\u2019anonymat cit\u00e9 par Reuters. Un tel accord mettrait un frein \u00e0 l\u2019ambition de Trump de faire de cette \u00eele de 57.000 habitants une partie int\u00e9grante des \u00c9tats-Unis. Le prix d\u2019achat potentiel n\u2019a pas \u00e9t\u00e9 communiqu\u00e9.<\/p>\n<p>                                            <a class=\"fig-a11y-skip\" href=\"#fig-a11y-skip-main-inarticle_mtf\" data-module=\"a11y-skip\" data-context=\"was @visible\"><br \/>\n    Passer la publicit\u00e9<br \/>\n<\/a>            <\/p>\n<p class=\"fig-paragraph\">\u00abLa diplomatie est toujours la premi\u00e8re option du pr\u00e9sident, quel que soit le sujet, et il adore conclure des accords. Donc, si un accord avantageux peut \u00eatre conclu pour acqu\u00e9rir le Groenland, ce serait certainement sa premi\u00e8re r\u00e9action\u00bb, a d\u00e9clar\u00e9 le responsable, qui pr\u00e9cise que Trump est impatient d\u2019un accord malgr\u00e9 les objections des dirigeants de l\u2019Otan.<\/p>\n<p class=\"fig-paragraph\">Les responsables de l\u2019administration affirment que l\u2019\u00eele est cruciale pour les \u00c9tats-Unis en raison de ses gisements de min\u00e9raux ayant d\u2019importantes applications dans les domaines de la haute technologie et de l\u2019arm\u00e9e. Ces ressources restent inexploit\u00e9es en raison de la p\u00e9nurie de main-d\u2019\u0153uvre, du manque d\u2019infrastructures et d\u2019autres d\u00e9fis.<\/p>\n","protected":false},"excerpt":{"rendered":"Emmanuel Macron a de son c\u00f4t\u00e9 d\u00e9clar\u00e9 ne pas imaginer les \u00c9tats-Unis \u00abvioler la souverainet\u00e9 danoise\u00bb, alors que&hellip;\n","protected":false},"author":2,"featured_media":646286,"comment_status":"","ping_status":"","sticky":false,"template":"","format":"standard","meta":{"footnotes":""},"categories":[2],"tags":[11,75,1011,27,146,12,25],"class_list":{"0":"post-646285","1":"post","2":"type-post","3":"status-publish","4":"format-standard","5":"has-post-thumbnail","7":"category-actualites","8":"tag-actualites","9":"tag-donald-trump","10":"tag-fr","11":"tag-france","12":"tag-groenland","13":"tag-news","14":"tag-republique-francaise"},"share_on_mastodon":{"url":"https:\/\/pubeurope.com\/@fr\/115851905185561764","error":""},"_links":{"self":[{"href":"https:\/\/www.europesays.com\/fr\/wp-json\/wp\/v2\/posts\/646285","targetHints":{"allow":["GET"]}}],"collection":[{"href":"https:\/\/www.europesays.com\/fr\/wp-json\/wp\/v2\/posts"}],"about":[{"href":"https:\/\/www.europesays.com\/fr\/wp-json\/wp\/v2\/types\/post"}],"author":[{"embeddable":true,"href":"https:\/\/www.europesays.com\/fr\/wp-json\/wp\/v2\/users\/2"}],"replies":[{"embeddable":true,"href":"https:\/\/www.europesays.com\/fr\/wp-json\/wp\/v2\/comments?post=646285"}],"version-history":[{"count":0,"href":"https:\/\/www.europesays.com\/fr\/wp-json\/wp\/v2\/posts\/646285\/revisions"}],"wp:featuredmedia":[{"embeddable":true,"href":"https:\/\/www.europesays.com\/fr\/wp-json\/wp\/v2\/media\/646286"}],"wp:attachment":[{"href":"https:\/\/www.europesays.com\/fr\/wp-json\/wp\/v2\/media?parent=646285"}],"wp:term":[{"taxonomy":"category","embeddable":true,"href":"https:\/\/www.europesays.com\/fr\/wp-json\/wp\/v2\/categories?post=646285"},{"taxonomy":"post_tag","embeddable":true,"href":"https:\/\/www.europesays.com\/fr\/wp-json\/wp\/v2\/tags?post=646285"}],"curies":[{"name":"wp","href":"https:\/\/api.w.org\/{rel}","templated":true}]}}