{"id":646295,"date":"2026-01-07T04:31:23","date_gmt":"2026-01-07T04:31:23","guid":{"rendered":"https:\/\/www.europesays.com\/fr\/646295\/"},"modified":"2026-01-07T04:31:23","modified_gmt":"2026-01-07T04:31:23","slug":"cyclisme-route-dorian-godon-jai-toujours-eu-envie-daller-dans-une-equipe-etrangere","status":"publish","type":"post","link":"https:\/\/www.europesays.com\/fr\/646295\/","title":{"rendered":"Cyclisme. Route &#8211; Dorian Godon : \u00abJ\u2019ai toujours eu envie d\u2019aller dans une \u00e9quipe \u00e9trang\u00e8re\u00bb"},"content":{"rendered":"<p> Lire la suite de l&rsquo;article&#13;<\/p>\n<p>\u00a0<\/p>\n<p>&#13;<br \/>\n\u00ab\u00a0J\u2019avais envie de progresser encore\u00a0\u00bb&#13;<\/p>\n<p>De nombreux coureurs fran\u00e7ais d\u00e9cident aujourd\u2019hui de franchir le pas et de partir vers des \u00e9quipes \u00e9trang\u00e8res. C\u2019est le cas de <strong>Lenny Martinez<\/strong> (Bahrain Victorious), <strong>K\u00e9vin Vauquelin<\/strong> (INEOS Grenadiers) et donc <strong><a href=\"https:\/\/www.cyclismactu.net\/..\/news-route-dorian-godon-ineos-grenadiers-ont-modifie-leur-strategie-91042.html\" target=\"_blank\" rel=\"noopener\">Dorian Godon<\/a><\/strong> (INEOS Grenadiers), qui a expliqu\u00e9 ce choix : \u00ab\u00a0J\u2019avais envie de progresser encore. J\u2019ai vraiment progress\u00e9 cette saison-ci. J\u2019ai pass\u00e9 un bon petit cap aussi avec le maillot. Donc voil\u00e0, je pense que dans une carri\u00e8re, c\u2019est important de se remettre en question et aussi de voir ce qui se fait ailleurs. J\u2019ai toujours voulu, un jour, passer le cap et aller dans une \u00e9quipe \u00e9trang\u00e8re. Et je pense qu\u2019INEOS est vraiment la bonne \u00e9quipe. J\u2019ai eu l\u2019opportunit\u00e9, dans la saison, d\u2019\u00e9changer avec eux et j\u2019ai \u00e9t\u00e9 vite s\u00e9duit. Leur expertise sur le mat\u00e9riel, sur beaucoup de choses un peu diff\u00e9rentes, mais aussi une autre mani\u00e8re de travailler. Apr\u00e8s, on fait un switch et on commence \u00e0 bien passer \u00e0 l\u2019anglais. Donc voil\u00e0, \u00e7a s\u2019est fait en douceur au final\u00a0\u00bb, explique le champion de France.<\/p>\n<p>&#13;<\/p>\n<p>\u00ab\u00a0J\u2019ai toujours eu envie d\u2019aller dans une \u00e9quipe \u00e9trang\u00e8re\u00a0\u00bb, insiste-t-il. \u00ab\u00a0Mais l\u00e0, ils ont vraiment un peu chang\u00e9. Ils sont plus agressifs sur certaines courses. La mani\u00e8re de voir les choses, tout \u00e7a, \u00e7a m\u2019a vraiment plu. Leur approche scientifique est connue depuis des ann\u00e9es dans le v\u00e9lo et je pense que \u00e7a peut \u00eatre une plus-value pour la performance aujourd\u2019hui. Le cyclisme a chang\u00e9, c\u2019est beaucoup centr\u00e9 sur la position, l\u2019a\u00e9ro, le focus. Et ils ont les armes pour \u00e7a. Si je veux progresser, c\u2019est la bonne voie\u00a0\u00bb, d\u00e9clare <strong>Godon<\/strong>.<\/p>\n<p>&#13;<\/p>\n<p>\u00a0<\/p>\n<p>&#13;<br \/>\n\u00ab\u00a0K\u00e9vin Vauquelin ? Il sait ce qu\u2019il veut\u00a0\u00bb&#13;<\/p>\n<p>Le champion de France aux Herbiers va donc retrouver <strong>K\u00e9vin Vauquelin<\/strong> et <strong>Axel Laurance<\/strong> au sein de l\u2019\u00e9quipe britannique. \u00ab\u00a0On s\u2019\u00e9tait d\u00e9j\u00e0 vus un peu au mois d\u2019octobre\u00a0\u00bb, d\u00e9voile le coureur de 29 ans \u00e0 propos de <strong>K\u00e9vin Vauquelin<\/strong>. \u00ab\u00a0On a d\u00e9j\u00e0 discut\u00e9 sur les courses, m\u00eame si parfois on n\u2019a pas trop le temps. Franchement, c\u2019est un mec super pos\u00e9, calme. Il sait ce qu\u2019il veut. Tout se passe bien. Chacun est tr\u00e8s content d\u2019\u00eatre arriv\u00e9 dans l\u2019\u00e9quipe. On a \u00e9t\u00e9 tr\u00e8s bien accueillis, tout le monde bosse bien, il y a une super ambiance sur ce stage. On est tr\u00e8s contents de notre choix.\u00a0\u00bb<\/p>\n<p>&#13;<\/p>\n<p>Le programme du natif de Vitry-sur-Seine n\u2019a pas encore \u00e9t\u00e9 d\u00e9voil\u00e9 : \u00ab\u00a0\u00c7a va venir d\u2019ici la fin du stage, je devrais avoir une r\u00e9union pour d\u00e9finir mon programme. Mais je pense que sur certaines courses, j\u2019aurai ma carte \u00e0 jouer pour gagner, une \u00e9tape sur une course d\u2019une semaine ou ce genre d\u2019\u00e9preuves. J\u2019aurai encore pas mal de libert\u00e9. Sur un Grand Tour, c\u2019est diff\u00e9rent : parfois, tout est ax\u00e9 sur un leader pour le g\u00e9n\u00e9ral. \u00c7a d\u00e9pendra de la strat\u00e9gie de l\u2019\u00e9quipe. On n\u2019en a pas encore discut\u00e9. Affaire \u00e0 suivre.\u00a0\u00bb<\/p>\n<p>&#13;<\/p>\n<p>L\u2019objectif sera donc clair pour <strong>Dorian Godon<\/strong> en 2026 : gagner le plus possible sous ses nouvelles couleurs.<\/p>\n","protected":false},"excerpt":{"rendered":"Lire la suite de l&rsquo;article&#13; \u00a0 &#13; \u00ab\u00a0J\u2019avais envie de progresser encore\u00a0\u00bb&#13; De nombreux coureurs fran\u00e7ais d\u00e9cident aujourd\u2019hui&hellip;\n","protected":false},"author":2,"featured_media":646296,"comment_status":"","ping_status":"","sticky":false,"template":"","format":"standard","meta":{"footnotes":""},"categories":[1411],"tags":[1154,207,211,1011,27,209,60,210,212,208,213],"class_list":{"0":"post-646295","1":"post","2":"type-post","3":"status-publish","4":"format-standard","5":"has-post-thumbnail","7":"category-cyclisme","8":"tag-cycling","9":"tag-cyclisme","10":"tag-ffc","11":"tag-fr","12":"tag-france","13":"tag-route","14":"tag-sports","15":"tag-tour-de-france","16":"tag-uci","17":"tag-velo","18":"tag-world-tour"},"share_on_mastodon":{"url":"https:\/\/pubeurope.com\/@fr\/115851944462944737","error":""},"_links":{"self":[{"href":"https:\/\/www.europesays.com\/fr\/wp-json\/wp\/v2\/posts\/646295","targetHints":{"allow":["GET"]}}],"collection":[{"href":"https:\/\/www.europesays.com\/fr\/wp-json\/wp\/v2\/posts"}],"about":[{"href":"https:\/\/www.europesays.com\/fr\/wp-json\/wp\/v2\/types\/post"}],"author":[{"embeddable":true,"href":"https:\/\/www.europesays.com\/fr\/wp-json\/wp\/v2\/users\/2"}],"replies":[{"embeddable":true,"href":"https:\/\/www.europesays.com\/fr\/wp-json\/wp\/v2\/comments?post=646295"}],"version-history":[{"count":0,"href":"https:\/\/www.europesays.com\/fr\/wp-json\/wp\/v2\/posts\/646295\/revisions"}],"wp:featuredmedia":[{"embeddable":true,"href":"https:\/\/www.europesays.com\/fr\/wp-json\/wp\/v2\/media\/646296"}],"wp:attachment":[{"href":"https:\/\/www.europesays.com\/fr\/wp-json\/wp\/v2\/media?parent=646295"}],"wp:term":[{"taxonomy":"category","embeddable":true,"href":"https:\/\/www.europesays.com\/fr\/wp-json\/wp\/v2\/categories?post=646295"},{"taxonomy":"post_tag","embeddable":true,"href":"https:\/\/www.europesays.com\/fr\/wp-json\/wp\/v2\/tags?post=646295"}],"curies":[{"name":"wp","href":"https:\/\/api.w.org\/{rel}","templated":true}]}}