{"id":646303,"date":"2026-01-07T04:36:17","date_gmt":"2026-01-07T04:36:17","guid":{"rendered":"https:\/\/www.europesays.com\/fr\/646303\/"},"modified":"2026-01-07T04:36:17","modified_gmt":"2026-01-07T04:36:17","slug":"cyril-hanouna-na-visiblement-pas-pris-la-reso","status":"publish","type":"post","link":"https:\/\/www.europesays.com\/fr\/646303\/","title":{"rendered":"Cyril Hanouna n\u2019a visiblement pas pris la r\u00e9so &#8230;"},"content":{"rendered":"<p>Mardi 6 janvier 2026, le journaliste Cyril Lacarri\u00e8re a consacr\u00e9<br \/>\nson \u00e9dito m\u00e9dia \u00e0 Cyril Hanouna dans <a href=\"https:\/\/www.telestar.fr\/actu_tv\/france-inter-un-ancien-gagnant-de-la-star-ac-arrive-dans-la-matinale-et-il-a-carte-blanche-1735769\" target=\"_blank\" rel=\"noopener\"><br \/>\nla matinale de France Inter<\/a>. \u00ab\u00a0Est-ce que vous avez entendu<br \/>\nce calme ? Depuis le 1er septembre, Cyril Hanouna est sur W9 et<br \/>\nrien. <strong>Pas une pol\u00e9mique, pas une mise en garde de<br \/>\nl&rsquo;Arcom.<\/strong>\u00a0Pas une petite remise en cause de l&rsquo;\u00e9tat de<br \/>\ndroit, rien. Et pourtant, Cyril Hanouna a gard\u00e9 tous ses fanzouzes,<br \/>\ndisons presque tous\u00a0\u00bb, a-t-il premi\u00e8rement lanc\u00e9<\/p>\n<p>\u00ab\u00a0Il ne lui a fallu que 3 mois pour franchir \u00e0 nouveau le cap<br \/>\ndes 2 millions de t\u00e9l\u00e9spectateurs et revenir dans le match des<br \/>\ntalk-shows de d\u00e9but de soir\u00e9e. <strong>R\u00e9ussite aussi \u00e0 la<br \/>\nradio.<\/strong> Puisqu&rsquo;il a permis \u00e0 Fun Radio o\u00f9 il officie aussi<br \/>\nl&rsquo;apr\u00e8s-midi de faire grimper la part d&rsquo;audience de sa tranche de<br \/>\n20%, pas mal pour un calme. Alors pourquoi a-t-il chang\u00e9 ?\u00a0\u00bb, a<br \/>\nensuite ajout\u00e9 Cyril Lacarri\u00e8re.<\/p>\n<p>Cyril Lacarri\u00e8re : \u00ab\u00a0Le big boss de M6 avait dit que Cyril<br \/>\nHanouna ne ferait pas de pol\u00e9miques et jusqu&rsquo;ici \u00e7a tient\u00a0\u00bb<\/p>\n<p>\u00ab\u00a0D\u00e9j\u00e0, il est pragmatique. <strong>Quoi qu&rsquo;on dise de sa<br \/>\npuissance, il devait sauver sa peau<\/strong>. Atterrir sur CStar,<br \/>\n\u00e7a aurait \u00e9t\u00e9 humiliant pour lui. Et puis, M6, ce n&rsquo;est pas C8, ce<br \/>\nn&rsquo;est pas une cha\u00eene o\u00f9 on se f\u00e2che avec les gens. On d\u00e9teste les<br \/>\npol\u00e9miques incontr\u00f4lables. Le big boss de M6 avait dit que Cyril<br \/>\nHanouna ne ferait pas de pol\u00e9miques et jusqu&rsquo;ici \u00e7a tient. Hanouna<br \/>\nest revenu \u00e0 ce qu&rsquo;il fait mieux que tout le monde, du pur<br \/>\ndivertissement\u00a0\u00bb, a \u00e9galement soulign\u00e9 le chroniqueur de France<br \/>\nInter.<\/p>\n<p>\u00ab\u00a0L&rsquo;autre raison du changement, c&rsquo;est que l&rsquo;animateur n&rsquo;est<br \/>\nplus le seul ma\u00eetre \u00e0 bord. Il a des patrons. M\u00eame lui, il a des<br \/>\npatrons. Des patrons qui vendent sa libert\u00e9 d&rsquo;ailleurs,<br \/>\n<strong>tant qu&rsquo;il reste dans les clous<\/strong>. Au fond, comme \u00e0<br \/>\nl&rsquo;\u00e9poque o\u00f9 <a href=\"https:\/\/www.telestar.fr\/actu-tv\/tpmp\/d8-devient-c8-le-5-septembre-prochain-decouvrez-les-grandes-lignes-de-la-rentree-photos-226510\" target=\"_blank\" rel=\"noopener\"><br \/>\nC8 s&rsquo;appelait encore D8<\/a>. (&#8230;) Cyril Hanouna est une marque.<br \/>\nSans doute l&rsquo;animateur le plus populaire de France. (&#8230;) Son<br \/>\npublic l&rsquo;aime sinc\u00e8rement\u00a0\u00bb, a par ailleurs pr\u00e9cis\u00e9 le<br \/>\njournaliste m\u00e9dia.<\/p>\n","protected":false},"excerpt":{"rendered":"Mardi 6 janvier 2026, le journaliste Cyril Lacarri\u00e8re a consacr\u00e9 son \u00e9dito m\u00e9dia \u00e0 Cyril Hanouna dans la&hellip;\n","protected":false},"author":2,"featured_media":646304,"comment_status":"","ping_status":"","sticky":false,"template":"","format":"standard","meta":{"footnotes":""},"categories":[1356],"tags":[548,1083,58,59,1011,27,252,1364],"class_list":{"0":"post-646303","1":"post","2":"type-post","3":"status-publish","4":"format-standard","5":"has-post-thumbnail","7":"category-television","8":"tag-article-simple","9":"tag-cyril-hanouna","10":"tag-divertissement","11":"tag-entertainment","12":"tag-fr","13":"tag-france","14":"tag-television","15":"tag-tv"},"share_on_mastodon":{"url":"https:\/\/pubeurope.com\/@fr\/115851964191557504","error":""},"_links":{"self":[{"href":"https:\/\/www.europesays.com\/fr\/wp-json\/wp\/v2\/posts\/646303","targetHints":{"allow":["GET"]}}],"collection":[{"href":"https:\/\/www.europesays.com\/fr\/wp-json\/wp\/v2\/posts"}],"about":[{"href":"https:\/\/www.europesays.com\/fr\/wp-json\/wp\/v2\/types\/post"}],"author":[{"embeddable":true,"href":"https:\/\/www.europesays.com\/fr\/wp-json\/wp\/v2\/users\/2"}],"replies":[{"embeddable":true,"href":"https:\/\/www.europesays.com\/fr\/wp-json\/wp\/v2\/comments?post=646303"}],"version-history":[{"count":0,"href":"https:\/\/www.europesays.com\/fr\/wp-json\/wp\/v2\/posts\/646303\/revisions"}],"wp:featuredmedia":[{"embeddable":true,"href":"https:\/\/www.europesays.com\/fr\/wp-json\/wp\/v2\/media\/646304"}],"wp:attachment":[{"href":"https:\/\/www.europesays.com\/fr\/wp-json\/wp\/v2\/media?parent=646303"}],"wp:term":[{"taxonomy":"category","embeddable":true,"href":"https:\/\/www.europesays.com\/fr\/wp-json\/wp\/v2\/categories?post=646303"},{"taxonomy":"post_tag","embeddable":true,"href":"https:\/\/www.europesays.com\/fr\/wp-json\/wp\/v2\/tags?post=646303"}],"curies":[{"name":"wp","href":"https:\/\/api.w.org\/{rel}","templated":true}]}}