{"id":646305,"date":"2026-01-07T04:37:12","date_gmt":"2026-01-07T04:37:12","guid":{"rendered":"https:\/\/www.europesays.com\/fr\/646305\/"},"modified":"2026-01-07T04:37:12","modified_gmt":"2026-01-07T04:37:12","slug":"pierre-perret-ce-nest-pas-rejouissant-le-chanteur-est-eloigne-de-ses-enfants-et-petits-enfants-quil-ne-voit-jamais","status":"publish","type":"post","link":"https:\/\/www.europesays.com\/fr\/646305\/","title":{"rendered":"Pierre Perret : \u00ab\u00a0Ce n&rsquo;est pas r\u00e9jouissant&#8230;\u00a0\u00bb, le chanteur est \u00e9loign\u00e9 de ses enfants et petits-enfants, qu\u2019il ne voit jamais"},"content":{"rendered":"<p>La suite apr\u00e8s la publicit\u00e9<\/p>\n<p>Le d\u00e9but de l\u2019ann\u00e9e 2026 est tr\u00e8s difficile pour <a href=\"https:\/\/www.purepeople.com\/people\/pierre-perret_p2243\" target=\"_blank\" rel=\"noopener\">Pierre Perret<\/a>, puisqu\u2019il a d\u2019abord d\u00fb faire ses adieux \u00e0 son \u00e9pouse de longue date. Apr\u00e8s plus de soixante ans pass\u00e9s aux c\u00f4t\u00e9s du chanteur, <a href=\"https:\/\/www.purepeople.com\/article\/tout-a-bascule-en-une-dizaine-de-jours-rebecca-la-femme-de-pierre-perret-a-pousse-son-dernier-souffle-apres-un-evenement-inattendu_a546147\/1\" target=\"_blank\" rel=\"noopener\">Rebecca s\u2019est \u00e9teinte dans la nuit du 3 au 4 janvier dernier<\/a>, laissant derri\u00e8re elle un artiste qui va devoir apprendre \u00e0 se reconstruire. <strong>Comme Pierre Perret l\u2019a fait savoir \u00e0 plusieurs reprises, il ne pourra pas compter sur la pr\u00e9sence de ses enfants.<\/strong> Le couple a eu trois enfants : Julie, n\u00e9e en 1963 et d\u00e9c\u00e9d\u00e9e en 1995, ainsi qu\u2019Anne et Alain, n\u00e9s en 1962. Toutefois, le chanteur s\u2019\u00e9tait d\u00e9j\u00e0 confi\u00e9 \u00e0 leur sujet, indiquant ne plus avoir aucun contact avec eux.<\/p>\n<p>Dans les colonnes de Gala en 2019, Pierre Perret avait fait des confidences en toute transparence \u00e0 ce propos. Il avait notamment confi\u00e9 subir cette situation.<strong> \u00ab\u00a0Ils ne sont plus tr\u00e8s jeunes, ils ont d\u00e9j\u00e0 la trentaine. Ils sont diss\u00e9min\u00e9s un peu partout, \u00e0 l\u2019autre bout du monde, je ne les vois pas. Ils ne donnent pas de nouvelles\u00a0\u00bb<\/strong>, avait indiqu\u00e9 le chanteur. Il avait pr\u00e9cis\u00e9 ne pas savoir s\u2019il avait des arri\u00e8re-petits-enfants, ajoutant qu\u2019il n\u2019\u00e9tait pas \u00e0 l\u2019origine de cette d\u00e9cision radicale. \u201c\u00c7a ne vient pas de moi. Mais vous ne pouvez pas les forcer. Ce n\u2019est pas r\u00e9jouissant\u00a0\u00bb, a-t-il poursuivi, tr\u00e8s pein\u00e9.<\/p>\n<p>Pierre Perret aimerait que la situation soit tr\u00e8s diff\u00e9rente.<strong> Toutefois, le chanteur avait affirm\u00e9 subir cette distance, ajoutant qu\u2019il avait \u00e9t\u00e9 d\u00e9laiss\u00e9 par ses enfants alors qu\u2019il a toujours essay\u00e9 d\u2019\u00eatre un p\u00e8re tr\u00e8s pr\u00e9sent.<\/strong><strong> <\/strong>\u201cPendant des d\u00e9cennies enti\u00e8res, j\u2019ai fait 150 \u00e0 200 concerts par an, mais je m\u2019organisais pour \u00eatre disponible pendant les vacances scolaires\u201d, a-t-il fait savoir lors de cette interview. Conscient que sa carri\u00e8re lui prenait beaucoup de temps, Pierre Perret a adapt\u00e9 son planning afin de <a href=\"https:\/\/www.purepeople.com\/article\/pierre-perret-sans-nouvelles-de-ses-petits-enfants-il-ne-sait-meme-pas-s-il-est-arriere-grand-pere-ses-tristes-aveux_a525202\/1\" target=\"_blank\" rel=\"noopener\">ne manquer aucune occasion d\u2019\u00eatre pr\u00e9sent pour ses enfants<\/a>.<strong> \u201cJe bloquais tout pour eux. On leur a fait faire le tour du monde. Je voulais les ouvrir \u00e0 d\u2019autres cultures\u00a0\u00bb, <\/strong>a-t-il conclu.<\/p>\n<p><strong>Pierre Perret : un p\u00e8re qui voulait prot\u00e9ger ses enfants de la m\u00e9diatisation<\/strong><\/p>\n<p>Personnalit\u00e9 publique, Pierre Perret est bien conscient que <a href=\"https:\/\/www.purepeople.com\/article\/pierre-perret-pourquoi-il-refuse-desormais-de-parler-de-ses-enfants_a439306\/1\" target=\"_blank\" rel=\"noopener\">ses choix n\u2019\u00e9taient pas forc\u00e9ment ceux de ses enfants<\/a>, et il n\u2019a jamais souhait\u00e9 les leur imposer. Dans les colonnes de Paris Match en 2014, il avait d\u00e9clar\u00e9 ne pas souhaiter parler publiquement d\u2019Alain et d\u2019Anne, puisque c\u2019\u00e9tait leur souhait. <strong>\u201cMes deux enfants \u00e9voluent dans des domaines totalement diff\u00e9rents du mien. Ils ne souhaitent pas que je parle d\u2019eux et je respecte leur volont\u00e9\u201d,<\/strong> avait-il affirm\u00e9, ajoutant par la suite qu\u2019il comprenait pleinement cette d\u00e9cision. \u00ab\u00a0Quand vous \u00eates les enfants ou les petits-enfants de gens connus, vous \u00eates emmerd\u00e9s sans arr\u00eat parce qu&rsquo;on vous pose sans arr\u00eat des questions\u00a0\u00bb, a-t-il conclu.<\/p>\n","protected":false},"excerpt":{"rendered":"La suite apr\u00e8s la publicit\u00e9 Le d\u00e9but de l\u2019ann\u00e9e 2026 est tr\u00e8s difficile pour Pierre Perret, puisqu\u2019il a&hellip;\n","protected":false},"author":2,"featured_media":646306,"comment_status":"","ping_status":"","sticky":false,"template":"","format":"standard","meta":{"footnotes":""},"categories":[1355],"tags":[58,59,1011,27,1361,873],"class_list":{"0":"post-646305","1":"post","2":"type-post","3":"status-publish","4":"format-standard","5":"has-post-thumbnail","7":"category-musique","8":"tag-divertissement","9":"tag-entertainment","10":"tag-fr","11":"tag-france","12":"tag-music","13":"tag-musique"},"share_on_mastodon":{"url":"https:\/\/pubeurope.com\/@fr\/115851968154265554","error":""},"_links":{"self":[{"href":"https:\/\/www.europesays.com\/fr\/wp-json\/wp\/v2\/posts\/646305","targetHints":{"allow":["GET"]}}],"collection":[{"href":"https:\/\/www.europesays.com\/fr\/wp-json\/wp\/v2\/posts"}],"about":[{"href":"https:\/\/www.europesays.com\/fr\/wp-json\/wp\/v2\/types\/post"}],"author":[{"embeddable":true,"href":"https:\/\/www.europesays.com\/fr\/wp-json\/wp\/v2\/users\/2"}],"replies":[{"embeddable":true,"href":"https:\/\/www.europesays.com\/fr\/wp-json\/wp\/v2\/comments?post=646305"}],"version-history":[{"count":0,"href":"https:\/\/www.europesays.com\/fr\/wp-json\/wp\/v2\/posts\/646305\/revisions"}],"wp:featuredmedia":[{"embeddable":true,"href":"https:\/\/www.europesays.com\/fr\/wp-json\/wp\/v2\/media\/646306"}],"wp:attachment":[{"href":"https:\/\/www.europesays.com\/fr\/wp-json\/wp\/v2\/media?parent=646305"}],"wp:term":[{"taxonomy":"category","embeddable":true,"href":"https:\/\/www.europesays.com\/fr\/wp-json\/wp\/v2\/categories?post=646305"},{"taxonomy":"post_tag","embeddable":true,"href":"https:\/\/www.europesays.com\/fr\/wp-json\/wp\/v2\/tags?post=646305"}],"curies":[{"name":"wp","href":"https:\/\/api.w.org\/{rel}","templated":true}]}}