{"id":646313,"date":"2026-01-07T04:41:13","date_gmt":"2026-01-07T04:41:13","guid":{"rendered":"https:\/\/www.europesays.com\/fr\/646313\/"},"modified":"2026-01-07T04:41:13","modified_gmt":"2026-01-07T04:41:13","slug":"michel-mary-un-tueur-a-gages-a-voulu-eliminer-le-chroniqueur-de-tbt9","status":"publish","type":"post","link":"https:\/\/www.europesays.com\/fr\/646313\/","title":{"rendered":"Michel Mary : un tueur \u00e0 gages a voulu \u00e9liminer le chroniqueur de TBT9"},"content":{"rendered":"<p>Si Michel Mary officie depuis plusieurs ann\u00e9es dans la quotidienne de <a href=\"https:\/\/www.public.fr\/tag\/cyril-hanouna\" target=\"_blank\" rel=\"noopener\">Cyril Hanouna<\/a>, <a href=\"https:\/\/www.public.fr\/il-ny-aura-pas-de-fin-michel-mary-lache-une-bombe-sur-lavenir-de-touche-pas-a-mon-poste\" target=\"_blank\" rel=\"noopener\">le journaliste sp\u00e9cialiste des faits divers<\/a> aurait pu ne plus jamais intervenir dans l\u2019\u00e9mission si <strong>un tueur \u00e0 gages \u00e9tait arriv\u00e9 \u00e0 ses fins.<\/strong> En effet, le chroniqueur de <strong><a href=\"https:\/\/www.public.fr\/tag\/tout-beau-tout-9\" target=\"_blank\" rel=\"noopener\">TBT9<\/a><\/strong> a \u00e9t\u00e9 la cible d\u2019un tueur \u00e0 gages comme l\u2019a r\u00e9v\u00e9l\u00e9 le principal int\u00e9ress\u00e9 ce mardi 6 janvier 2026.\u00a0<\/p>\n<p>Depuis l\u2019automne 2022, <a href=\"https:\/\/vsd.fr\/59286-%E2%81%A0%E2%81%A0michel-mary-le-chroniqueur-de-tpmp-confronte-a-la-mort-tragique-de-sa-fille\/\" target=\"_blank\" rel=\"noopener\">le journaliste du Nouveau D\u00e9tective<\/a> intervient de mani\u00e8re r\u00e9currente dans le programme de \u00ab\u00a0Baba\u00a0\u00bb. Son calme et ses nombreuses informations li\u00e9es aux faits divers ont convaincu l\u2019animateur qui le fait d\u00e9sormais intervenir chaque soir dans sa quotidienne pour justement \u00e9voquer l\u2019actualit\u00e9 peu joyeuse li\u00e9e aux disparitions et \u00e0 certains drames.\u00a0<\/p>\n<p>Des drames auxquels Michel Mary a failli lui-m\u00eame \u00eatre li\u00e9. En effet, ce mardi 6 janvier 2025, le journaliste a fait une terrible r\u00e9v\u00e9lation qui a surpris Cyril Hanouna et ses \u00e9quipes. Il a en effet \u00e9t\u00e9 <strong>lui-m\u00eame la cible d\u2019un tueur \u00e0 gages qu\u2019il avait \u00ab\u00a0charg\u00e9\u00a0\u00bb dans l\u2019un de ses papiers<\/strong>.<\/p>\n<p>Michel Mary li\u00e9 \u00e0 une affaire qui date de 1998<\/p>\n<p>Selon les dires du journaliste sp\u00e9cialiste des faits divers, l\u2019affaire d\u00e9bute le 10 mars 1998 dans le XIII\u1d49 arrondissement de Paris. Ce jour-l\u00e0, <strong>une femme enceinte de cinq mois est prise pour cible par un tireur<\/strong> alors qu\u2019elle se trouve dans un parking. Touch\u00e9e par une balle \u00e0 la t\u00eate, elle survit \u00e0 l\u2019attaque mais perd l\u2019enfant qu\u2019elle portait. L\u2019enqu\u00eate s\u2019ouvre imm\u00e9diatement mais \u00e0 l\u2019\u00e9poque, les techniques d\u2019identification ADN ne permettent pas d\u2019exploiter pleinement les indices retrouv\u00e9s sur place, notamment un gant abandonn\u00e9 par l\u2019auteur des faits.<\/p>\n<p>Il va finalement falloir attendre huit ans pour que l\u2019enqu\u00eate progresse. En 2006, gr\u00e2ce \u00e0 l\u2019\u00e9volution des m\u00e9thodes scientifiques, <strong>l\u2019ADN pr\u00e9lev\u00e9 permet d\u2019identifier le tireur<\/strong>. L\u2019homme, pr\u00e9nomm\u00e9 Michel, selon Michel Mary qui n\u2019a pas souhait\u00e9 d\u00e9voiler son nom de famille, et \u00e2g\u00e9 de 42 ans au moment des faits, est interpell\u00e9 en Espagne. Les investigations r\u00e9v\u00e8lent qu\u2019il \u00e9volue dans le milieu du grand banditisme et qu\u2019il a agi en tant que tueur \u00e0 gages. L\u2019attaque s\u2019inscrit dans le cadre d\u2019un crime commandit\u00e9.<\/p>\n<p>Les enqu\u00eateurs \u00e9tablissent alors que la tentative d\u2019assassinat visait l\u2019\u00e9pouse de Thierry Saman, un homme impliqu\u00e9 dans le milieu criminel parisien. Ce dernier, depuis d\u00e9c\u00e9d\u00e9 apr\u00e8s avoir lui-m\u00eame \u00e9t\u00e9 assassin\u00e9, \u00e9tait \u00e9galement indicateur de police. Sa femme connaissait cette situation et aurait menac\u00e9 de r\u00e9v\u00e9ler son r\u00f4le aupr\u00e8s des autorit\u00e9s d\u2019apr\u00e8s le chroniqueur de Cyril Hanouna. Craignant de se faire d\u00e9masquer, <strong>Thierry Saman aurait d\u00e9cid\u00e9 de faire \u00e9liminer son \u00e9pouse malgr\u00e9 sa grossesse avanc\u00e9e.<\/strong><\/p>\n<p>Une rencontre huit ans apr\u00e8s avec le tueur \u00e0 gages qui lui en voulait<\/p>\n<p>Journaliste sp\u00e9cialis\u00e9 dans les affaires criminelles, Michel Mary suit de pr\u00e8s le dossier d\u00e8s ses d\u00e9buts. Il \u00e9change r\u00e9guli\u00e8rement avec les policiers charg\u00e9s de l\u2019enqu\u00eate et publie plusieurs articles sur cette affaire, d\u00e9crivant la violence des faits et le profil du tueur \u00e0 gages. Ces \u00e9crits suscitent la col\u00e8re du principal accus\u00e9, qui, depuis sa d\u00e9tention, adresse des courriers au journaliste pour exprimer son hostilit\u00e9 envers lui : <strong>\u00ab\u00a0il m&rsquo;\u00e9crit au journal en me disant qu&rsquo;il n\u2019est pas tr\u00e8s content. Il me dit que je suis un encul\u00e9\u00a0\u00bb<\/strong>, r\u00e9v\u00e8le-t-il.\u00a0<\/p>\n<p>Quelques ann\u00e9es plus tard, une rencontre inattendue survient \u00e0 Paris, pr\u00e8s du quai des Orf\u00e8vres. Michel Mary croise en effet, par hasard, l\u2019homme condamn\u00e9, r\u00e9cemment sorti de prison. \u00ab\u00a0J&rsquo;entends Michel Mary, je me retourne, je vois ce mec qui me dit : \u2018Vous \u00eates bien Michel Marie ?\u2019 J&rsquo;ai dit \u2018oui\u2019. Et l\u00e0, il a des yeux pleins de haine. Il me dit : \u2018<strong>Mais j&rsquo;ai fait une mauvaise prison \u00e0 cause de toi\u2019<\/strong>\u00ab\u00a0. La discussion s&rsquo;av\u00e8re tendue mais le journaliste tente d\u2019apaiser la situation et propose un \u00e9change plus pos\u00e9 autour d\u2019un verre.<\/p>\n<p>De cette rencontre na\u00eet un accord informel. Le journaliste accepte de revenir sur certains aspects du pass\u00e9 de l\u2019homme et de corriger certaines impr\u00e9cisions. Une photographie est m\u00eame r\u00e9alis\u00e9e, montrant les deux hommes c\u00f4te \u00e0 c\u00f4te, prise par un commissaire de police pr\u00e9sent par hasard. L\u2019image fera la une du magazine D\u00e9tective se souvient d\u2019ailleurs Michel Mary. Toutefois, au moment de r\u00e9diger l\u2019article, le chroniqueur de <strong>TBT9<\/strong> explique ne pas avoir r\u00e9ussi \u00e0 adoucir son r\u00e9cit, estimant ne pas pouvoir \u00e9dulcorer la gravit\u00e9 des faits. Selon lui, <strong>cette publication marquera durablement ses relations tendues avec l\u2019ancien tueur \u00e0 gages.<\/strong> N\u00e9anmoins, le principal int\u00e9ress\u00e9 n\u2019a pas pu terminer son r\u00e9cit, Cyril Hanouna \u00e9tant forc\u00e9 de rendre l\u2019antenne.\u00a0<\/p>\n<p>\n          Hits &amp; People en continu\n        <\/p>\n<p>\n          Public Radio\n        <\/p>\n<p>      Mentionn\u00e9s dans cet article<\/p>\n<p>      Sur le m\u00eame sujet<\/p>\n","protected":false},"excerpt":{"rendered":"Si Michel Mary officie depuis plusieurs ann\u00e9es dans la quotidienne de Cyril Hanouna, le journaliste sp\u00e9cialiste des faits&hellip;\n","protected":false},"author":2,"featured_media":646314,"comment_status":"","ping_status":"","sticky":false,"template":"","format":"standard","meta":{"footnotes":""},"categories":[8],"tags":[1083,58,59,1011,27,22498,22497,75197,2395],"class_list":{"0":"post-646313","1":"post","2":"type-post","3":"status-publish","4":"format-standard","5":"has-post-thumbnail","7":"category-divertissement","8":"tag-cyril-hanouna","9":"tag-divertissement","10":"tag-entertainment","11":"tag-fr","12":"tag-france","13":"tag-tout-9-tbt9","14":"tag-tout-beau","15":"tag-tueur-a-gages","16":"tag-w9"},"share_on_mastodon":{"url":"https:\/\/pubeurope.com\/@fr\/115851983942859748","error":""},"_links":{"self":[{"href":"https:\/\/www.europesays.com\/fr\/wp-json\/wp\/v2\/posts\/646313","targetHints":{"allow":["GET"]}}],"collection":[{"href":"https:\/\/www.europesays.com\/fr\/wp-json\/wp\/v2\/posts"}],"about":[{"href":"https:\/\/www.europesays.com\/fr\/wp-json\/wp\/v2\/types\/post"}],"author":[{"embeddable":true,"href":"https:\/\/www.europesays.com\/fr\/wp-json\/wp\/v2\/users\/2"}],"replies":[{"embeddable":true,"href":"https:\/\/www.europesays.com\/fr\/wp-json\/wp\/v2\/comments?post=646313"}],"version-history":[{"count":0,"href":"https:\/\/www.europesays.com\/fr\/wp-json\/wp\/v2\/posts\/646313\/revisions"}],"wp:featuredmedia":[{"embeddable":true,"href":"https:\/\/www.europesays.com\/fr\/wp-json\/wp\/v2\/media\/646314"}],"wp:attachment":[{"href":"https:\/\/www.europesays.com\/fr\/wp-json\/wp\/v2\/media?parent=646313"}],"wp:term":[{"taxonomy":"category","embeddable":true,"href":"https:\/\/www.europesays.com\/fr\/wp-json\/wp\/v2\/categories?post=646313"},{"taxonomy":"post_tag","embeddable":true,"href":"https:\/\/www.europesays.com\/fr\/wp-json\/wp\/v2\/tags?post=646313"}],"curies":[{"name":"wp","href":"https:\/\/api.w.org\/{rel}","templated":true}]}}