{"id":646327,"date":"2026-01-07T04:48:36","date_gmt":"2026-01-07T04:48:36","guid":{"rendered":"https:\/\/www.europesays.com\/fr\/646327\/"},"modified":"2026-01-07T04:48:36","modified_gmt":"2026-01-07T04:48:36","slug":"hors-champs-les-photos-non-publiees-du-stephanais-n334-ville-de-saint-etienne-du-rouvray","status":"publish","type":"post","link":"https:\/\/www.europesays.com\/fr\/646327\/","title":{"rendered":"\u00ab Hors champs \u00bb : les photos non publi\u00e9es du St\u00e9phanais n\u00b0334 &#8211; Ville de Saint-\u00c9tienne-du-Rouvray"},"content":{"rendered":"<p class=\"article-date\">\n\t\t\t\t\tHors champs\t\t\t\t\t\t\t\t\t\t\t&#8211; 6 janvier 2026\t\t\t\t\t\t\t\t\t<\/p>\n<p><strong>Dans \u00ab Hors champs \u00bb, les photographes ind\u00e9pendants sollicit\u00e9s par la Ville pour ces reportages quotidiens s\u00e9lectionnent une photo non-publi\u00e9e et la commentent. Un exercice atypique qui permet d\u2019offrir un autre regard sur l\u2019actualit\u00e9 st\u00e9phanaise.\u00a0<\/strong><\/p>\n<p><img loading=\"lazy\" decoding=\"async\" class=\"alignnone wp-image-56393 size-full\" src=\"data:image\/svg+xml,%3Csvg%20xmlns=\" http:=\"\" alt=\"\" width=\"1080\" height=\"1350\" data-lazy- data-lazy- data-lazy-src=\"https:\/\/www.europesays.com\/fr\/wp-content\/uploads\/2026\/01\/2.png\"\/><\/p>\n<blockquote>\n<p class=\"cvGsUA direction-ltr align-start para-style-body\">\u201cCe qui fait une photo r\u00e9ussie au-del\u00e0 de son contexte, c\u2019est souvent une histoire de g\u00e9om\u00e9trie. Pas de formules complexes, mais des formes simples comme le carr\u00e9 et le triangle. Dans ce portrait, on peut tracer ais\u00e9ment plusieurs formes qui font \u00e9cho avec celles du pyl\u00f4ne \u00e9lectrique en arri\u00e8re-plan.\u201d<\/p>\n<\/blockquote>\n<p class=\"cvGsUA direction-ltr align-start para-style-body\">Guillaume Painchault<\/p>\n<p><img loading=\"lazy\" decoding=\"async\" class=\"alignnone wp-image-56392 size-full\" src=\"data:image\/svg+xml,%3Csvg%20xmlns=\" http:=\"\" alt=\"\" width=\"1080\" height=\"1350\" data-lazy- data-lazy- data-lazy-src=\"https:\/\/www.europesays.com\/fr\/wp-content\/uploads\/2026\/01\/4.png\"\/><\/p>\n<blockquote>\n<p class=\"cvGsUA direction-ltr align-start para-style-body\">\u201cParfois en reportage, on sent que les gens veulent une photo d\u2019eux en souvenir, ils nous regardent,prennent la pose, attendent\u2026 Exactement l\u2019inverse de ce que l\u2019on aime faire en reportage. Souvent je la fais quand m\u00eame, juste pour eux, pour leur envoyer apr\u00e8s. J\u2019ai \u00e9dit\u00e9 le sujet en urgence et n\u2019ai pas tilt\u00e9 qu\u2019elle \u00e9tait encore dans le dossier avant de l\u2019envoyer\u2026. Le bouclage du magazine s\u2019est lui aussi fait dans le rush, cette photo s\u2019est retrouv\u00e9e en page 3 du St\u00e9phanais, j\u2019aurais pr\u00e9f\u00e9r\u00e9 y voir celle-ci.\u201d<\/p>\n<\/blockquote>\n<p>Jean-Pierre Sageot<\/p>\n<p>\u00a0<\/p>\n<p><img loading=\"lazy\" decoding=\"async\" class=\"alignnone wp-image-56391 size-full\" src=\"data:image\/svg+xml,%3Csvg%20xmlns=\" http:=\"\" alt=\"\" width=\"1080\" height=\"1350\" data-lazy- data-lazy- data-lazy-src=\"https:\/\/www.europesays.com\/fr\/wp-content\/uploads\/2026\/01\/6.png\"\/><\/p>\n<blockquote>\n<p class=\"cvGsUA direction-ltr align-start para-style-body\">La grosse contrainte des portraits de St\u00e9phanais devant leur maison illumin\u00e9e \u00e9tait la plage horaire assez courte, de la tomb\u00e9e de la nuit, \u00e0 la nuit noire, soit une heure 30 environ. Le temps d\u2019un \u00e0 deux portraits. Celui ci est mon pr\u00e9f\u00e9r\u00e9, mais il n\u2019a pas trouv\u00e9 sa place dans le St\u00e9phanais car je l\u2019ai r\u00e9alis\u00e9 moins de 36 heures avant l\u2019envoi \u00e0 l\u2019imprimeur, la page avait d\u00e9j\u00e0 \u00e9t\u00e9 maquett\u00e9e, et le format vertical de cette photo aurait oblig\u00e9 \u00e0 tout recommencer. Cette photo ne vivra que sur les r\u00e9seaux sociaux.<\/p>\n<\/blockquote>\n<p>Jean-Pierre Sageot<\/p>\n<p><img loading=\"lazy\" decoding=\"async\" class=\"alignnone wp-image-56395 size-full\" src=\"data:image\/svg+xml,%3Csvg%20xmlns=\" http:=\"\" alt=\"\" width=\"1080\" height=\"1350\" data-lazy- data-lazy- data-lazy-src=\"https:\/\/www.europesays.com\/fr\/wp-content\/uploads\/2026\/01\/8.png\"\/><\/p>\n<blockquote>\n<p class=\"cvGsUA direction-ltr align-start para-style-body\">Les portraits du St\u00e9phanais sont doubles : texte ET image. Journaliste et photographe les font ensemble. Pendant l\u2019interview, le photographe \u00e9coute, jauge, essaie de bien \u201csentir\u201d son sujet, tout en cherchant l\u2019endroit o\u00f9 il va pouvoir le faire poser. Puis on fait la photo : il faut composer avec la personne, le lieu, la lumi\u00e8re, pour immortaliser quelqu\u2019un qui, le plus souvent, n\u2019aime pas \u00eatre photographi\u00e9. Il faut mettre \u00e0 l\u2019aise, cr\u00e9er une confiance qui fera que le sujet \u201cdonnera\u201d une bonne image que le photographe n\u2019aura plus qu\u2019\u00e0\u2026 prendre!<\/p>\n<\/blockquote>\n<p class=\"cvGsUA direction-ltr align-start para-style-body\">Lo\u00efc Seron<\/p>\n<p><img loading=\"lazy\" decoding=\"async\" class=\"alignnone wp-image-56394 size-full\" src=\"data:image\/svg+xml,%3Csvg%20xmlns=\" http:=\"\" alt=\"\" width=\"1080\" height=\"1350\" data-lazy- data-lazy- data-lazy-src=\"https:\/\/www.europesays.com\/fr\/wp-content\/uploads\/2026\/01\/10.png\"\/><\/p>\n<blockquote>\n<p class=\"cvGsUA direction-ltr align-start para-style-body\">Il arrive que le photographe rentre presque bredouille du rendez-vous : inspiration d\u00e9faillante, inad\u00e9quation du lieu, mauvaise lumi\u00e8re, sujet stress\u00e9, manque de temps\u2026 Quand il n\u2019est pas possible de refaire une s\u00e9ance, une seule photo, deux tout au plus, sont livr\u00e9es \u00e0 la r\u00e9daction, alors que nous en proposons habituellement une dizaine afin de donner \u00e0 l\u2019\u00e9quipe de mise en pages le choix de plusieurs poses, de plusieurs angles de vue. C\u2019est la dure loi du portrait, de la photo de presse \u2014 qui rel\u00e8vent quand m\u00eame avant tout du plaisir de la rencontre.<\/p>\n<\/blockquote>\n<p>Lo\u00efc Seron<\/p>\n<blockquote class=\"wp-embedded-content\" data-secret=\"toZ0NwzOGY\">\n<p><a href=\"https:\/\/www.saintetiennedurouvray.fr\/publication\/le-stephanais-n-334-du-18-decembre-2025-au-29-janvier-2026\/\" target=\"_blank\" rel=\"noopener\">Le St\u00e9phanais n\u00b0 334, du 18 d\u00e9cembre 2025 au 29 janvier 2026<\/a><\/p>\n<\/blockquote>\n","protected":false},"excerpt":{"rendered":"Hors champs &#8211; 6 janvier 2026 Dans \u00ab Hors champs \u00bb, les photographes ind\u00e9pendants sollicit\u00e9s par la Ville&hellip;\n","protected":false},"author":2,"featured_media":646328,"comment_status":"","ping_status":"","sticky":false,"template":"","format":"standard","meta":{"footnotes":""},"categories":[9653],"tags":[1111,11,2430,1777,674,1011,27,12,25,4001],"class_list":{"0":"post-646327","1":"post","2":"type-post","3":"status-publish","4":"format-standard","5":"has-post-thumbnail","7":"category-saint-etienne","8":"tag-actu","9":"tag-actualites","10":"tag-auvergne-rhone-alpes","11":"tag-eu","12":"tag-europe","13":"tag-fr","14":"tag-france","15":"tag-news","16":"tag-republique-francaise","17":"tag-saint-etienne"},"share_on_mastodon":{"url":"https:\/\/pubeurope.com\/@fr\/115852011281710774","error":""},"_links":{"self":[{"href":"https:\/\/www.europesays.com\/fr\/wp-json\/wp\/v2\/posts\/646327","targetHints":{"allow":["GET"]}}],"collection":[{"href":"https:\/\/www.europesays.com\/fr\/wp-json\/wp\/v2\/posts"}],"about":[{"href":"https:\/\/www.europesays.com\/fr\/wp-json\/wp\/v2\/types\/post"}],"author":[{"embeddable":true,"href":"https:\/\/www.europesays.com\/fr\/wp-json\/wp\/v2\/users\/2"}],"replies":[{"embeddable":true,"href":"https:\/\/www.europesays.com\/fr\/wp-json\/wp\/v2\/comments?post=646327"}],"version-history":[{"count":0,"href":"https:\/\/www.europesays.com\/fr\/wp-json\/wp\/v2\/posts\/646327\/revisions"}],"wp:featuredmedia":[{"embeddable":true,"href":"https:\/\/www.europesays.com\/fr\/wp-json\/wp\/v2\/media\/646328"}],"wp:attachment":[{"href":"https:\/\/www.europesays.com\/fr\/wp-json\/wp\/v2\/media?parent=646327"}],"wp:term":[{"taxonomy":"category","embeddable":true,"href":"https:\/\/www.europesays.com\/fr\/wp-json\/wp\/v2\/categories?post=646327"},{"taxonomy":"post_tag","embeddable":true,"href":"https:\/\/www.europesays.com\/fr\/wp-json\/wp\/v2\/tags?post=646327"}],"curies":[{"name":"wp","href":"https:\/\/api.w.org\/{rel}","templated":true}]}}