{"id":646329,"date":"2026-01-07T04:50:57","date_gmt":"2026-01-07T04:50:57","guid":{"rendered":"https:\/\/www.europesays.com\/fr\/646329\/"},"modified":"2026-01-07T04:50:57","modified_gmt":"2026-01-07T04:50:57","slug":"meurthe-et-moselle-pour-les-pompiers-les-drones-sont-devenus-des-atouts-lors-dinterventions-complexes","status":"publish","type":"post","link":"https:\/\/www.europesays.com\/fr\/646329\/","title":{"rendered":"Meurthe-et-Moselle. Pour les pompiers, les drones sont devenus des atouts lors d\u2019interventions complexes"},"content":{"rendered":"<p>Eux, ils utilisent les drones et avec une grande utilit\u00e9\u00a0: les pompiers. Cr\u00e9\u00e9e en 2019, l\u2019unit\u00e9 drone du Service d\u00e9partemental d\u2019incendie et de secours (SDIS 54) de Meurthe-et-Moselle compte aujourd\u2019hui huit t\u00e9l\u00e9pilotes, cinq officiers de liaison et dispose de trois a\u00e9ronefs dont un d\u00e9di\u00e9 au vol en int\u00e9rieur.<\/p>\n<p>Avec ses lunettes FPV fix\u00e9es sur le visage (de l\u2019anglais First person view ou vue \u00e0 la premi\u00e8re personne), le&#8230;<\/p>\n","protected":false},"excerpt":{"rendered":"Eux, ils utilisent les drones et avec une grande utilit\u00e9\u00a0: les pompiers. Cr\u00e9\u00e9e en 2019, l\u2019unit\u00e9 drone du&hellip;\n","protected":false},"author":2,"featured_media":646330,"comment_status":"","ping_status":"","sticky":false,"template":"","format":"standard","meta":{"footnotes":""},"categories":[9635],"tags":[1111,11,1707,1704,1706,1705,1777,674,274,1011,27,775,1310,3457,1702,1703,12,25,767,133],"class_list":{"0":"post-646329","1":"post","2":"type-post","3":"status-publish","4":"format-standard","5":"has-post-thumbnail","7":"category-nancy","8":"tag-actu","9":"tag-actualites","10":"tag-edition-luneville","11":"tag-edition-nancy-et-agglomeration","12":"tag-edition-pont-a-mousson","13":"tag-edition-toul","14":"tag-eu","15":"tag-europe","16":"tag-faits-divers-justice","17":"tag-fr","18":"tag-france","19":"tag-grand-est","20":"tag-incendie","21":"tag-meurthe-et-moselle","22":"tag-nancy","23":"tag-nancy-ville-54b","24":"tag-news","25":"tag-republique-francaise","26":"tag-science-et-technologie","27":"tag-video"},"share_on_mastodon":{"url":"https:\/\/pubeurope.com\/@fr\/115852023092789651","error":""},"_links":{"self":[{"href":"https:\/\/www.europesays.com\/fr\/wp-json\/wp\/v2\/posts\/646329","targetHints":{"allow":["GET"]}}],"collection":[{"href":"https:\/\/www.europesays.com\/fr\/wp-json\/wp\/v2\/posts"}],"about":[{"href":"https:\/\/www.europesays.com\/fr\/wp-json\/wp\/v2\/types\/post"}],"author":[{"embeddable":true,"href":"https:\/\/www.europesays.com\/fr\/wp-json\/wp\/v2\/users\/2"}],"replies":[{"embeddable":true,"href":"https:\/\/www.europesays.com\/fr\/wp-json\/wp\/v2\/comments?post=646329"}],"version-history":[{"count":0,"href":"https:\/\/www.europesays.com\/fr\/wp-json\/wp\/v2\/posts\/646329\/revisions"}],"wp:featuredmedia":[{"embeddable":true,"href":"https:\/\/www.europesays.com\/fr\/wp-json\/wp\/v2\/media\/646330"}],"wp:attachment":[{"href":"https:\/\/www.europesays.com\/fr\/wp-json\/wp\/v2\/media?parent=646329"}],"wp:term":[{"taxonomy":"category","embeddable":true,"href":"https:\/\/www.europesays.com\/fr\/wp-json\/wp\/v2\/categories?post=646329"},{"taxonomy":"post_tag","embeddable":true,"href":"https:\/\/www.europesays.com\/fr\/wp-json\/wp\/v2\/tags?post=646329"}],"curies":[{"name":"wp","href":"https:\/\/api.w.org\/{rel}","templated":true}]}}