{"id":646333,"date":"2026-01-07T04:54:24","date_gmt":"2026-01-07T04:54:24","guid":{"rendered":"https:\/\/www.europesays.com\/fr\/646333\/"},"modified":"2026-01-07T04:54:24","modified_gmt":"2026-01-07T04:54:24","slug":"jouvre-de-nouveaux-horizons-a-montpellier","status":"publish","type":"post","link":"https:\/\/www.europesays.com\/fr\/646333\/","title":{"rendered":"J&rsquo;ouvre de Nouveaux Horizons \u00e0 Montpellier"},"content":{"rendered":"<p>Une r\u00e9union d\u2019information d\u00e9di\u00e9e aux demandeurs d\u2019emploi cadres inscrits \u00e0 France Travail depuis plus de douze mois se tiendra le mardi 13\u00a0janvier, de 9h30 \u00e0 11h30, \u00e0 l\u2019agence France Travail de Castelnau-le-Lez.<\/p>\n<p>Anim\u00e9e par l\u2019Apec, cette rencontre pr\u00e9sentera le dispositif Nouveaux Horizons, un programme d\u2019accompagnement destin\u00e9 \u00e0 aider les cadres \u00e0 d\u00e9finir ou red\u00e9finir un projet professionnel en phase avec les opportunit\u00e9s actuelles du march\u00e9 de l\u2019emploi et \u00e0 reprendre confiance dans leur d\u00e9marche.<\/p>\n<p>La r\u00e9union abordera les objectifs du dispositif, ses b\u00e9n\u00e9fices attendus, les facteurs de r\u00e9ussite, les conditions d\u2019\u00e9ligibilit\u00e9 ainsi que le calendrier des prochaines sessions. Elle sera suivie d\u2019entretiens individuels avec des consultants de l\u2019Apec, afin d\u2019\u00e9changer de mani\u00e8re personnalis\u00e9e sur les situations professionnelles des participants.<\/p>\n<p><strong>Inscription <a href=\"https:\/\/mesevenementsemploi.francetravail.fr\/mes-evenements-emploi\/evenement\/552254\/apec-presentation-du-dispositif-nouveaux-horizons-castelnau-le-lez\" class=\"spip_out\" rel=\"external noopener\" target=\"_blank\">ici<\/a><\/strong><\/p>\n","protected":false},"excerpt":{"rendered":"Une r\u00e9union d\u2019information d\u00e9di\u00e9e aux demandeurs d\u2019emploi cadres inscrits \u00e0 France Travail depuis plus de douze mois se&hellip;\n","protected":false},"author":2,"featured_media":24040,"comment_status":"","ping_status":"","sticky":false,"template":"","format":"standard","meta":{"footnotes":""},"categories":[9599],"tags":[1111,11,2060,20702,341,1777,674,1011,27,8688,2208,12,2680,25],"class_list":{"0":"post-646333","1":"post","2":"type-post","3":"status-publish","4":"format-standard","5":"has-post-thumbnail","7":"category-montpellier","8":"tag-actu","9":"tag-actualites","10":"tag-apec","11":"tag-demandeur-demploi","12":"tag-emploi","13":"tag-eu","14":"tag-europe","15":"tag-fr","16":"tag-france","17":"tag-france-travail-occitanie","18":"tag-montpellier","19":"tag-news","20":"tag-occitanie","21":"tag-republique-francaise"},"share_on_mastodon":{"url":"https:\/\/pubeurope.com\/@fr\/115852034989870088","error":""},"_links":{"self":[{"href":"https:\/\/www.europesays.com\/fr\/wp-json\/wp\/v2\/posts\/646333","targetHints":{"allow":["GET"]}}],"collection":[{"href":"https:\/\/www.europesays.com\/fr\/wp-json\/wp\/v2\/posts"}],"about":[{"href":"https:\/\/www.europesays.com\/fr\/wp-json\/wp\/v2\/types\/post"}],"author":[{"embeddable":true,"href":"https:\/\/www.europesays.com\/fr\/wp-json\/wp\/v2\/users\/2"}],"replies":[{"embeddable":true,"href":"https:\/\/www.europesays.com\/fr\/wp-json\/wp\/v2\/comments?post=646333"}],"version-history":[{"count":0,"href":"https:\/\/www.europesays.com\/fr\/wp-json\/wp\/v2\/posts\/646333\/revisions"}],"wp:featuredmedia":[{"embeddable":true,"href":"https:\/\/www.europesays.com\/fr\/wp-json\/wp\/v2\/media\/24040"}],"wp:attachment":[{"href":"https:\/\/www.europesays.com\/fr\/wp-json\/wp\/v2\/media?parent=646333"}],"wp:term":[{"taxonomy":"category","embeddable":true,"href":"https:\/\/www.europesays.com\/fr\/wp-json\/wp\/v2\/categories?post=646333"},{"taxonomy":"post_tag","embeddable":true,"href":"https:\/\/www.europesays.com\/fr\/wp-json\/wp\/v2\/tags?post=646333"}],"curies":[{"name":"wp","href":"https:\/\/api.w.org\/{rel}","templated":true}]}}