{"id":646360,"date":"2026-01-07T05:14:24","date_gmt":"2026-01-07T05:14:24","guid":{"rendered":"https:\/\/www.europesays.com\/fr\/646360\/"},"modified":"2026-01-07T05:14:24","modified_gmt":"2026-01-07T05:14:24","slug":"jusqua-7-cm-prevus-par-meteo-france-le-nord-et-le-pas-de-calais-passent-en-vigilance-orange","status":"publish","type":"post","link":"https:\/\/www.europesays.com\/fr\/646360\/","title":{"rendered":"jusqu&rsquo;\u00e0 7 cm pr\u00e9vus par M\u00e9t\u00e9o France, le Nord et le Pas-de-Calais passent en vigilance orange"},"content":{"rendered":"<p>                    Par<br \/>\n        <strong><br \/>\n            <a href=\"https:\/\/actu.fr\/auteur\/margot-nicodeme\" title=\"Consulter tous les articles de Margot Nicod\u00e8me\" target=\"_blank\" rel=\"noopener\">Margot Nicod\u00e8me<\/a><br \/>\n                    <\/strong><\/p>\n<p>        Publi\u00e9 le<\/p>\n<p>            6 janv. 2026 \u00e0 15h48        <\/p>\n<p><b>L\u2019\u00e9pisode neigeux gagne en ampleur<\/b>, dans la nuit du mardi 6 au mercredi 7 janvier 2026. La R\u00e9gion Haut-de-France a annonc\u00e9, ce mardi en milieu d\u2019apr\u00e8s-midi,<b> qu\u2019aucun bus scolaire et ni bus interurbain<\/b> <a href=\"https:\/\/actu.fr\/societe\/neige-les-bus-scolaires-et-interurbains-des-hauts-de-france-ne-circuleront-pas-mercredi_63658421.html\" target=\"_blank\" rel=\"noopener\">ne circulerait sur le territoire mercredi<\/a>. <b>Le Nord<\/b> et<b> le <a href=\"https:\/\/actu.fr\/pas-de-calais\/\" target=\"_blank\" rel=\"noopener\">Pas-de-Calais<\/a><\/b>, jusqu\u2019alors <a href=\"https:\/\/actu.fr\/societe\/la-neige-a-nouveau-attendue-dans-la-nuit-nord-et-pas-de-calais-places-en-vigilance-pour-ce-mardi_63652824.html\" target=\"_blank\" rel=\"noopener\">en vigilance jaune<\/a>, font partie des 38 d\u00e9partements qui basculeront en<b> vigilance orange neige-verglas<\/b> \u00e0 compter de 4h, mercredi matin.\u00a0\u00a0<\/p>\n<p>Jusqu\u2019\u00e0 7 cm de neige pr\u00e9vus dans le Nord et le Pas-de-Calais mercredi 7 janvier<\/p>\n<p class=\" wall-content\">Plusieurs centim\u00e8tres de neige sont attendus. \u00ab\u00a0La couche peut atteindre<b> 3 \u00e0 7 cm <\/b>de la fronti\u00e8re belge au sud de la r\u00e9gion\u00a0\u00bb, renseigne M\u00e9t\u00e9o France. Et les pr\u00e9visionnistes de d\u00e9tailler :\u00a0<\/p>\n<blockquote class=\"ac-article-quote wall-content\">\n<p>\u00ab\u00a0Les pr\u00e9cipitations seront majoritairement neigeuses hormis sur le littoral o\u00f9 la pluie se m\u00eale aux flocons. Sur l\u2019\u00e9pisode, la perturbation engendre des chutes de neige notables, jusqu\u2019\u00e0 3 \u00e0 5 cm de mani\u00e8re g\u00e9n\u00e9ralis\u00e9e et pouvant atteindre localement 7 cm sur les collines de l\u2019Artois et sur la Thi\u00e9rache.\u00a0\u00bb<\/p>\n<p>M\u00e9t\u00e9o France<\/p><\/blockquote>\n<p class=\" wall-content\">https:\/\/x.com\/VigiMeteoFrance\/status\/2008526247610012104\/photo\/1<\/p>\n<p class=\" wall-content\">\u00c0 noter qu\u2019\u00e0 la vigilance orange s\u2019ajoutent <b>deux vigilances jaunes<\/b>, pour nos deux d\u00e9partements : <b>vent <\/b>et <b>grand froid<\/b>. Pour l\u2019heure, la vigilance orange est maintenue sur le territoire au moins jusqu\u2019\u00e0 14h mercredi, avant un retour \u00e0 la vigilance jaune. Mais la situation est susceptible d\u2019\u00e9voluer.\u00a0<\/p>\n<p>    <img   decoding=\"async\" loading=\"lazy\" class=\"size-large\" src=\"https:\/\/www.europesays.com\/fr\/wp-content\/uploads\/2026\/01\/d2e928cd1d59686e928cd1d599ae92v-960x640.jpg\" alt=\"La neige tombera sur la majeure partie du Nord et du Pas-de-Calais, tr\u00e8s t\u00f4t le matin du mercredi 7 janvier 2026. Seul le littoral pourrait faire exception, selon M\u00e9t\u00e9o France.\" width=\"960\" height=\"640\"\/><br \/>\n    La neige tombera sur la majeure partie du Nord et du Pas-de-Calais, tr\u00e8s t\u00f4t le matin du mercredi 7 janvier 2026. Seul le littoral pourrait faire exception, selon M\u00e9t\u00e9o France. \u00a9M\u00e9t\u00e9o France<\/p>\n<p class=\" wall-content\">L\u2019apr\u00e8s-midi du 7 janvier devrait en effet voir le retour du soleil, alors que des averses de pluie et neige, de plus faible intensit\u00e9 que l\u2019\u00e9pisode matinal, pourraient arroser \u00e0 nouveau le sud du Nord et du Pas-de-Calais dans la soir\u00e9e. La pluie dominera d\u2019ailleurs la journ\u00e9e de jeudi.\u00a0<\/p>\n<p>Votre r\u00e9gion, votre actu !<\/p>\n<p>Recevez chaque jour les infos qui comptent pour vous.<\/p>\n<p>\t<a href=\"https:\/\/actu.fr\/newsletter\" class=\"ac-btn ac-btn--corner ac-btn--medium ac-btn--blue800\" target=\"_blank\" rel=\"noopener\">S&rsquo;incrire<\/a><\/p>\n<p class=\" wall-content\">La pr\u00e9fecture des Hauts-de-France conseille de <b>reporter ses d\u00e9placements <\/b>et de privil\u00e9gier le t\u00e9l\u00e9travail.\u00a0<\/p>\n<p class=\" wall-content\">Personnalisez votre actualit\u00e9 en ajoutant vos villes et m\u00e9dias en favori avec <a href=\"https:\/\/moncompte.actu.fr\" title=\"D\u00e9couvez Mon Actu\" rel=\"nofollow noopener\" data-trk=\"{&quot;cta&quot;:{&quot;action&quot;:&quot;https:\\\/\\\/moncompte.actu.fr&quot;,&quot;category&quot;:&quot;mon compte&quot;,&quot;from&quot;:&quot;article footer&quot;,&quot;name&quot;:&quot;Mon actu&quot;,&quot;type&quot;:&quot;cta&quot;}}\" target=\"_blank\">Mon Actu<\/a>.<\/p>\n","protected":false},"excerpt":{"rendered":"Par Margot Nicod\u00e8me Publi\u00e9 le 6 janv. 2026 \u00e0 15h48 L\u2019\u00e9pisode neigeux gagne en ampleur, dans la nuit&hellip;\n","protected":false},"author":2,"featured_media":646361,"comment_status":"","ping_status":"","sticky":false,"template":"","format":"standard","meta":{"footnotes":""},"categories":[2815],"tags":[1111,11,1777,674,1011,27,811,1307,2357,10584,12,25,104],"class_list":{"0":"post-646360","1":"post","2":"type-post","3":"status-publish","4":"format-standard","5":"has-post-thumbnail","7":"category-lille","8":"tag-actu","9":"tag-actualites","10":"tag-eu","11":"tag-europe","12":"tag-fr","13":"tag-france","14":"tag-hauts-de-france","15":"tag-lille","16":"tag-meteo-france","17":"tag-neige","18":"tag-news","19":"tag-republique-francaise","20":"tag-societe"},"share_on_mastodon":{"url":"https:\/\/pubeurope.com\/@fr\/115852113664622577","error":""},"_links":{"self":[{"href":"https:\/\/www.europesays.com\/fr\/wp-json\/wp\/v2\/posts\/646360","targetHints":{"allow":["GET"]}}],"collection":[{"href":"https:\/\/www.europesays.com\/fr\/wp-json\/wp\/v2\/posts"}],"about":[{"href":"https:\/\/www.europesays.com\/fr\/wp-json\/wp\/v2\/types\/post"}],"author":[{"embeddable":true,"href":"https:\/\/www.europesays.com\/fr\/wp-json\/wp\/v2\/users\/2"}],"replies":[{"embeddable":true,"href":"https:\/\/www.europesays.com\/fr\/wp-json\/wp\/v2\/comments?post=646360"}],"version-history":[{"count":0,"href":"https:\/\/www.europesays.com\/fr\/wp-json\/wp\/v2\/posts\/646360\/revisions"}],"wp:featuredmedia":[{"embeddable":true,"href":"https:\/\/www.europesays.com\/fr\/wp-json\/wp\/v2\/media\/646361"}],"wp:attachment":[{"href":"https:\/\/www.europesays.com\/fr\/wp-json\/wp\/v2\/media?parent=646360"}],"wp:term":[{"taxonomy":"category","embeddable":true,"href":"https:\/\/www.europesays.com\/fr\/wp-json\/wp\/v2\/categories?post=646360"},{"taxonomy":"post_tag","embeddable":true,"href":"https:\/\/www.europesays.com\/fr\/wp-json\/wp\/v2\/tags?post=646360"}],"curies":[{"name":"wp","href":"https:\/\/api.w.org\/{rel}","templated":true}]}}