{"id":646365,"date":"2026-01-07T05:16:16","date_gmt":"2026-01-07T05:16:16","guid":{"rendered":"https:\/\/www.europesays.com\/fr\/646365\/"},"modified":"2026-01-07T05:16:16","modified_gmt":"2026-01-07T05:16:16","slug":"marseille-le-site-dorange-de-nouveau-vise","status":"publish","type":"post","link":"https:\/\/www.europesays.com\/fr\/646365\/","title":{"rendered":"Marseille : le site d\u2019Orange de nouveau vis\u00e9"},"content":{"rendered":"<p class=\"jsx-4058425199 jsx-2164199691 ExpandableText__Text\">C&rsquo;est une nouvelle illustration de l\u2019emprise des narcotrafiquants dans plusieurs quartiers de Marseille. Les locaux de l\u2019entreprise Orange ont \u00e9t\u00e9, une nouvelle fois, pris pour cible. Des impacts de balles ont \u00e9t\u00e9 relev\u00e9s sur la fa\u00e7ade du b\u00e2timent. L\u2019un des projectiles a travers\u00e9 la vitre d\u2019une salle de r\u00e9union. Le site avait d\u00e9j\u00e0 \u00e9t\u00e9 ferm\u00e9 plusieurs semaines en d\u00e9cembre dernier. Les salari\u00e9s ne se sentaient plus en s\u00e9curit\u00e9. Aujourd\u2019hui, ils d\u00e9plorent qu\u2019aucune mesure concr\u00e8te ne soit mise en place.<\/p>\n<p>Lire plusReplier<\/p>\n","protected":false},"excerpt":{"rendered":"C&rsquo;est une nouvelle illustration de l\u2019emprise des narcotrafiquants dans plusieurs quartiers de Marseille. Les locaux de l\u2019entreprise Orange&hellip;\n","protected":false},"author":2,"featured_media":646366,"comment_status":"","ping_status":"","sticky":false,"template":"","format":"standard","meta":{"footnotes":""},"categories":[2814],"tags":[1111,11,2951,2950,1777,674,1011,27,2954,2952,884,12,1072,882,25,887,133,2953,2949],"class_list":{"0":"post-646365","1":"post","2":"type-post","3":"status-publish","4":"format-standard","5":"has-post-thumbnail","7":"category-marseille","8":"tag-actu","9":"tag-actualites","10":"tag-criminalite","11":"tag-delinquance","12":"tag-eu","13":"tag-europe","14":"tag-fr","15":"tag-france","16":"tag-justice-et-faits-divers","17":"tag-le-20h","18":"tag-marseille","19":"tag-news","20":"tag-police","21":"tag-provence-alpes-cote-dazur","22":"tag-republique-francaise","23":"tag-trafic-de-drogue","24":"tag-video","25":"tag-video-police","26":"tag-violences"},"share_on_mastodon":{"url":"https:\/\/pubeurope.com\/@fr\/115852121489023515","error":""},"_links":{"self":[{"href":"https:\/\/www.europesays.com\/fr\/wp-json\/wp\/v2\/posts\/646365","targetHints":{"allow":["GET"]}}],"collection":[{"href":"https:\/\/www.europesays.com\/fr\/wp-json\/wp\/v2\/posts"}],"about":[{"href":"https:\/\/www.europesays.com\/fr\/wp-json\/wp\/v2\/types\/post"}],"author":[{"embeddable":true,"href":"https:\/\/www.europesays.com\/fr\/wp-json\/wp\/v2\/users\/2"}],"replies":[{"embeddable":true,"href":"https:\/\/www.europesays.com\/fr\/wp-json\/wp\/v2\/comments?post=646365"}],"version-history":[{"count":0,"href":"https:\/\/www.europesays.com\/fr\/wp-json\/wp\/v2\/posts\/646365\/revisions"}],"wp:featuredmedia":[{"embeddable":true,"href":"https:\/\/www.europesays.com\/fr\/wp-json\/wp\/v2\/media\/646366"}],"wp:attachment":[{"href":"https:\/\/www.europesays.com\/fr\/wp-json\/wp\/v2\/media?parent=646365"}],"wp:term":[{"taxonomy":"category","embeddable":true,"href":"https:\/\/www.europesays.com\/fr\/wp-json\/wp\/v2\/categories?post=646365"},{"taxonomy":"post_tag","embeddable":true,"href":"https:\/\/www.europesays.com\/fr\/wp-json\/wp\/v2\/tags?post=646365"}],"curies":[{"name":"wp","href":"https:\/\/api.w.org\/{rel}","templated":true}]}}