{"id":646369,"date":"2026-01-07T05:18:14","date_gmt":"2026-01-07T05:18:14","guid":{"rendered":"https:\/\/www.europesays.com\/fr\/646369\/"},"modified":"2026-01-07T05:18:14","modified_gmt":"2026-01-07T05:18:14","slug":"soupconne-son-fils-interne-en-psychiatrie","status":"publish","type":"post","link":"https:\/\/www.europesays.com\/fr\/646369\/","title":{"rendered":"soup\u00e7onn\u00e9, son fils intern\u00e9 en psychiatrie"},"content":{"rendered":"<p _ngcontent-ng-c4208944470=\"\">Un homme de 36 ans a \u00e9t\u00e9 intern\u00e9 en psychiatrie ce 5 janvier, apr\u00e8s avoir \u00e9t\u00e9 plac\u00e9 en garde \u00e0 vue \u00e0 Lyon (Rh\u00f4ne). Atteint de schizophr\u00e9nie, il est soup\u00e7onn\u00e9 d\u2019avoir tu\u00e9 sa m\u00e8re dans l\u2019appartement qu\u2019ils partageaient.\n<\/p>\n<p class=\"p1\">Une crise particuli\u00e8rement violente ? Apr\u00e8s la d\u00e9couverte du corps sans vie d\u2019Edwige, 72 ans, dans son appartement du 8e arrondissement de <a href=\"https:\/\/www.lenouveaudetective.com\/enquetes\/evasion-a-la-prison-de-lyon-corbas-une-surveillante-mise-en-examen\" target=\"_blank\" rel=\"noopener\">Lyon<\/a> (Rh\u00f4ne), son fils de 36 ans a \u00e9t\u00e9 <a href=\"https:\/\/www.lenouveaudetective.com\/enquetes\/infanticide-a-lyon-la-mere-internee-en-psychiatrie\" target=\"_blank\" rel=\"noopener\">hospitalis\u00e9 en psychiatrie<\/a>. Soup\u00e7onn\u00e9 d\u2019avoir tu\u00e9 sa m\u00e8re, l\u2019homme avait d\u2019abord \u00e9t\u00e9 plac\u00e9 en garde \u00e0 vue, avant que son \u00e9tat ne soit jug\u00e9 incompatible avec cette mesure. Il serait en effet atteint de schizophr\u00e9nie.\u00a0<br \/>C\u2019est une soignante qui a d\u00e9couvert le corps de la septuag\u00e9naire, enroul\u00e9 dans des draps, \u00e0 son domicile du 88 route de Vienne, le 4 janvier vers 10 heures. Selon nos confr\u00e8res du <a href=\"https:\/\/c.leprogres.fr\/faits-divers-justice\/2026\/01\/05\/femme-retrouvee-morte-a-son-domicile-son-fils-est-interne-en-psychiatrie\" target=\"_blank\" rel=\"noopener\">Progr\u00e8s<\/a>, le fils de la victime, domicili\u00e9 chez elle, semblait \u00ab en crise\u00a0\u00bb lorsque la soignante est arriv\u00e9e sur place. Il avait tent\u00e9 de faire croire \u00e0 l\u2019infirmi\u00e8re que sa m\u00e8re dormait encore. L\u2019homme a imm\u00e9diatement \u00e9t\u00e9 interpell\u00e9 et plac\u00e9 en garde \u00e0 vue.\u00a0<\/p>\n<p>\u00ab Il se roulait par terre \u00bb ; \u00e9tait saisi de \u00ab grands \u00e9clats de rire \u00bb<\/p>\n<p class=\"p1\">Toujours selon <a href=\"https:\/\/c.leprogres.fr\/faits-divers-justice\/2026\/01\/05\/il-n-etait-pas-capable-de-s-occuper-d-elle-apres-le-deces-suspect-d-une-septuagenaire-a-lyon-son-fils-en-garde-a-vue\" target=\"_blank\" rel=\"noopener\">Le Progr\u00e8s<\/a>, Edwige souffrait d\u2019une d\u00e9mence, manifestement la maladie d\u2019Alzheimer. Des voisins rapportent au quotidien local que le trentenaire, \u00ab qui fumait beaucoup de shit \u00bb, pr\u00e9sentait un comportement \u00ab d\u00e9rang\u00e9 \u00bb. Lorsqu\u2019il ne prenait pas son traitement, ses \u00ab crises de d\u00e9mence \u00bb pouvaient inqui\u00e9ter : \u00ab il se roulait par terre \u00bb ; \u00e9tait saisi de \u00ab grands \u00e9clats de rire \u00bb, sans raison. De leur c\u00f4t\u00e9, les enqu\u00eateurs vont s\u2019attacher \u00e0 reconstituer le sc\u00e9nario du crime ainsi qu\u2019\u00e0 identifier les causes exactes du d\u00e9c\u00e8s d\u2019Edwige.\u00a0<\/p>\n","protected":false},"excerpt":{"rendered":"Un homme de 36 ans a \u00e9t\u00e9 intern\u00e9 en psychiatrie ce 5 janvier, apr\u00e8s avoir \u00e9t\u00e9 plac\u00e9 en&hellip;\n","protected":false},"author":2,"featured_media":646370,"comment_status":"","ping_status":"","sticky":false,"template":"","format":"standard","meta":{"footnotes":""},"categories":[1889],"tags":[1111,11,2430,1777,674,1011,27,2428,12,25],"class_list":{"0":"post-646369","1":"post","2":"type-post","3":"status-publish","4":"format-standard","5":"has-post-thumbnail","7":"category-lyon","8":"tag-actu","9":"tag-actualites","10":"tag-auvergne-rhone-alpes","11":"tag-eu","12":"tag-europe","13":"tag-fr","14":"tag-france","15":"tag-lyon","16":"tag-news","17":"tag-republique-francaise"},"share_on_mastodon":{"url":"https:\/\/pubeurope.com\/@fr\/115852129284406219","error":""},"_links":{"self":[{"href":"https:\/\/www.europesays.com\/fr\/wp-json\/wp\/v2\/posts\/646369","targetHints":{"allow":["GET"]}}],"collection":[{"href":"https:\/\/www.europesays.com\/fr\/wp-json\/wp\/v2\/posts"}],"about":[{"href":"https:\/\/www.europesays.com\/fr\/wp-json\/wp\/v2\/types\/post"}],"author":[{"embeddable":true,"href":"https:\/\/www.europesays.com\/fr\/wp-json\/wp\/v2\/users\/2"}],"replies":[{"embeddable":true,"href":"https:\/\/www.europesays.com\/fr\/wp-json\/wp\/v2\/comments?post=646369"}],"version-history":[{"count":0,"href":"https:\/\/www.europesays.com\/fr\/wp-json\/wp\/v2\/posts\/646369\/revisions"}],"wp:featuredmedia":[{"embeddable":true,"href":"https:\/\/www.europesays.com\/fr\/wp-json\/wp\/v2\/media\/646370"}],"wp:attachment":[{"href":"https:\/\/www.europesays.com\/fr\/wp-json\/wp\/v2\/media?parent=646369"}],"wp:term":[{"taxonomy":"category","embeddable":true,"href":"https:\/\/www.europesays.com\/fr\/wp-json\/wp\/v2\/categories?post=646369"},{"taxonomy":"post_tag","embeddable":true,"href":"https:\/\/www.europesays.com\/fr\/wp-json\/wp\/v2\/tags?post=646369"}],"curies":[{"name":"wp","href":"https:\/\/api.w.org\/{rel}","templated":true}]}}