{"id":646371,"date":"2026-01-07T05:20:30","date_gmt":"2026-01-07T05:20:30","guid":{"rendered":"https:\/\/www.europesays.com\/fr\/646371\/"},"modified":"2026-01-07T05:20:30","modified_gmt":"2026-01-07T05:20:30","slug":"quelles-regions-touchees-et-comment-sy-preparer-mercredi","status":"publish","type":"post","link":"https:\/\/www.europesays.com\/fr\/646371\/","title":{"rendered":"quelles r\u00e9gions touch\u00e9es et comment s\u2019y pr\u00e9parer mercredi ?"},"content":{"rendered":"<p itemprop=\"description\">Un nouvel \u00e9pisode neigeux majeur va toucher l\u2019\u00cele-de-France et le Centre-Ouest d\u00e8s la nuit du 6 au 7 janvier. M\u00e9t\u00e9o France a plac\u00e9 38 d\u00e9partements en vigilance orange neige-verglas demain. VINCI Autoroutes annonce des restrictions de circulation, des zones de stationnement obligatoires pour poids lourds et conseille d\u2019adapter la conduite. Les axes A10, A11, A19, A71 et A83 sont particuli\u00e8rement concern\u00e9s. <\/p>\n<p>        Vigilance orange\u202f: d\u00e9partements et axes concern\u00e9s<br \/>&#13;<br \/>\nM\u00e9t\u00e9o France place 38 d\u00e9partements en vigilance orange neige-verglas, dont l\u2019\u00cele-de-France, la Vend\u00e9e, la Loire-Atlantique, le Maine-et-Loire ou l\u2019Eure-et-Loir. Les pr\u00e9cipitations d\u00e9buteront en fin de nuit, avec des cumuls de neige de 3 \u00e0 7 cm, localement 10 \u00e0 15 cm sur les Ardennes. Les axes autoroutiers A10, A11, A19, A20, A28, A71, A83 et A87 sont particuli\u00e8rement expos\u00e9s. Les temp\u00e9ratures tr\u00e8s basses favoriseront la formation de verglas, rendant la circulation dangereuse.<br \/>\nDans la mesure du possible <strong>\u00e9vitez de circuler demain mercredi, en particulier dans la r\u00e9gion parisienne<\/strong>.Restrictions de circulation et zones de stationnement<br \/>&#13;<br \/>\nD\u00e8s 5h30 mercredi, des restrictions s\u2019appliqueront aux poids lourds. Une interdiction de circuler pour les v\u00e9hicules de plus de 7,5 tonnes est annonc\u00e9e en \u00cele-de-France jusqu\u2019\u00e0 20h. Des zones de stationnement obligatoires sont activ\u00e9es et en pr\u00e9paration\u202f:<\/p>\n<ul>\n<li><strong>A10<\/strong>\u202f: apr\u00e8s le p\u00e9age de Saint-Arnoult, au nord de Tours (p\u00e9age de Monnaie) et apr\u00e8s Artenay (sortie n\u00b013).<br \/>&#13;<\/li>\n<li><strong>A11<\/strong>\u202f: aire de Chartres Bois Paris.<br \/>&#13;<\/li>\n<li><strong>A71<\/strong>\u202f: secteur de Salbris, \u00e0 50 km au sud d\u2019Orl\u00e9ans.<\/li>\n<\/ul>\n<p>Ces dispositifs visent \u00e0 \u00e9viter les blocages et garantir la s\u00e9curit\u00e9 de tous.L\u2019A63 reste totalement coup\u00e9e en direction de Saint-S\u00e9bastien<br \/>&#13;<br \/>\nDans le secteur de Saint-Geours-de-Maremne, les op\u00e9rations d\u2019\u00e9vacuation d\u2019un poids lourd citerne, impliqu\u00e9 dans l\u2019accident et transportant des mati\u00e8res dangereuses, sont toujours en cours. Cette intervention est complexe et devrait durer plusieurs heures. Le trafic demeure fortement perturb\u00e9 dans les Landes, avec des ralentissements importants sur les axes secondaires. Les autorit\u00e9s conseillent d\u2019\u00e9viter ce secteur et de privil\u00e9gier des itin\u00e9raires alternatifs (A62\/A65\/A64), car la situation restera d\u00e9licate pendant une longue p\u00e9riode.<br \/>\nSelon M\u00e9t\u00e9o France, un risque de pluies vergla\u00e7antes demeure pour demain matin entre les Landes et les Pyr\u00e9n\u00e9es-Atlantiques (A63, A64).<br \/>\nConseils pratiques pour les automobilistes<br \/>&#13;<br \/>\nSi vous devez prendre la route malgr\u00e9 tout, v\u00e9rifiez les conditions de circulation avant de prendre la route, \u00e9quipez votre v\u00e9hicule de pneus hiver ou cha\u00eenes, et emportez des \u00e9quipements de secours (couverture, eau, nourriture). Adapte sa conduite est essentiel\u202f: respecter les distances, anticiper les freinages et r\u00e9duire la vitesse. Il est interdit de d\u00e9passer les engins de salage ou de d\u00e9neigement en action, sous peine d\u2019amende et suspension de permis.<strong>D\u00e9partements en vigilance orange neige-verglas<\/strong><br \/>&#13;<\/p>\n<ul>\n<li>Hauts-de-France<br \/>&#13;<\/li>\n<li>\u00cele-de-France (Yvelines, Essonne, Hauts-de-Seine)<br \/>&#13;<\/li>\n<li>Centre-Val de Loire (Eure-et-Loir, Loiret, Loir-et-Cher, Indre-et-Loire, Cher)<br \/>&#13;<\/li>\n<li>Poitou-Charentes (Charente-Maritime, Vienne, Deux-S\u00e8vres)<br \/>&#13;<\/li>\n<li>Limousin (Corr\u00e8ze)<br \/>&#13;<\/li>\n<li>Pays de la Loire (Maine-et-Loire, Mayenne, Sarthe, Loire-Atlantique, Vend\u00e9e)<br \/>&#13;<\/li>\n<li>Orne (Normandie)<br \/>&#13;<\/li>\n<li>Yonne (Bourgogne)<br \/>&#13;<\/li>\n<li>Ardennes (Champagne-Ardenne)<\/li>\n<\/ul>\n<p>\n<strong>Axes autoroutiers concern\u00e9s<\/strong><br \/>&#13;<\/p>\n<ul>\n<li><strong>A10<\/strong>\u202f: Paris \u2194 Saint-Arnoult \u2194 Tours<br \/>&#13;<\/li>\n<li><strong>A11<\/strong>\u202f: Paris \u2194 Chartres \u2194 Le Mans<br \/>&#13;<\/li>\n<li><strong>A19<\/strong>\u202f: Contournement sud de l\u2019\u00cele-de-France<br \/>&#13;<\/li>\n<li><strong>A71<\/strong>\u202f: Orl\u00e9ans \u2194 Salbris<br \/>&#13;<\/li>\n<li><strong>A83 \/ A87<\/strong>\u202f: Vend\u00e9e \u2194 Loire-Atlantique<br \/>&#13;<\/li>\n<li><strong>A28<\/strong>\u202f: Normandie \u2194 Tours<br \/>&#13;<\/li>\n<li><strong>A85<\/strong>\u202f: Angers \u2194 Tours<br \/>&#13;<\/li>\n<li><strong>A20<\/strong>\u202f: Limousin \u2194 Centre<br \/>&#13;<\/li>\n<li><strong>A81<\/strong>\u202f: Le Mans \u2194 Rennes<\/li>\n<\/ul>\n","protected":false},"excerpt":{"rendered":"Un nouvel \u00e9pisode neigeux majeur va toucher l\u2019\u00cele-de-France et le Centre-Ouest d\u00e8s la nuit du 6 au 7&hellip;\n","protected":false},"author":2,"featured_media":646372,"comment_status":"","ping_status":"","sticky":false,"template":"","format":"standard","meta":{"footnotes":""},"categories":[1592],"tags":[1111,11,2563,1365,1777,674,1011,27,662,6774,10584,75206,12,10542,626,29155,1306,25,21412,27319],"class_list":{"0":"post-646371","1":"post","2":"type-post","3":"status-publish","4":"format-standard","5":"has-post-thumbnail","7":"category-ile-de-france","8":"tag-actu","9":"tag-actualites","10":"tag-deuxieme","11":"tag-episode","12":"tag-eu","13":"tag-europe","14":"tag-fr","15":"tag-france","16":"tag-ile-de-france","17":"tag-mercredi","18":"tag-neige","19":"tag-neigeux","20":"tag-news","21":"tag-nouvel","22":"tag-paris","23":"tag-preparer","24":"tag-regions","25":"tag-republique-francaise","26":"tag-touchees","27":"tag-vague"},"share_on_mastodon":{"url":"https:\/\/pubeurope.com\/@fr\/115852137133143018","error":""},"_links":{"self":[{"href":"https:\/\/www.europesays.com\/fr\/wp-json\/wp\/v2\/posts\/646371","targetHints":{"allow":["GET"]}}],"collection":[{"href":"https:\/\/www.europesays.com\/fr\/wp-json\/wp\/v2\/posts"}],"about":[{"href":"https:\/\/www.europesays.com\/fr\/wp-json\/wp\/v2\/types\/post"}],"author":[{"embeddable":true,"href":"https:\/\/www.europesays.com\/fr\/wp-json\/wp\/v2\/users\/2"}],"replies":[{"embeddable":true,"href":"https:\/\/www.europesays.com\/fr\/wp-json\/wp\/v2\/comments?post=646371"}],"version-history":[{"count":0,"href":"https:\/\/www.europesays.com\/fr\/wp-json\/wp\/v2\/posts\/646371\/revisions"}],"wp:featuredmedia":[{"embeddable":true,"href":"https:\/\/www.europesays.com\/fr\/wp-json\/wp\/v2\/media\/646372"}],"wp:attachment":[{"href":"https:\/\/www.europesays.com\/fr\/wp-json\/wp\/v2\/media?parent=646371"}],"wp:term":[{"taxonomy":"category","embeddable":true,"href":"https:\/\/www.europesays.com\/fr\/wp-json\/wp\/v2\/categories?post=646371"},{"taxonomy":"post_tag","embeddable":true,"href":"https:\/\/www.europesays.com\/fr\/wp-json\/wp\/v2\/tags?post=646371"}],"curies":[{"name":"wp","href":"https:\/\/api.w.org\/{rel}","templated":true}]}}