{"id":646389,"date":"2026-01-07T05:29:11","date_gmt":"2026-01-07T05:29:11","guid":{"rendered":"https:\/\/www.europesays.com\/fr\/646389\/"},"modified":"2026-01-07T05:29:11","modified_gmt":"2026-01-07T05:29:11","slug":"les-emissions-de-gaz-a-effet-de-serre-ont-chute-trop-lentement-en-2025-avertissent-des-experts","status":"publish","type":"post","link":"https:\/\/www.europesays.com\/fr\/646389\/","title":{"rendered":"les \u00e9missions de gaz \u00e0 effet de serre ont chut\u00e9 trop lentement en 2025, avertissent des experts"},"content":{"rendered":"<p>\n    \u00abSi la tendance se maintient, l\u2019objectif climatique pour 2030\u00bb de r\u00e9duire les \u00e9missions de 65% par rapport \u00e0 1990 \u00abest menac\u00e9\u00bb, assure le groupe d\u2019experts Agora Energiewende.<\/p>\n<p class=\"fig-paragraph\">Les \u00e9missions de\u00a0<a href=\"https:\/\/www.lefigaro.fr\/tag\/gaz-a-effet-de-serre\" target=\"_blank\" rel=\"nofollow noopener\" data-gtm-custom-categorie=\"navigation\" data-gtm-custom-action=\"crossclick\" data-gtm-custom-label=\"Contextuel\" data-gtm-event=\"customEventSPE\">gaz \u00e0 effet de serre<\/a>\u00a0en Allemagne ont recul\u00e9 de 1,5% en 2025 d&rsquo;apr\u00e8s un groupe d&rsquo;experts, un rythme plus lent encore que celui des deux derni\u00e8res ann\u00e9es, mettant en p\u00e9ril les objectifs climatiques allemands, selon eux.<\/p>\n<p class=\"fig-paragraph\">D\u2019apr\u00e8s l\u2019\u00e9tude annuelle d\u2019Agora Energiewende publi\u00e9e mercredi, l\u2019Allemagne a r\u00e9duit de 1,5% ses \u00e9missions en 2025, \u00e0 640 millions de tonnes d\u2019\u00e9quivalent CO2. C\u2019est trop lent, pr\u00e9viennent clairement les experts\u00a0: \u00abSi la tendance se maintient, l\u2019objectif climatique pour 2030\u00bb de r\u00e9duire les \u00e9missions de 65% par rapport \u00e0 1990 \u00abest menac\u00e9\u00bb. D\u2019autant que, selon cette source, la crise industrielle allemande est d\u2019avantage responsable de la modeste baisse des \u00e9missions que des changements structurels dans l\u2019\u00e9conomie.<\/p>\n<p>                                            <a class=\"fig-a11y-skip\" href=\"#fig-a11y-skip-main-inarticle\" data-module=\"a11y-skip\" data-context=\"was @visible\"><br \/>\n    Passer la publicit\u00e9<br \/>\n<\/a>            <\/p>\n<p class=\"fig-paragraph\">Pour 2025, l\u2019Allemagne reste dans les clous fix\u00e9s par la loi, \u00abmais la protection du climat perd de la vitesse\u00bb, estime Agora Energiewende. Les rejets de gaz \u00e0 effet de serre avaient en effet chut\u00e9 de 3% en 2024 par rapport \u00e0 l\u2019ann\u00e9e pr\u00e9c\u00e9dente et d\u2019environ 10% en 2023. Or, d\u00e8s cette ann\u00e9e jusque 2030, Berlin va devoir acc\u00e9l\u00e9rer: il faudra \u00e9conomiser en moyenne 36 millions de tonnes d\u2019\u00e9quivalent CO2 par an, soit 4 fois plus qu\u2019en 2025.<\/p>\n<p>                                            Le climat, un sujet pas prioritaire<\/p>\n<p class=\"fig-paragraph\">L\u2019an pass\u00e9, de bons signaux ont sembl\u00e9 \u00e9maner de l\u2019industrie, particuli\u00e8rement \u00e9nergivore, avec des \u00e9missions de CO2 qui ont d\u00e9gringol\u00e9 de 7,2%. Mais cela n\u2019est d\u00fb qu\u2019\u00e0 la diminution de la production \u00e0 cause d\u2019une \u00abdemande faible et des march\u00e9s mondiaux tendus\u00bb, notamment dans la chimie et la construction de machines. Agora Energiewende d\u00e9plore que, de la crise sanitaire en 2020 aux droits de douane am\u00e9ricain en 2025, la r\u00e9duction des \u00e9missions soit \u00aben grande partie li\u00e9e aux crises\u00bb et non \u00e0 des moyens de production plus propres.<\/p>\n<p class=\"fig-paragraph\">Mauvais \u00e9l\u00e8ves de la transition \u00e9nerg\u00e9tique, les b\u00e2timents et les transports ont quant \u00e0 eux d\u2019avantage pollu\u00e9 \u00e0 cause des temp\u00e9ratures plus froides et de la hausse des ventes de carburants. La baisse des investissements a \u00abfrein\u00e9 la reprise \u00e9conomique et la transition vers une production climatiquement neutre\u00bb, ajoute l\u2019\u00e9tude. Celle-ci rel\u00e8ve n\u00e9anmoins la part grandissante des renouvelables dans la demande d\u2019\u00e9lectricit\u00e9, gr\u00e2ce \u00e0 un ensoleillement record en 2025. \u00abLes efforts des derni\u00e8res ann\u00e9es portent leurs fruits\u00bb, estiment les auteurs.<\/p>\n<p class=\"fig-paragraph\">S\u2019appuyant sur des enqu\u00eates d\u2019opinion, Agora Energiewende note que l\u2019inqui\u00e9tude face au changement climatique reste intacte, mais que d\u2019autres th\u00e8mes ont pris d\u2019avantage d\u2019importance. Le d\u00e9bat s\u2019est d\u00e9plac\u00e9 vers les questions de pouvoir d\u2019achat et de s\u00e9curit\u00e9, qui ont domin\u00e9 la campagne l\u00e9gislative de f\u00e9vrier remport\u00e9e par les conservateurs. Priorit\u00e9 du pr\u00e9c\u00e9dent gouvernement, la poursuite des objectifs climatiques semble plus incertaine sous la coalition des conservateurs et sociaux-d\u00e9mocrates intronis\u00e9e en mai. Depuis, \u00abde nouveaux jalons en mati\u00e8re de politique \u00e9nerg\u00e9tique et climatique se sont largement fait attendre\u00bb, notent les experts.<\/p>\n<p class=\"fig-paragraph\">Pour relancer l\u2019\u00e9conomie, le chancelier Friedrich Merz d\u00e9fend plut\u00f4t un all\u00e8gement des normes environnementales et a combattu \u00e0 Bruxelles contre l\u2019interdiction de la vente de moteurs thermiques neufs \u00e0 partir de 2035. Quant \u00e0 la ministre de l\u2019\u00e9conomie Katherina Reiche, elle a promis de tailler dans les subventions, jug\u00e9es trop g\u00e9n\u00e9reuses, aux \u00e9nergies propres. Le gouvernement doit organiser un \u00absoutien cibl\u00e9 pour les pompes \u00e0 chaleur et les voitures \u00e9lectriques\u00bb, et r\u00e9viser rapidement la loi sur les \u00e9nergies renouvelables et celle sur l\u2019\u00e9nergie des b\u00e2timents, demande entre autres Agora Energiewende.<\/p>\n","protected":false},"excerpt":{"rendered":"\u00abSi la tendance se maintient, l\u2019objectif climatique pour 2030\u00bb de r\u00e9duire les \u00e9missions de 65% par rapport \u00e0&hellip;\n","protected":false},"author":2,"featured_media":646390,"comment_status":"","ping_status":"","sticky":false,"template":"","format":"standard","meta":{"footnotes":""},"categories":[1587],"tags":[11,672,1804,1129,1805,1803,1777,674,16743,1801,12,1802],"class_list":{"0":"post-646389","1":"post","2":"type-post","3":"status-publish","4":"format-standard","5":"has-post-thumbnail","7":"category-allemagne","8":"tag-actualites","9":"tag-allemagne","10":"tag-bundesrepublik-deutschland","11":"tag-climat","12":"tag-de","13":"tag-deutschland","14":"tag-eu","15":"tag-europe","16":"tag-gaz-a-effet-de-serre","17":"tag-germany","18":"tag-news","19":"tag-republique-federale-dallemagne"},"share_on_mastodon":{"url":"https:\/\/pubeurope.com\/@fr\/115852172550294614","error":""},"_links":{"self":[{"href":"https:\/\/www.europesays.com\/fr\/wp-json\/wp\/v2\/posts\/646389","targetHints":{"allow":["GET"]}}],"collection":[{"href":"https:\/\/www.europesays.com\/fr\/wp-json\/wp\/v2\/posts"}],"about":[{"href":"https:\/\/www.europesays.com\/fr\/wp-json\/wp\/v2\/types\/post"}],"author":[{"embeddable":true,"href":"https:\/\/www.europesays.com\/fr\/wp-json\/wp\/v2\/users\/2"}],"replies":[{"embeddable":true,"href":"https:\/\/www.europesays.com\/fr\/wp-json\/wp\/v2\/comments?post=646389"}],"version-history":[{"count":0,"href":"https:\/\/www.europesays.com\/fr\/wp-json\/wp\/v2\/posts\/646389\/revisions"}],"wp:featuredmedia":[{"embeddable":true,"href":"https:\/\/www.europesays.com\/fr\/wp-json\/wp\/v2\/media\/646390"}],"wp:attachment":[{"href":"https:\/\/www.europesays.com\/fr\/wp-json\/wp\/v2\/media?parent=646389"}],"wp:term":[{"taxonomy":"category","embeddable":true,"href":"https:\/\/www.europesays.com\/fr\/wp-json\/wp\/v2\/categories?post=646389"},{"taxonomy":"post_tag","embeddable":true,"href":"https:\/\/www.europesays.com\/fr\/wp-json\/wp\/v2\/tags?post=646389"}],"curies":[{"name":"wp","href":"https:\/\/api.w.org\/{rel}","templated":true}]}}