{"id":64639,"date":"2025-04-30T15:08:08","date_gmt":"2025-04-30T15:08:08","guid":{"rendered":"https:\/\/www.europesays.com\/fr\/64639\/"},"modified":"2025-04-30T15:08:08","modified_gmt":"2025-04-30T15:08:08","slug":"les-barbecues-lyriques-de-leglise-saint-guillaume-a-strasbourg","status":"publish","type":"post","link":"https:\/\/www.europesays.com\/fr\/64639\/","title":{"rendered":"les barbecues lyriques de l&rsquo;\u00e9glise Saint-Guillaume \u00e0 Strasbourg"},"content":{"rendered":"<p>            Par<br \/>\n        <strong><br \/>\n            <a href=\"https:\/\/actu.fr\/auteur\/ivan-capecchi\" title=\"Consulter tous les articles de Ivan CAPECCHI\" target=\"_blank\" rel=\"noopener\">Ivan CAPECCHI<\/a><br \/>\n        <\/strong><\/p>\n<p>        Publi\u00e9 le<\/p>\n<p>            30 avr. 2025 \u00e0 16h06        <\/p>\n<p>Les 9, 11 et 12 juillet 2025, l\u2019<a href=\"https:\/\/actu.fr\/grand-est\/strasbourg_67482\/strasbourg-cette-eglise-choisit-d-afficher-le-drapeau-lgbt-il-faut-assumer-ses-convictions_61627001.html\" target=\"_blank\" rel=\"noopener\">\u00e9glise Saint-Guillaume \u00e0 Strasbourg<\/a> organise trois soir\u00e9es intitul\u00e9es <strong>BBQ Lyriques<\/strong>, une initiative qui avait rencontr\u00e9 un fort succ\u00e8s l\u2019an dernier.<\/p>\n<p class=\" wall-content\">L\u2019\u00e9v\u00e9nement associe <strong>repr\u00e9sentation d\u2019op\u00e9ra<\/strong> et <strong>repas partag\u00e9 dans les jardins du lieu<\/strong>.<\/p>\n<p>Mozart mis \u00e0 l\u2019honneur<\/p>\n<p class=\" wall-content\">Au programme : Les Noces de Figaro de <strong>Mozart<\/strong>, interpr\u00e9t\u00e9es par Kseniia Proshina (Suzanne), Louis de Lavign\u00e8re (Figaro), Margarita Polonskaya (la Comtesse) et Romanas Kudrasov (le Comte).<\/p>\n<p class=\" wall-content\">La mise en sc\u00e8ne est assur\u00e9e par Guillem Aubry.<\/p>\n<p>Vid\u00e9os : en ce moment sur Actu48 \u20ac par personne<\/p>\n<p class=\" wall-content\">Chaque soir\u00e9e dure<strong> environ 4h<\/strong> et comprend l\u2019acc\u00e8s \u00e0 la repr\u00e9sentation ainsi qu\u2019un repas (viande, charcuterie, salade de fruits). Les boissons ne sont pas incluses. Le tarif est de <strong>48 \u20ac par personne<\/strong>.<\/p>\n<p class=\" wall-content\">L\u2019\u00e9v\u00e9nement est organis\u00e9 par <strong>l\u2019association Passions crois\u00e9es<\/strong>, dans le cadre de la saison culturelle de l\u2019\u00e9glise.<\/p>\n<p>Informations pratiques\u00a0:\u00a0\u00e9glise\u00a0Saint-Guillaume, 1 rue Munch, Strasbourg \u2013\u00a0saint-guillaume.org\u00a0\u2013\u00a0Dates\u00a0des BBQ lyriques\u00a0: 9, 11 et 12 juillet \u2013\u00a0Tarif\u00a0: 48\u20ac par personne \u2013 Dur\u00e9e\u00a0: 4h \u2013\u00a0Sont compris\u00a0: acc\u00e8s \u00e0 l\u2019op\u00e9ra, repas (une belle pi\u00e8ce de viande, de la charcuterie et des fruits frais en salade), boissons non incluses.<\/p>\n<p class=\" wall-content\">Suivez toute l\u2019actualit\u00e9 de vos villes et m\u00e9dias favoris en vous inscrivant \u00e0 <a href=\"https:\/\/moncompte.actu.fr\" title=\"D\u00e9couvez Mon Actu\" rel=\"nofollow noopener\" data-trk=\"{&quot;cta&quot;:{&quot;action&quot;:&quot;https:\\\/\\\/moncompte.actu.fr&quot;,&quot;category&quot;:&quot;mon compte&quot;,&quot;from&quot;:&quot;article footer&quot;,&quot;name&quot;:&quot;Mon actu&quot;,&quot;type&quot;:&quot;cta&quot;}}\" target=\"_blank\">Mon Actu<\/a>.<\/p>\n","protected":false},"excerpt":{"rendered":"Par Ivan CAPECCHI Publi\u00e9 le 30 avr. 2025 \u00e0 16h06 Les 9, 11 et 12 juillet 2025, l\u2019\u00e9glise&hellip;\n","protected":false},"author":2,"featured_media":64640,"comment_status":"","ping_status":"","sticky":false,"template":"","format":"standard","meta":{"footnotes":""},"categories":[2820],"tags":[1111,11,1777,674,1011,27,775,1757,1652,12,25,853,640],"class_list":{"0":"post-64639","1":"post","2":"type-post","3":"status-publish","4":"format-standard","5":"has-post-thumbnail","7":"category-strasbourg","8":"tag-actu","9":"tag-actualites","10":"tag-eu","11":"tag-europe","12":"tag-fr","13":"tag-france","14":"tag-grand-est","15":"tag-insolite","16":"tag-loisirs-culture","17":"tag-news","18":"tag-republique-francaise","19":"tag-spectacles","20":"tag-strasbourg"},"share_on_mastodon":{"url":"https:\/\/pubeurope.com\/@fr\/114427547106855666","error":""},"_links":{"self":[{"href":"https:\/\/www.europesays.com\/fr\/wp-json\/wp\/v2\/posts\/64639","targetHints":{"allow":["GET"]}}],"collection":[{"href":"https:\/\/www.europesays.com\/fr\/wp-json\/wp\/v2\/posts"}],"about":[{"href":"https:\/\/www.europesays.com\/fr\/wp-json\/wp\/v2\/types\/post"}],"author":[{"embeddable":true,"href":"https:\/\/www.europesays.com\/fr\/wp-json\/wp\/v2\/users\/2"}],"replies":[{"embeddable":true,"href":"https:\/\/www.europesays.com\/fr\/wp-json\/wp\/v2\/comments?post=64639"}],"version-history":[{"count":0,"href":"https:\/\/www.europesays.com\/fr\/wp-json\/wp\/v2\/posts\/64639\/revisions"}],"wp:featuredmedia":[{"embeddable":true,"href":"https:\/\/www.europesays.com\/fr\/wp-json\/wp\/v2\/media\/64640"}],"wp:attachment":[{"href":"https:\/\/www.europesays.com\/fr\/wp-json\/wp\/v2\/media?parent=64639"}],"wp:term":[{"taxonomy":"category","embeddable":true,"href":"https:\/\/www.europesays.com\/fr\/wp-json\/wp\/v2\/categories?post=64639"},{"taxonomy":"post_tag","embeddable":true,"href":"https:\/\/www.europesays.com\/fr\/wp-json\/wp\/v2\/tags?post=64639"}],"curies":[{"name":"wp","href":"https:\/\/api.w.org\/{rel}","templated":true}]}}