{"id":646410,"date":"2026-01-07T05:45:26","date_gmt":"2026-01-07T05:45:26","guid":{"rendered":"https:\/\/www.europesays.com\/fr\/646410\/"},"modified":"2026-01-07T05:45:26","modified_gmt":"2026-01-07T05:45:26","slug":"cognac-sexpose-en-peinture-a-lhotel-de-ville","status":"publish","type":"post","link":"https:\/\/www.europesays.com\/fr\/646410\/","title":{"rendered":"Cognac s\u2019expose en peinture \u00e0 l\u2019h\u00f4tel de ville"},"content":{"rendered":"<p>    La r\u00e9daction vous conseille<\/p>\n<p>Une m\u00eame source d\u2019inspiration, mais deux approches artistiques distinctes. Kim Pardon privil\u00e9gie le d\u00e9tail et la finesse, travaillant \u00e0 l\u2019aquarelle et aux pinceaux, tandis que Roger Fages recherche le relief \u00e0 l\u2019aide de couteaux \u00e0 peindre et de la peinture \u00e0 l\u2019huile.<\/p>\n<p>Les deux artistes ont \u00e9t\u00e9 remarqu\u00e9s par la municipalit\u00e9 lors de D\u00e9bal\u2019Arts, organis\u00e9 en juin dernier au jardin public. Une reconnaissance importante pour eux\u00a0: \u00ab\u00a0Tout le monde ne peut pas exposer \u00e0 la mairie. Il y a une s\u00e9lection, c\u2019est tr\u00e8s valorisant\u00a0\u00bb, confient-ils.<\/p>\n<p>        <img decoding=\"async\" id=\"27301967\" src=\"https:\/\/www.europesays.com\/fr\/wp-content\/uploads\/2026\/01\/expo-fages-et-pardon-5.jpg\" alt=\"L\u2019h\u00f4tel de ville de Cognac par Roger Fages.\" itemprop=\"contentURL\"\/><\/p>\n<p>    L\u2019h\u00f4tel de ville de Cognac par Roger Fages.<\/p>\n<p>Repro CL<\/p>\n<p>        <img decoding=\"async\" id=\"27301970\" src=\"https:\/\/www.europesays.com\/fr\/wp-content\/uploads\/2026\/01\/expo-fages-et-pardon-4.jpeg\" alt=\"La place Fran\u00e7ois-Ier avec son man\u00e8ge par Roger Fages.\" itemprop=\"contentURL\"\/><\/p>\n<p>    La place Fran\u00e7ois-Ier avec son man\u00e8ge par Roger Fages.<\/p>\n<p>Repro CL<\/p>\n<p>        <img decoding=\"async\" id=\"27301936\" src=\"https:\/\/www.europesays.com\/fr\/wp-content\/uploads\/2026\/01\/expo-fages-et-pardon-1.jpeg\" alt=\"Nature morte par Kim Pardon.\" itemprop=\"contentURL\"\/><\/p>\n<p>    Nature morte par Kim Pardon.<\/p>\n<p>Repro CL<\/p>\n<p>Autodidacte, le septuag\u00e9naire s\u2019est lanc\u00e9 dans la peinture il y a quinze ans. Kim, quant \u00e0 elle, a d\u00e9but\u00e9 il y a treize ans apr\u00e8s avoir suivi des cours. Leur rencontre s\u2019est faite lors de concours de peinture, o\u00f9 ils sont aujourd\u2019hui des partenaires r\u00e9guliers. \u00ab\u00a0Nous peignons g\u00e9n\u00e9ralement les villages et le patrimoine des villes organisatrices. Chacun choisit son sujet et r\u00e9alise sa toile\u00a0\u00bb, pr\u00e9cise Kim.<\/p>\n<p>Leurs \u0153uvres sont visibles \u00e0 l\u2019h\u00f4tel de ville jusqu\u2019au 31\u00a0janvier. Les deux artistes participeront de nouveau au D\u00e9bal\u2019Arts en 2026 et exposeront au couvent des R\u00e9collets en octobre de la m\u00eame ann\u00e9e.<\/p>\n","protected":false},"excerpt":{"rendered":"La r\u00e9daction vous conseille Une m\u00eame source d\u2019inspiration, mais deux approches artistiques distinctes. Kim Pardon privil\u00e9gie le d\u00e9tail&hellip;\n","protected":false},"author":2,"featured_media":646411,"comment_status":"","ping_status":"","sticky":false,"template":"","format":"standard","meta":{"footnotes":""},"categories":[1358],"tags":[1348,1384,1385,1386,58,59,1011,27],"class_list":{"0":"post-646410","1":"post","2":"type-post","3":"status-publish","4":"format-standard","5":"has-post-thumbnail","7":"category-arts-et-design","8":"tag-arts","9":"tag-arts-and-design","10":"tag-arts-et-design","11":"tag-design","12":"tag-divertissement","13":"tag-entertainment","14":"tag-fr","15":"tag-france"},"share_on_mastodon":{"url":"https:\/\/pubeurope.com\/@fr\/115852235536484400","error":""},"_links":{"self":[{"href":"https:\/\/www.europesays.com\/fr\/wp-json\/wp\/v2\/posts\/646410","targetHints":{"allow":["GET"]}}],"collection":[{"href":"https:\/\/www.europesays.com\/fr\/wp-json\/wp\/v2\/posts"}],"about":[{"href":"https:\/\/www.europesays.com\/fr\/wp-json\/wp\/v2\/types\/post"}],"author":[{"embeddable":true,"href":"https:\/\/www.europesays.com\/fr\/wp-json\/wp\/v2\/users\/2"}],"replies":[{"embeddable":true,"href":"https:\/\/www.europesays.com\/fr\/wp-json\/wp\/v2\/comments?post=646410"}],"version-history":[{"count":0,"href":"https:\/\/www.europesays.com\/fr\/wp-json\/wp\/v2\/posts\/646410\/revisions"}],"wp:featuredmedia":[{"embeddable":true,"href":"https:\/\/www.europesays.com\/fr\/wp-json\/wp\/v2\/media\/646411"}],"wp:attachment":[{"href":"https:\/\/www.europesays.com\/fr\/wp-json\/wp\/v2\/media?parent=646410"}],"wp:term":[{"taxonomy":"category","embeddable":true,"href":"https:\/\/www.europesays.com\/fr\/wp-json\/wp\/v2\/categories?post=646410"},{"taxonomy":"post_tag","embeddable":true,"href":"https:\/\/www.europesays.com\/fr\/wp-json\/wp\/v2\/tags?post=646410"}],"curies":[{"name":"wp","href":"https:\/\/api.w.org\/{rel}","templated":true}]}}