{"id":646414,"date":"2026-01-07T05:48:11","date_gmt":"2026-01-07T05:48:11","guid":{"rendered":"https:\/\/www.europesays.com\/fr\/646414\/"},"modified":"2026-01-07T05:48:11","modified_gmt":"2026-01-07T05:48:11","slug":"celine-dion-se-lance-sur-tiktok","status":"publish","type":"post","link":"https:\/\/www.europesays.com\/fr\/646414\/","title":{"rendered":"C\u00e9line Dion se lance sur TikTok"},"content":{"rendered":"<p>La chanteuse a annonc\u00e9 qu&rsquo;elle allait commencer \u00e0 publier du contenu sur son compte TikTok. S&rsquo;il existait d\u00e9j\u00e0, ce compte relayait jusqu&rsquo;ici le m\u00eame contenu que les comptes Instagram ou X de la star.<\/p>\n<p><a href=\"https:\/\/www.bfmtv.com\/people\/musique\/eurovision-2025-pourquoi-celine-dion-n-a-pas-chante-alors-qu-elle-etait-a-bale_AN-202509030394.html\" title=\"Eurovision 2025: pourquoi C\u00e9line Dion n&#039;a pas chant\u00e9, alors qu&#039;elle \u00e9tait \u00e0 B\u00e2le\" class=\"internal_link\" target=\"_blank\" rel=\"noopener\">C\u00e9line Dion<\/a> d\u00e9barque sur TikTok. Ce lundi 5 janvier, la chanteuse a publi\u00e9 une vid\u00e9o pour annoncer qu&rsquo;elle allait se lancer sur le r\u00e9seau social chinois o\u00f9 elle a d\u00e9j\u00e0 un compte sur lequel \u00e9tait jusqu&rsquo;alors uniquement publi\u00e9 le m\u00eame contenu que sur ses son compte Instagram.<\/p>\n<p>Dans son TikTok, l&rsquo;artiste de 57 ans explique avoir \u00e9t\u00e9 motiv\u00e9e par ses enfants, <a href=\"https:\/\/www.bfmtv.com\/people\/musique\/rene-charles-angelil-le-fils-de-celine-dion-sort-un-ep-de-rap_AN-202101290149.html\" title=\"Ren\u00e9-Charles Ang\u00e9lil, le fils de C\u00e9line Dion, sort un EP de rap\" class=\"internal_link\" target=\"_blank\" rel=\"noopener\">Ren\u00e9-Charles<\/a> et les jumeaux Nelson et Eddy ainsi que par ses \u00e9quipes pour cr\u00e9er du contenu in\u00e9dit sur la plateforme.<\/p>\n<blockquote class=\"embed embed_quote\"><p>\u00ab\u00a0Je deviens cool, incroyable! TikTok j&rsquo;arrive\u00a0\u00bb, s&rsquo;exclame-t-elle dans la vid\u00e9o, o\u00f9 elle appara\u00eet v\u00eatue d&rsquo;un sweat \u00e0 capuche noir floqu\u00e9 de son pr\u00e9nom C\u00e9line.<\/p><\/blockquote>\n<p>\u00ab\u00a0Me voil\u00e0 donc en train d&rsquo;apprendre\u00a0\u00bb<\/p>\n<p>\u00ab\u00a0Ils m&rsquo;ont dit: &lsquo;C\u00e9line, c&rsquo;est le moment&#8230;&rsquo; J&rsquo;ai demand\u00e9: &lsquo;Le moment de quoi ?&rsquo; Mon \u00e9quipe m&rsquo;a alors dit qu&rsquo;elle s&rsquo;occuperait de tout, m&rsquo;a rendu mon t\u00e9l\u00e9phone, puis a disparu discr\u00e8tement. Me voil\u00e0 donc en train d&rsquo;apprendre comment fonctionne le monde de TikTok&#8230; une vid\u00e9o \u00e0 la fois\u00a0\u00bb, \u00e9crit la chanteuse en l\u00e9gende de son message.<\/p>\n<p>Reste \u00e0 voir quel le contenu la chanteuse, r\u00e9cemment apparue sur Instagram chantant son tube de 1975, All by Myself, <a href=\"https:\/\/www.bfmtv.com\/people\/celine-dion-se-deguise-en-grinch-et-chante-all-by-myself-pour-noel_AN-202512250200.html\" title=\"C\u00e9line Dion se d\u00e9guise en Grinch et chante &quot;All by Myself&quot; pour No\u00ebl\" class=\"internal_link\" target=\"_blank\" rel=\"noopener\">d\u00e9guis\u00e9e en Grinch<\/a> \u00e0 l&rsquo;occasion du r\u00e9veillon de No\u00ebl, proposera \u00e0 ses 4,7 millions d&rsquo;abonn\u00e9s sur TikTok.<\/p>\n","protected":false},"excerpt":{"rendered":"La chanteuse a annonc\u00e9 qu&rsquo;elle allait commencer \u00e0 publier du contenu sur son compte TikTok. S&rsquo;il existait d\u00e9j\u00e0,&hellip;\n","protected":false},"author":2,"featured_media":163666,"comment_status":"","ping_status":"","sticky":false,"template":"","format":"standard","meta":{"footnotes":""},"categories":[1355],"tags":[58,59,1011,27,1361,873],"class_list":{"0":"post-646414","1":"post","2":"type-post","3":"status-publish","4":"format-standard","5":"has-post-thumbnail","7":"category-musique","8":"tag-divertissement","9":"tag-entertainment","10":"tag-fr","11":"tag-france","12":"tag-music","13":"tag-musique"},"share_on_mastodon":{"url":"https:\/\/pubeurope.com\/@fr\/115852247265360770","error":""},"_links":{"self":[{"href":"https:\/\/www.europesays.com\/fr\/wp-json\/wp\/v2\/posts\/646414","targetHints":{"allow":["GET"]}}],"collection":[{"href":"https:\/\/www.europesays.com\/fr\/wp-json\/wp\/v2\/posts"}],"about":[{"href":"https:\/\/www.europesays.com\/fr\/wp-json\/wp\/v2\/types\/post"}],"author":[{"embeddable":true,"href":"https:\/\/www.europesays.com\/fr\/wp-json\/wp\/v2\/users\/2"}],"replies":[{"embeddable":true,"href":"https:\/\/www.europesays.com\/fr\/wp-json\/wp\/v2\/comments?post=646414"}],"version-history":[{"count":0,"href":"https:\/\/www.europesays.com\/fr\/wp-json\/wp\/v2\/posts\/646414\/revisions"}],"wp:featuredmedia":[{"embeddable":true,"href":"https:\/\/www.europesays.com\/fr\/wp-json\/wp\/v2\/media\/163666"}],"wp:attachment":[{"href":"https:\/\/www.europesays.com\/fr\/wp-json\/wp\/v2\/media?parent=646414"}],"wp:term":[{"taxonomy":"category","embeddable":true,"href":"https:\/\/www.europesays.com\/fr\/wp-json\/wp\/v2\/categories?post=646414"},{"taxonomy":"post_tag","embeddable":true,"href":"https:\/\/www.europesays.com\/fr\/wp-json\/wp\/v2\/tags?post=646414"}],"curies":[{"name":"wp","href":"https:\/\/api.w.org\/{rel}","templated":true}]}}