{"id":646417,"date":"2026-01-07T05:50:12","date_gmt":"2026-01-07T05:50:12","guid":{"rendered":"https:\/\/www.europesays.com\/fr\/646417\/"},"modified":"2026-01-07T05:50:12","modified_gmt":"2026-01-07T05:50:12","slug":"une-recuperation-du-cerveau-jugee-impossible-vient-detre-observee","status":"publish","type":"post","link":"https:\/\/www.europesays.com\/fr\/646417\/","title":{"rendered":"une r\u00e9cup\u00e9ration du cerveau jug\u00e9e impossible vient d\u2019\u00eatre observ\u00e9e"},"content":{"rendered":"<p>D&rsquo;ici 2050, pr\u00e8s de 140 millions de personnes dans le monde pourraient vivre avec une d\u00e9mence, selon <a href=\"https:\/\/www.who.int\/fr\/news\/item\/02-09-2021-world-failing-to-address-dementia-challenge\" title=\"Le probl\u00e8me de la d\u00e9mence n\u2019est pas r\u00e9solu\" target=\"_blank\" rel=\"noopener\">les estimations de l\u2019Organisation mondiale de la sant\u00e9<\/a> (OMS). <a href=\"https:\/\/www.futura-sciences.com\/sante\/dossiers\/medecine-maladie-alzheimer-decryptage-873\/\" title=\"La maladie d&#039;Alzheimer : d\u00e9cryptage\" target=\"_blank\" rel=\"noopener\">Alzheimer<\/a>, principale affection neurod\u00e9g\u00e9n\u00e9rative, ne touche pas seulement la m\u00e9moire et les fonctions cognitives des malades : elle bouleverse aussi profond\u00e9ment la vie de leurs proches.<\/p>\n<p>Jusqu&rsquo;ici, la recherche s&rsquo;est surtout concentr\u00e9e sur des moyens de pr\u00e9venir ou de freiner la progression des sympt\u00f4mes, car la maladie a \u00e9t\u00e9 largement consid\u00e9r\u00e9e comme irr\u00e9versible. Mais une nouvelle \u00e9tude, publi\u00e9e dans <a href=\"https:\/\/www.cell.com\/cell-reports-medicine\/fulltext\/S2666-3791(25)00608-1?\" title=\"Pharmacologic reversal of advanced Alzheimer\u2019s disease in mice and identification of potential therapeutic nodes in human brain\" target=\"_blank\" rel=\"noopener\">Cell Report Medicine<\/a>, sugg\u00e8re qu&rsquo;une autre voie centr\u00e9e sur l&rsquo;<a href=\"https:\/\/www.futura-sciences.com\/sciences\/definitions\/energie-energie-15884\/\" target=\"_blank\" rel=\"noopener\">\u00e9nergie<\/a> du cerveau pourrait ouvrir la possibilit\u00e9 d&rsquo;une r\u00e9cup\u00e9ration neurologique compl\u00e8te.<\/p>\n<p>Alzheimer : un cerveau \u00e0 court d\u2019\u00e9nergie<\/p>\n<p>Le cerveau humain est un organe \u00e9nergivore : bien qu&rsquo;il ne repr\u00e9sente qu&rsquo;environ 2\u202f% du poids du corps, il consomme pr\u00e8s de 20\u202f% de l&rsquo;\u00e9nergie totale produite par l&rsquo;organisme. Cette \u00e9nergie est fournie par une petite <a href=\"https:\/\/www.futura-sciences.com\/sciences\/definitions\/chimie-molecule-783\/\" target=\"_blank\" rel=\"noopener\">mol\u00e9cule<\/a> indispensable appel\u00e9e NAD+. Avec l&rsquo;\u00e2ge, les niveaux de NAD+ diminuent naturellement, rendant les cellules moins performantes dans leurs fonctions vitales.<\/p>\n<p>L&rsquo;\u00e9quipe de l&rsquo;universit\u00e9 Case Western Reserve, des H\u00f4pitaux universitaires et du Centre des anciens combattants de Cleveland\u00a0a constat\u00e9 que cette chute \u00e9nerg\u00e9tique est encore plus prononc\u00e9e dans les cerveaux atteints de la maladie d&rsquo;Alzheimer.<\/p>\n<p>Kalyani Chaubey, qui a men\u00e9 l&rsquo;\u00e9tude, explique que\u00a0\u00ab lorsque les cellules c\u00e9r\u00e9brales manquent de NAD+, elles ne parviennent plus \u00e0 assurer leurs fonctions essentielles\u00a0\u00bb. Peu \u00e0 peu, <a href=\"https:\/\/www.futura-sciences.com\/sante\/questions-reponses\/cerveau-y-t-il-differents-types-neurones-4893\/\" title=\"Pourquoi y a-t-il diff\u00e9rents types de neurones ?\" target=\"_blank\" rel=\"noopener\">les neurones<\/a> deviennent vuln\u00e9rables au <a href=\"https:\/\/www.futura-sciences.com\/sante\/definitions\/vie-stress-15106\/\" target=\"_blank\" rel=\"noopener\">stress<\/a>, \u00e0 l&rsquo;<a href=\"https:\/\/www.futura-sciences.com\/sante\/definitions\/biologie-inflammation-15288\/\" target=\"_blank\" rel=\"noopener\">inflammation<\/a> et aux dommages oxydatifs.<\/p>\n<p class=\"fs-media\">\n<p><img decoding=\"async\" data-imgid=\"full\" src=\"https:\/\/www.europesays.com\/fr\/wp-content\/uploads\/2026\/01\/sante-cerebrale-cerveau.jpeg\" width=\"1080\" height=\"617\" alt=\"\" loading=\"lazy\"\/><br \/>\nLe NAD+ est une mol\u00e9cule essentielle qui permet aux cellules du cerveau de produire de l\u2019\u00e9nergie et de se r\u00e9parer. L&rsquo;\u00e9tude\u00a0sugg\u00e8re que le r\u00e9tablissement de l\u2019\u00e9quilibre du NAD+ pourrait aider le cerveau \u00e0 retrouver certaines fonctions alt\u00e9r\u00e9es par la maladie d\u2019Alzheimer.\u00a0\u00a9 MclittleStock, Adobe Stock<\/p>\n<p>Restaurer l\u2019\u00e9quilibre du cerveau : une r\u00e9paration possible ?<\/p>\n<p>Pour tester leur hypoth\u00e8se, les chercheurs ont travaill\u00e9 sur deux <a href=\"https:\/\/www.futura-sciences.com\/sante\/definitions\/biologie-murin-10444\/\" target=\"_blank\" rel=\"noopener\">mod\u00e8les murins<\/a> d&rsquo;Alzheimer reproduisant les principales formes de la maladie humaine. Ces souris pr\u00e9sentaient un <a href=\"https:\/\/www.futura-sciences.com\/sante\/actualites\/alimentation-aliments-ultra-transformes-precipitent-ils-notre-declin-cognitif-102158\/\" title=\"Les aliments ultra-transform\u00e9s pr\u00e9cipitent-ils notre d\u00e9clin cognitif ?\" target=\"_blank\" rel=\"noopener\">d\u00e9clin cognitif<\/a> s\u00e9v\u00e8re et des l\u00e9sions c\u00e9r\u00e9brales comparables \u00e0 celles observ\u00e9es chez les patients.<\/p>\n<p>En administrant un compos\u00e9 exp\u00e9rimental appel\u00e9 P7C3-A20, con\u00e7u pour aider les cellules \u00e0 maintenir un \u00e9quilibre \u00e9nerg\u00e9tique stable sans exc\u00e8s, les r\u00e9sultats ont d\u00e9pass\u00e9 les attentes. Non seulement la progression de la maladie a \u00e9t\u00e9 stopp\u00e9e, mais les l\u00e9sions c\u00e9r\u00e9brales se sont att\u00e9nu\u00e9es\u00a0et les fonctions cognitives ont \u00e9t\u00e9 enti\u00e8rement restaur\u00e9es.<\/p>\n<p>\u00ab Le plus frappant est que cette r\u00e9cup\u00e9ration a \u00e9t\u00e9 observ\u00e9e m\u00eame lorsque la maladie \u00e9tait d\u00e9j\u00e0 tr\u00e8s avanc\u00e9e, souligne Andrew A. Pieper, auteur principal de l&rsquo;\u00e9tude.\u00a0Le cerveau a montr\u00e9 une capacit\u00e9 de r\u00e9paration que l&rsquo;on pensait perdue. \u00bb<\/p>\n<p>Les chercheurs ont \u00e9galement observ\u00e9 une normalisation d&rsquo;un biomarqueur sanguin r\u00e9cemment utilis\u00e9 chez l&rsquo;humain, renfor\u00e7ant l&rsquo;id\u00e9e d&rsquo;une v\u00e9ritable r\u00e9cup\u00e9ration biologique et fonctionnelle.<\/p>\n<p>Vers un avenir o\u00f9 Alzheimer ne serait pas une fatalit\u00e9 ?<\/p>\n<p>Ces r\u00e9sultats ne signifient pas qu&rsquo;un traitement est imminent pour les patients. Les exp\u00e9riences ont \u00e9t\u00e9 men\u00e9es chez l&rsquo;animal,\u00a0des <a href=\"https:\/\/www.futura-sciences.com\/sante\/definitions\/medecine-essai-clinique-3333\/\" target=\"_blank\" rel=\"noopener\">essais cliniques<\/a> humains seront indispensables. Mais le changement de perspective est majeur.<\/p>\n<p>Plut\u00f4t que de cibler uniquement les <a href=\"https:\/\/www.futura-sciences.com\/sante\/definitions\/biologie-proteine-237\/\" target=\"_blank\" rel=\"noopener\">prot\u00e9ines<\/a> toxiques, cette approche s&rsquo;int\u00e9resse \u00e0 la <a href=\"https:\/\/www.futura-sciences.com\/sante\/questions-reponses\/cerveau-cerveau-adulte-regenere-encore-decouverte-bouleverse-science-23001\/\" title=\"Le cerveau adulte se r\u00e9g\u00e9n\u00e8re encore : la d\u00e9couverte qui bouleverse la science\" target=\"_blank\" rel=\"noopener\">capacit\u00e9 du cerveau<\/a> \u00e0 se maintenir \u00e9nerg\u00e9tiquement en \u00e9tat de fonctionner. Un peu comme r\u00e9parer le moteur avant de changer les pi\u00e8ces.<\/p>\n<p>\u00ab Le message central est porteur d&rsquo;espoir, r\u00e9sume Andrew Pieper. Les effets de la maladie d&rsquo;Alzheimer ne sont peut-\u00eatre pas d\u00e9finitivement fig\u00e9s. Sous certaines conditions, le cerveau peut retrouver ses capacit\u00e9s. \u00bb<\/p>\n<p>Si cette piste se confirme, elle pourrait transformer la recherche sur <a href=\"https:\/\/www.futura-sciences.com\/sante\/actualites\/maladie-alzheimer-diagnostique-alzheimer-19-ans-ce-cas-defie-tout-ce-on-croyait-savoir-w2t8-129542\/\" title=\"Diagnostiqu\u00e9 Alzheimer \u00e0 19 ans : ce cas d\u00e9fie tout ce que l\u2019on croyait savoir\" target=\"_blank\" rel=\"noopener\">Alzheimer<\/a>\u00a0et, plus largement, sur d&rsquo;autres <a href=\"https:\/\/www.futura-sciences.com\/sante\/definitions\/medecine-maladie-neurodegenerative-12214\/\" target=\"_blank\" rel=\"noopener\">maladies neurod\u00e9g\u00e9n\u00e9ratives<\/a> li\u00e9es au vieillissement, en recentrant l&rsquo;attention sur un facteur longtemps sous-estim\u00e9 : l&rsquo;\u00e9nergie du cerveau lui-m\u00eame.<\/p>\n","protected":false},"excerpt":{"rendered":"D&rsquo;ici 2050, pr\u00e8s de 140 millions de personnes dans le monde pourraient vivre avec une d\u00e9mence, selon les&hellip;\n","protected":false},"author":2,"featured_media":646418,"comment_status":"","ping_status":"","sticky":false,"template":"","format":"standard","meta":{"footnotes":""},"categories":[10],"tags":[75207,231,281,285,1011,27,72,49621,7082,70049,75208,63528,40644,14258,35501,71],"class_list":{"0":"post-646417","1":"post","2":"type-post","3":"status-publish","4":"format-standard","5":"has-post-thumbnail","7":"category-sante","8":"tag-affection-neurodegenerative","9":"tag-cerveau","10":"tag-demence","11":"tag-fonctions-cognitives","12":"tag-fr","13":"tag-france","14":"tag-health","15":"tag-inflammation","16":"tag-lesions-cerebrales","17":"tag-maladie-d039alzheimer","18":"tag-nad","19":"tag-neurones","20":"tag-perte-de-memoire","21":"tag-proteines","22":"tag-recuperation","23":"tag-sante"},"share_on_mastodon":{"url":"https:\/\/pubeurope.com\/@fr\/115852255494462200","error":""},"_links":{"self":[{"href":"https:\/\/www.europesays.com\/fr\/wp-json\/wp\/v2\/posts\/646417","targetHints":{"allow":["GET"]}}],"collection":[{"href":"https:\/\/www.europesays.com\/fr\/wp-json\/wp\/v2\/posts"}],"about":[{"href":"https:\/\/www.europesays.com\/fr\/wp-json\/wp\/v2\/types\/post"}],"author":[{"embeddable":true,"href":"https:\/\/www.europesays.com\/fr\/wp-json\/wp\/v2\/users\/2"}],"replies":[{"embeddable":true,"href":"https:\/\/www.europesays.com\/fr\/wp-json\/wp\/v2\/comments?post=646417"}],"version-history":[{"count":0,"href":"https:\/\/www.europesays.com\/fr\/wp-json\/wp\/v2\/posts\/646417\/revisions"}],"wp:featuredmedia":[{"embeddable":true,"href":"https:\/\/www.europesays.com\/fr\/wp-json\/wp\/v2\/media\/646418"}],"wp:attachment":[{"href":"https:\/\/www.europesays.com\/fr\/wp-json\/wp\/v2\/media?parent=646417"}],"wp:term":[{"taxonomy":"category","embeddable":true,"href":"https:\/\/www.europesays.com\/fr\/wp-json\/wp\/v2\/categories?post=646417"},{"taxonomy":"post_tag","embeddable":true,"href":"https:\/\/www.europesays.com\/fr\/wp-json\/wp\/v2\/tags?post=646417"}],"curies":[{"name":"wp","href":"https:\/\/api.w.org\/{rel}","templated":true}]}}