{"id":646419,"date":"2026-01-07T05:51:17","date_gmt":"2026-01-07T05:51:17","guid":{"rendered":"https:\/\/www.europesays.com\/fr\/646419\/"},"modified":"2026-01-07T05:51:17","modified_gmt":"2026-01-07T05:51:17","slug":"la-rumeur-se-confirme-le-maillot-exterieur-des-bleus-sera-vert","status":"publish","type":"post","link":"https:\/\/www.europesays.com\/fr\/646419\/","title":{"rendered":"La rumeur se confirme, le maillot ext\u00e9rieur des Bleus sera vert"},"content":{"rendered":"<p>Elle nous avait habitu\u00e9s au blanc depuis de nombreuses ann\u00e9es, c\u2019est d\u00e9sormais fini, du moins pour cette ann\u00e9e\u00a02026, synonyme de Coupe du monde. L\u2019\u00c9quipe de France arborera un maillot ext\u00e9rieur de couleur verte. C\u2019est en tout cas ce qu\u2019indique le site \u00ab\u00a0Footy Headline\u00a0\u00bb \u00e0 cinq mois du d\u00e9but du Mondial am\u00e9ricain, aux \u00c9tats-Unis, au Mexique et au <a href=\"https:\/\/www.20minutes.fr\/dossier\/canada\" class=\"c-link c-link--is-underlined\" target=\"_blank\" rel=\"noopener\">Canada<\/a>.<\/p>\n<p>Un hommage \u00e0 la Statue de la Libert\u00e9<\/p>\n<p>\u00c0 l\u2019approche de la <a href=\"https:\/\/www.20minutes.fr\/dossier\/coupe_du_monde\" class=\"c-link c-link--is-underlined\" target=\"_blank\" rel=\"noopener\">Coupe du monde<\/a> (du 11\u00a0juin au 19\u00a0juillet), les maillots des s\u00e9lections commencent \u00e0 \u00eatre d\u00e9voil\u00e9s par les diff\u00e9rents \u00e9quipementiers. En ce qui concerne celui des Bleus, c\u2019est une fuite qui semble \u00eatre \u00e0 l\u2019origine des premi\u00e8res images de son maillot ext\u00e9rieur vert.<\/p>\n<p>Le site sp\u00e9cialis\u00e9 Footy Headline confirme la rumeur avant la sortie officielle. Pour lui, aucun doute, le maillot des <a href=\"https:\/\/www.20minutes.fr\/sport\/bleus\/\" class=\"c-link c-link--is-underlined\" target=\"_blank\" rel=\"noopener\">Bleus<\/a> sera vert menthe et devrait sortir en ce d\u00e9but d\u2019ann\u00e9e\u00a02026. Cette couleur in\u00e9dite ferait r\u00e9f\u00e9rence \u00e0 la Statue de la Libert\u00e9, offerte par la France aux \u00c9tats-Unis en\u00a01886, afin de c\u00e9l\u00e9brer le centenaire de l\u2019ind\u00e9pendance, dix ans plus tard. En ce qui concerne les logos et le coq, ils seront cuivr\u00e9s, tout comme le c\u00e9l\u00e8bre monument de Big Apple.<\/p>\n<p class=\"mb-m@xs text-l@xs\">En cliquant sur\u00ab J\u2019accepte \u00bb, vous acceptez le d\u00e9p\u00f4t de cookies par des services externes et aurez ainsi acc\u00e8s aux contenus de nos partenaires.<\/p>\n<p class=\"mb-xl@xs text-s@xs\">Plus d\u2019informations sur la page<a href=\"https:\/\/www.20minutes.fr\/gestion-cookies\" class=\"mx-xxs@xs color-ultramarine\" target=\"_blank\" rel=\"noopener\">Politique de gestion des cookies<\/a><\/p>\n<p>J\u2019accepteLe drapeau fran\u00e7ais au bout des manches, comme Saint-\u00c9tienne\u00a0?<\/p>\n<p>Difficile de d\u00e9chiffrer ce qui a inspir\u00e9 les designers mais les fans des Verts de\u00a01976 auront \u00e9videmment remarqu\u00e9 le drapeau tricolore au bout des manches.<\/p>\n<p>Reste \u00e0 savoir quand les hommes de <a href=\"https:\/\/www.20minutes.fr\/sport\/didier_deschamps\/\" class=\"c-link c-link--is-underlined\" target=\"_blank\" rel=\"noopener\">Didier Deschamps<\/a> arboreront cette tenue. Peut-\u00eatre le 16\u00a0juin comme le <a href=\"https:\/\/www.20minutes.fr\/monde\/senegal\/\" class=\"c-link c-link--is-underlined\" target=\"_blank\" rel=\"noopener\">S\u00e9n\u00e9gal<\/a> au MetLife Stadium, tout pr\u00e8s de <a href=\"https:\/\/www.20minutes.fr\/dossier\/new_york\" class=\"c-link c-link--is-underlined\" target=\"_blank\" rel=\"noopener\">New York<\/a>\u00a0? Rien n\u2019est moins s\u00fbr, d\u2019autant plus que les Lions de la Teranga \u00e9voluent \u00e9galement en vert habituellement\u2026<\/p>\n","protected":false},"excerpt":{"rendered":"Elle nous avait habitu\u00e9s au blanc depuis de nombreuses ann\u00e9es, c\u2019est d\u00e9sormais fini, du moins pour cette ann\u00e9e\u00a02026,&hellip;\n","protected":false},"author":2,"featured_media":646420,"comment_status":"","ping_status":"","sticky":false,"template":"","format":"standard","meta":{"footnotes":""},"categories":[9],"tags":[18833,6713,63,1011,27,14460,517,60],"class_list":{"0":"post-646419","1":"post","2":"type-post","3":"status-publish","4":"format-standard","5":"has-post-thumbnail","7":"category-sports","8":"tag-coupe-du-monde-2026","9":"tag-equipe-de-france-de-football","10":"tag-football","11":"tag-fr","12":"tag-france","13":"tag-nike","14":"tag-sport","15":"tag-sports"},"share_on_mastodon":{"url":"https:\/\/pubeurope.com\/@fr\/115852259106448113","error":""},"_links":{"self":[{"href":"https:\/\/www.europesays.com\/fr\/wp-json\/wp\/v2\/posts\/646419","targetHints":{"allow":["GET"]}}],"collection":[{"href":"https:\/\/www.europesays.com\/fr\/wp-json\/wp\/v2\/posts"}],"about":[{"href":"https:\/\/www.europesays.com\/fr\/wp-json\/wp\/v2\/types\/post"}],"author":[{"embeddable":true,"href":"https:\/\/www.europesays.com\/fr\/wp-json\/wp\/v2\/users\/2"}],"replies":[{"embeddable":true,"href":"https:\/\/www.europesays.com\/fr\/wp-json\/wp\/v2\/comments?post=646419"}],"version-history":[{"count":0,"href":"https:\/\/www.europesays.com\/fr\/wp-json\/wp\/v2\/posts\/646419\/revisions"}],"wp:featuredmedia":[{"embeddable":true,"href":"https:\/\/www.europesays.com\/fr\/wp-json\/wp\/v2\/media\/646420"}],"wp:attachment":[{"href":"https:\/\/www.europesays.com\/fr\/wp-json\/wp\/v2\/media?parent=646419"}],"wp:term":[{"taxonomy":"category","embeddable":true,"href":"https:\/\/www.europesays.com\/fr\/wp-json\/wp\/v2\/categories?post=646419"},{"taxonomy":"post_tag","embeddable":true,"href":"https:\/\/www.europesays.com\/fr\/wp-json\/wp\/v2\/tags?post=646419"}],"curies":[{"name":"wp","href":"https:\/\/api.w.org\/{rel}","templated":true}]}}