{"id":646423,"date":"2026-01-07T05:53:21","date_gmt":"2026-01-07T05:53:21","guid":{"rendered":"https:\/\/www.europesays.com\/fr\/646423\/"},"modified":"2026-01-07T05:53:21","modified_gmt":"2026-01-07T05:53:21","slug":"joueur-creatif-videaste-pro-asus-veut-redefinir-les-pc-portables-et-en-faire-des-ordinateurs-plus-personnels-que-jamais-et-que-vous-pouvez-ressentir","status":"publish","type":"post","link":"https:\/\/www.europesays.com\/fr\/646423\/","title":{"rendered":"Joueur, cr\u00e9atif, vid\u00e9aste, pro\u2026 Asus veut red\u00e9finir les PC portables et en faire des ordinateurs plus personnels que jamais et \u00ab\u00a0que vous pouvez ressentir\u00a0\u00bb"},"content":{"rendered":"<p>Profitant du CES 2026, Asus a d\u00e9voil\u00e9 de tr\u00e8s nombreux ordinateurs portables. Un tr\u00e8s large portfolio d&rsquo;appareils pour tous les profils, tous les besoins et tous les budgets, m\u00e2tin\u00e9s d&rsquo;un peu d&rsquo;IA, avec une nouvelle philosophie: trouver l&rsquo;appareil qui vous repr\u00e9sente le mieux, sur le fond et la forme.<\/p>\n<p>Le CES 2026 de Las Vegas est g\u00e9n\u00e9ralement le moment choisi par les fabricants informatiques pour rafra\u00eechir leurs gammes et introduire quelques innovations. Le tout d\u00e9sormais parsem\u00e9 d\u2019un peu d\u2019intelligence artificielle (si possible en local) pour ajouter de nouvelles fonctions, faciliter la productivit\u00e9 ou all\u00e9ger le quotidien \u2014 physiquement et philosophiquement.<\/p>\n<p>Asus ne d\u00e9roge pas \u00e0 la r\u00e8gle et profite de l\u2019occasion pour faire un peu de tout. Si certains appareils passent \u00e0 la vitesse sup\u00e9rieure en mati\u00e8re de processeurs et de choix (entre les processeurs AMD Ryzen AI de derni\u00e8re g\u00e9n\u00e9ration et Intel Core Ultra Series 3), l\u2019entreprise ta\u00efwanaise a aussi d\u00e9cid\u00e9 d&rsquo;opter pour une nouvelle approche. \u00ab\u00a0Design you can feel\u00a0\u00bb (\u00ab\u00a0le design que vous pouvez ressentir\u00a0\u00bb) est le nouveau mantra du groupe, centr\u00e9 sur le ressenti de ses appareils en main et \u00e0 l\u2019usage. Plus que jamais, \u00e0 chaque utilisateur son PC.<\/p>\n<p>Des portables \u00e9l\u00e9gants et endurants<\/p>\n<p>Depuis plusieurs ann\u00e9es, le PC portable se fait <a href=\"https:\/\/www.bfmtv.com\/tech\/guides-d-achat\/nomade-pratique-performant-quel-pc-ultraleger-choisir_AV-202305230542.html\" title=\"Nomade, pratique, performant: quel PC ultral\u00e9ger choisir?\" class=\"internal_link\" target=\"_blank\" rel=\"noopener\">\u00e9l\u00e9gant, l\u00e9ger et endurant<\/a>. Ce sont quelques-uns des atouts port\u00e9s notamment par Apple et ses Macbook, mais aussi <a href=\"https:\/\/www.bfmtv.com\/tech\/ordinateur\/fonctions-avancees-autonomie-puissance-qu-apporte-vraiment-un-pc-a-l-ia_AV-202410070027.html\" title=\"Le &quot;PC du futur&quot;: faut-il s&#039;offrir les ordinateurs propuls\u00e9s \u00e0 l&#039;IA de Microsoft?\" class=\"internal_link\" target=\"_blank\" rel=\"noopener\">les avanc\u00e9es des PC \u00e0 l\u2019IA<\/a> et des Copilot+ PC pouss\u00e9s par Microsoft, qui brillent surtout par leur autonomie grandissante plus que par leurs folies \u00e0 l\u2019IA. Asus marche dans les pas de tous avec sa gamme Zenbook et un mill\u00e9sime 2026 extr\u00eamement attrayant.<\/p>\n<p>Pour les plus productifs qui veulent pouvoir travailler en balade sans encombrement, les Zenbook et les Vivobook sont les produits \u00e0 surveiller de pr\u00e8s.<\/p>\n<p>La premi\u00e8re gamme toujours aussi premium mise sur des mat\u00e9riaux innovants comme le Ceraluminium maison (m\u00e9lang\u00e9 de c\u00e9ramique et d\u2019aluminium pour la r\u00e9sistance aux chocs et la l\u00e9g\u00e8ret\u00e9 du mat\u00e9riel) et des puces ultra-performantes, derni\u00e8res g\u00e9n\u00e9rations d\u2019AMD Ryzen et Intel Core Ultra, mais aussi Snapdragon X2 Elite. Le Zenbook A14 (\u00e0 partir de 1.599 euros) affiche moins d\u2019un kilo sur la balance et une autonomie spectaculaire qui peut \u00eatre pouss\u00e9e \u00e0 plus de 33 heures, selon les r\u00e9glages.<\/p>\n<p><img decoding=\"async\" loading=\"lazy\" width=\"2048\" height=\"1152\" src=\"https:\/\/www.europesays.com\/fr\/wp-content\/uploads\/2026\/01\/Asus-Zenbook-A16-2211074.jpg\"  alt=\"Asus Zenbook A16\" title=\"Asus Zenbook A16\"\/>Asus Zenbook A16 \u00a9 Tech&amp;Co<\/p>\n<p>Son grand fr\u00e8re et tout nouveau venu, le Zenbook A16 est \u00e0 peine plus lourd (1,2 kg \u2014 moins que certains PC de 13 ou 14 pouces) avec une dalle Oled 3K de 16 pouces extr\u00eamement lumineuse. Tous deux utilisent la puce Snapdragon X2 Elite, avec la version X2 Elite Extreme pour le Zenbook A16, qui pourra aussi s\u2019enorgueillir, en ces temps de p\u00e9nurie, d\u2019une m\u00e9moire LPDDR6, l\u2019une des toutes premi\u00e8res impl\u00e9ment\u00e9es, offrant des gains consid\u00e9rables en bande passante.<\/p>\n<p>Quant aux Vivobook S, ils r\u00e9alisent quelques compromis sur les finitions notamment (plastique essentiellement pour le ch\u00e2ssis), mais pas sur le fond, avec les derni\u00e8res puces performantes. On trouve d\u00e9sormais trois formats avec des \u00e9crans de 14, 16 ou 18 pouces. Seul le Vivobook S16 (d\u00e8s 799 euros) sera propos\u00e9 \u00e9galement avec une puce Snapdragon X2 Elite pour en faire le PC portable ARM le plus abordable du march\u00e9, avec une autonomie gargantuesque.<\/p>\n<p><img decoding=\"async\" loading=\"lazy\" width=\"2048\" height=\"1366\" src=\"https:\/\/www.europesays.com\/fr\/wp-content\/uploads\/2026\/01\/Asus-Expertbook-Ultra-2211075.jpg\"  alt=\"L'Expertbook Ultra, un PC l\u00e9ger, puissant et s\u00e9curis\u00e9 pour les pros\" title=\"L'Expertbook Ultra, un PC l\u00e9ger, puissant et s\u00e9curis\u00e9 pour les pros\"\/>L&rsquo;Expertbook Ultra, un PC l\u00e9ger, puissant et s\u00e9curis\u00e9 pour les pros \u00a9 Asus<\/p>\n<p>Asus a aussi pens\u00e9 aux usages professionnels avec l\u2019Expertbook Ultra (\u00e0 partir de 2.915 euros HT). Estampill\u00e9 \u00ab\u00a0flagship de la productivit\u00e9\u00a0\u00bb, il s\u2019adresse \u00e0 ceux qui veulent un PC l\u00e9ger (moins d\u2019un kilo gr\u00e2ce notamment \u00e0 son ch\u00e2ssis en alliage magn\u00e9sium-aluminium), un \u00e9cran de qualit\u00e9 sup\u00e9rieur (le Samsung Tandem OLED mat pour \u00e9viter de briller) et des fonctions de s\u00e9curit\u00e9 de tr\u00e8s haut niveau avec l\u2019Expert Guardian, suite de fonctions de s\u00e9curit\u00e9 digne des exigences militaires et gouvernementales.<\/p>\n<p>Un PC con\u00e7u avec GoPro pour les baroudeurs les plus cr\u00e9atifs<\/p>\n<p>Un PC qui nous comprend et se ressent parfaitement pour \u00eatre utilis\u00e9 au maximum de ses capacit\u00e9s: c\u2019est ce que recherchent tous les cr\u00e9atifs dans leur qu\u00eate du produit parfait pour dessiner, cr\u00e9er, monter, retoucher\u2026 Le ProArt PZ14 (d\u00e8s 2.299 euros) prend la forme d\u2019une tablette d\u00e9tachable de 14 pouces, la plus puissante jamais con\u00e7ue par Asus, avec son processeur Snapdragon X2 Elite \u00e0 18 coeurs. Et Asus veut en faire rien de moins qu\u2019un concurrent au Macbook Pro.<\/p>\n<p><img decoding=\"async\" loading=\"lazy\" width=\"2048\" height=\"1152\" src=\"https:\/\/www.europesays.com\/fr\/wp-content\/uploads\/2026\/01\/Asus-GoPro-2211076.jpg\"  alt=\"Asus et GoPro ont nou\u00e9 un partenariat pour offrir un PC ProArt optimis\u00e9 pour la retouche vid\u00e9o, avec ses accessoires\" title=\"Asus et GoPro ont nou\u00e9 un partenariat pour offrir un PC ProArt optimis\u00e9 pour la retouche vid\u00e9o, avec ses accessoires\"\/>Asus et GoPro ont nou\u00e9 un partenariat pour offrir un PC ProArt optimis\u00e9 pour la retouche vid\u00e9o, avec ses accessoires \u00a9 Tech&amp;Co<\/p>\n<p>Pour cela, les efforts ont \u00e9t\u00e9 concentr\u00e9s sur l\u2019\u00e9cran calibr\u00e9, pour une coh\u00e9rence colorim\u00e9trique d&rsquo;excellence, et la puissance de calcul locale. Il faut dire que la marque veut s\u00e9duire \u00e0 nouveau les cr\u00e9ateurs partis du c\u00f4t\u00e9 d\u2019Apple, en leur offrant un appareil pr\u00eat pour la mobilit\u00e9 et le travail \u00e0 toute \u00e9preuve. Le ProArt <a href=\"https:\/\/www.bfmtv.com\/economie\/replay-emissions\/tech-and-co\/nick-woodman-go-pro-la-gopro-une-frustration-de-surfeur-14-09_VN-202309140984.html\" title=\"Nick Woodman (GoPro) : La Gopro, une frustration de surfeur - 14\/09\" class=\"internal_link\" target=\"_blank\" rel=\"noopener\">GoPro<\/a> (PX13) en est le meilleur symbole avec son partenariat avec la c\u00e9l\u00e8bre marque d\u2019action cams. Il y ajoute des rangements et accessoires (dont un stylet et l&rsquo;Asus DialPad, molette physique pour de multiples usages de r\u00e9glages), mais aussi une int\u00e9gration cloud fluide, une r\u00e9sistance de niveau sup\u00e9rieur (\u00e0 partir de 3.599 euros).<\/p>\n<p>Deux \u00e9crans et de multiples possibilit\u00e9s<\/p>\n<p>Les cr\u00e9atifs en qu\u00eate de confort peuvent aussi opter pour le Zenbook Duo (\u00e0 partir de 2.699 euros). Le PC \u00e0 double \u00e9cran d\u2019Asus a fait du chemin depuis sa toute premi\u00e8re mouture. En revoyant tout d\u2019abord son design, d\u00e9sormais plus compact et plus l\u00e9ger (ch\u00e2ssis en Ceraluminium), avec une zone entre les deux dalles Oled 3K r\u00e9duite de 70%, mais surtout son autonomie plus longue dur\u00e9e. C\u2019est \u00e0 pr\u00e9sent un tr\u00e8s grand \u00e9cran de quasi 22 pouces qui s\u2019offre aux utilisateurs, avec le clavier d\u00e9tachable qui se pose sur l\u2019\u00e9cran du bas ou se connecte en Bluetooth \u00e0 c\u00f4t\u00e9 et la b\u00e9quille au dos pour tenir en multiples positions (double \u00e9cran, livre, tente, etc.). C\u00f4t\u00e9 puissance, le Zenbook Duo a de quoi rouler des m\u00e9caniques avec la pr\u00e9sence possible d\u2019un processeur Intel Core Ultra X9 Series 3.<\/p>\n<p><img decoding=\"async\" loading=\"lazy\" width=\"2048\" height=\"1152\" src=\"https:\/\/www.europesays.com\/fr\/wp-content\/uploads\/2026\/01\/Asus-Zenbook-Duo-2211077.jpg\"  alt=\"Asus a revu son PC concept Zenbook Duo, avec ses deux \u00e9crans, pour am\u00e9liorer son design comme sa polyvalence\" title=\"Asus a revu son PC concept Zenbook Duo, avec ses deux \u00e9crans, pour am\u00e9liorer son design comme sa polyvalence\"\/>Asus a revu son PC concept Zenbook Duo, avec ses deux \u00e9crans, pour am\u00e9liorer son design comme sa polyvalence \u00a9 Tech&amp;Co<\/p>\n<p>Pour les joueurs, Asus a d\u00e9sormais la version double \u00e9cran avec le ROG Zephyrus Duo (\u00e0 partir de 4.999 euros) qui affiche les m\u00eames atouts, la touche gaming en plus. Malgr\u00e9 un design plut\u00f4t fin, on y trouve une carte graphique Nvidia Geforce RTX 5090, deux dalles Oled 3K 120 Hz et un taux de r\u00e9ponse ultra-rapide (0,2 ms), avec la m\u00eame polyvalence d\u2019usage que le Zenbook Duo pour s\u2019adapter aux besoins (jeu, streaming, codage, productivit\u00e9\u2026). Et Asus ajoute d\u2019ailleurs la possibilit\u00e9 de jouer en mode tente \u00e0 deux joueurs, un sur chaque \u00e9cran, avec des manettes.<\/p>\n<p>Outre la polyvalence des gammes pour convenir \u00e0 tous les besoins, Asus va aussi mettre l\u2019accent en 2026 sur l\u2019IA embarqu\u00e9e. Dans la mouvance Copilot+ PC, le fabricant ta\u00efwanais mise surtout sur des processeurs dot\u00e9s de NPU ultra-puissants qui pourront traiter l\u2019IA localement, des atouts pour la confidentialit\u00e9, mais aussi la r\u00e9activit\u00e9. Car l\u2019IA ne doit plus \u00eatre un simple argument technique, mais le moteur d\u2019une productivit\u00e9 nouvelle et s\u00e9curis\u00e9e, coeur de l\u2019exp\u00e9rience.<\/p>\n<p>Une fa\u00e7on d\u2019offrir la forme dont on a besoin, pour le fond le plus personnel, avec des mod\u00e8les de langage hors ligne, des applications pour trier automatiquement ses fichiers, transformer des id\u00e9es en concept, r\u00e9diger ou m\u00eame jouer avec l\u2019IA en soutien. En r\u00e9sum\u00e9, avoir un secr\u00e9taire priv\u00e9 ultra-comp\u00e9tent dans un bureau ferm\u00e9 \u00e0 cl\u00e9.<\/p>\n","protected":false},"excerpt":{"rendered":"Profitant du CES 2026, Asus a d\u00e9voil\u00e9 de tr\u00e8s nombreux ordinateurs portables. Un tr\u00e8s large portfolio d&rsquo;appareils pour&hellip;\n","protected":false},"author":2,"featured_media":646424,"comment_status":"","ping_status":"","sticky":false,"template":"","format":"standard","meta":{"footnotes":""},"categories":[7],"tags":[1011,27,43,40,41,39,42,44],"class_list":{"0":"post-646423","1":"post","2":"type-post","3":"status-publish","4":"format-standard","5":"has-post-thumbnail","7":"category-sciences-et-technologies","8":"tag-fr","9":"tag-france","10":"tag-science","11":"tag-science-and-technology","12":"tag-sciences","13":"tag-sciences-et-technologies","14":"tag-technologies","15":"tag-technology"},"share_on_mastodon":{"url":"https:\/\/pubeurope.com\/@fr\/115852267150547245","error":""},"_links":{"self":[{"href":"https:\/\/www.europesays.com\/fr\/wp-json\/wp\/v2\/posts\/646423","targetHints":{"allow":["GET"]}}],"collection":[{"href":"https:\/\/www.europesays.com\/fr\/wp-json\/wp\/v2\/posts"}],"about":[{"href":"https:\/\/www.europesays.com\/fr\/wp-json\/wp\/v2\/types\/post"}],"author":[{"embeddable":true,"href":"https:\/\/www.europesays.com\/fr\/wp-json\/wp\/v2\/users\/2"}],"replies":[{"embeddable":true,"href":"https:\/\/www.europesays.com\/fr\/wp-json\/wp\/v2\/comments?post=646423"}],"version-history":[{"count":0,"href":"https:\/\/www.europesays.com\/fr\/wp-json\/wp\/v2\/posts\/646423\/revisions"}],"wp:featuredmedia":[{"embeddable":true,"href":"https:\/\/www.europesays.com\/fr\/wp-json\/wp\/v2\/media\/646424"}],"wp:attachment":[{"href":"https:\/\/www.europesays.com\/fr\/wp-json\/wp\/v2\/media?parent=646423"}],"wp:term":[{"taxonomy":"category","embeddable":true,"href":"https:\/\/www.europesays.com\/fr\/wp-json\/wp\/v2\/categories?post=646423"},{"taxonomy":"post_tag","embeddable":true,"href":"https:\/\/www.europesays.com\/fr\/wp-json\/wp\/v2\/tags?post=646423"}],"curies":[{"name":"wp","href":"https:\/\/api.w.org\/{rel}","templated":true}]}}