{"id":646425,"date":"2026-01-07T05:54:11","date_gmt":"2026-01-07T05:54:11","guid":{"rendered":"https:\/\/www.europesays.com\/fr\/646425\/"},"modified":"2026-01-07T05:54:11","modified_gmt":"2026-01-07T05:54:11","slug":"une-note-de-la-dgsi-alerte-sur-les-dangers-que-represente-lia-pour-les-entreprises","status":"publish","type":"post","link":"https:\/\/www.europesays.com\/fr\/646425\/","title":{"rendered":"Une note de la DGSI alerte sur les dangers que repr\u00e9sente l\u2019IA pour les entreprises"},"content":{"rendered":"<p>\n    <strong>D\u00c9CRYPTAGE <\/strong>&#8211; Charg\u00e9 de garantir la s\u00e9curit\u00e9 \u00e9conomique de l\u2019\u00c9tat, le renseignement int\u00e9rieur tire la sonnette d\u2019alarme face \u00e0 l\u2019usage de l\u2019IA en entreprise, qui peut entra\u00eener une \u00abperte de contr\u00f4le\u00bb des employ\u00e9s et des dirigeants.<\/p>\n<p class=\"fig-paragraph\">Un document surprise que vont devoir se procurer les entreprises fran\u00e7aises. La\u00a0<a href=\"http:\/\/www.lefigaro.fr\/faits-divers\/essonne-un-policier-de-la-dgsi-se-suicide-avec-son-arme-de-service-20251202\" target=\"_blank\" data-fig-type=\"NewsFlash\" rel=\"noopener\" data-gtm-custom-categorie=\"navigation\" data-gtm-custom-action=\"crossclick\" data-gtm-custom-label=\"Contextuel\" data-gtm-event=\"customEventSPE\" data-fig-domain=\"LEFIGARO\">DGSI<\/a>\u00a0vient de diffuser une note de 7 pages sur les dangers que repr\u00e9sente l\u2019<a href=\"http:\/\/www.lefigaro.fr\/secteur\/high-tech\/cinema-series-jeux-video-l-intelligence-artificielle-va-t-elle-faire-disparaitre-les-doubleurs-francais-20251206\" target=\"_blank\" data-fig-type=\"Article\" rel=\"noopener\" data-gtm-custom-categorie=\"navigation\" data-gtm-custom-action=\"crossclick\" data-gtm-custom-label=\"Contextuel\" data-gtm-event=\"customEventSPE\" data-fig-domain=\"LEFIGARO\">intelligence artificielle<\/a>\u00a0pour les soci\u00e9t\u00e9s et leurs employ\u00e9s &#8211; un rapport pour le moins surprenant, au vu des domaines d\u2019investigations habituels des services secrets int\u00e9rieurs fran\u00e7ais, \u00e0 savoir l\u2019<a href=\"http:\/\/www.lefigaro.fr\/international\/comment-les-services-secrets-iraniens-mettent-en-place-un-reseau-d-espionnage-en-allemagne-20251212\" target=\"_blank\" data-fig-type=\"Article\" rel=\"noopener\" data-gtm-custom-categorie=\"navigation\" data-gtm-custom-action=\"crossclick\" data-gtm-custom-label=\"Contextuel\" data-gtm-event=\"customEventSPE\" data-fig-domain=\"LEFIGARO\">espionnage<\/a>, les ing\u00e9rences \u00e9trang\u00e8res ou le\u00a0<a href=\"http:\/\/www.lefigaro.fr\/actualite-france\/terrorisme-bilan-en-baisse-pour-les-decheances-de-nationalite-20260101\" target=\"_blank\" data-fig-type=\"Article\" rel=\"noopener\" data-gtm-custom-categorie=\"navigation\" data-gtm-custom-action=\"crossclick\" data-gtm-custom-label=\"Contextuel\" data-gtm-event=\"customEventSPE\" data-fig-domain=\"LEFIGARO\">terrorisme<\/a>. La DGSI a toutefois une ultime mission, plut\u00f4t m\u00e9connue: la s\u00e9curit\u00e9 \u00e9conomique de l\u2019\u00c9tat et des entreprises.<\/p>\n<p class=\"fig-paragraph\">Pour la DGSI, l\u2019IA fait peser un risque non n\u00e9gligeable sur celle-l\u00e0. Bien qu\u2019elle admette que \u00ables gains de productivit\u00e9 tr\u00e8s importants permis par l\u2019IA en font un outil de plus en plus incontournable\u00bb, \u00abrepr\u00e9sentant une avanc\u00e9e consid\u00e9rable pour les entreprises\u00bb, elle estime \u00e9galement que l\u2019usage de l\u2019IA dans le monde professionnel fait peser de nombreux \u00abrisques\u00bb. Pour \u00e9tayer ses dires, elle cite le cas de trois entreprises fran\u00e7aises \u00abayant \u00e9t\u00e9 confront\u00e9es \u00e0 des d\u00e9rives ou\u2026<\/p>\n<p class=\"fig-premium-paywall__infos\">\n        Cet article est r\u00e9serv\u00e9 aux abonn\u00e9s.        Il vous reste 85% \u00e0 d\u00e9couvrir.\n    <\/p>\n<p>                <img  data- alt=\"Le Figaro\" class=\"fig-img--complete fig-img\"\/><\/p>\n<p class=\"fig-premium-paywall__title\">Vous avez envie de lire la suite ?<\/p>\n<p class=\"fig-premium-paywall__subtitle\">D\u00e9bloquez tous les articles imm\u00e9diatement.<\/p>\n<p class=\"fig-premium-paywall__connect\">\n                D\u00e9j\u00e0 abonn\u00e9\u00a0?                <a class=\"fig-premium-paywall__connect-link\" href=\"https:\/\/connect.lefigaro.fr\/login?client=horizon_web&amp;type=main&amp;redirect_uri=https%3A%2F%2Fwww.lefigaro.fr%2Fsocietes%2Fune-note-de-la-dgsi-alerte-sur-les-dangers-que-represente-l-ia-pour-les-entreprises-20260106\" data-js-gtm=\"{&quot;customCategorie&quot;: &quot;conversion&quot;, &quot;customAction&quot;: &quot;before_Landing_Connexion_paywall_auto&quot;, &quot;customLabel&quot;: &quot;bGVmaWdhcm8uZnJfXzFmMGViMjM4LTZkNmItNjJkMC1hYTgxLTJmMTM2MjZiZDIyNl9fTmV3c0ZsYXNo_Une note de la DGSI alerte sur les dangers que repr\u00e9sente l\u2019IA pour les entreprises_479&quot;, &quot;customIDSPE&quot;: &quot;bGVmaWdhcm8uZnJfXzFmMGViMjM4LTZkNmItNjJkMC1hYTgxLTJmMTM2MjZiZDIyNl9fTmV3c0ZsYXNo&quot;, &quot;event&quot;: &quot;customEventSPE&quot;}\" target=\"_blank\" rel=\"noopener\"><br \/>\n                    Connectez-vous<br \/>\n                <\/a>\n            <\/p>\n","protected":false},"excerpt":{"rendered":"D\u00c9CRYPTAGE &#8211; Charg\u00e9 de garantir la s\u00e9curit\u00e9 \u00e9conomique de l\u2019\u00c9tat, le renseignement int\u00e9rieur tire la sonnette d\u2019alarme face&hellip;\n","protected":false},"author":2,"featured_media":646426,"comment_status":"","ping_status":"","sticky":false,"template":"","format":"standard","meta":{"footnotes":""},"categories":[6],"tags":[35,33710,33,34,1011,27,223],"class_list":{"0":"post-646425","1":"post","2":"type-post","3":"status-publish","4":"format-standard","5":"has-post-thumbnail","7":"category-economie","8":"tag-business","9":"tag-dgsi","10":"tag-economie","11":"tag-economy","12":"tag-fr","13":"tag-france","14":"tag-intelligence-artificielle"},"share_on_mastodon":{"url":"https:\/\/pubeurope.com\/@fr\/115852270916763896","error":""},"_links":{"self":[{"href":"https:\/\/www.europesays.com\/fr\/wp-json\/wp\/v2\/posts\/646425","targetHints":{"allow":["GET"]}}],"collection":[{"href":"https:\/\/www.europesays.com\/fr\/wp-json\/wp\/v2\/posts"}],"about":[{"href":"https:\/\/www.europesays.com\/fr\/wp-json\/wp\/v2\/types\/post"}],"author":[{"embeddable":true,"href":"https:\/\/www.europesays.com\/fr\/wp-json\/wp\/v2\/users\/2"}],"replies":[{"embeddable":true,"href":"https:\/\/www.europesays.com\/fr\/wp-json\/wp\/v2\/comments?post=646425"}],"version-history":[{"count":0,"href":"https:\/\/www.europesays.com\/fr\/wp-json\/wp\/v2\/posts\/646425\/revisions"}],"wp:featuredmedia":[{"embeddable":true,"href":"https:\/\/www.europesays.com\/fr\/wp-json\/wp\/v2\/media\/646426"}],"wp:attachment":[{"href":"https:\/\/www.europesays.com\/fr\/wp-json\/wp\/v2\/media?parent=646425"}],"wp:term":[{"taxonomy":"category","embeddable":true,"href":"https:\/\/www.europesays.com\/fr\/wp-json\/wp\/v2\/categories?post=646425"},{"taxonomy":"post_tag","embeddable":true,"href":"https:\/\/www.europesays.com\/fr\/wp-json\/wp\/v2\/tags?post=646425"}],"curies":[{"name":"wp","href":"https:\/\/api.w.org\/{rel}","templated":true}]}}