{"id":646427,"date":"2026-01-07T05:55:11","date_gmt":"2026-01-07T05:55:11","guid":{"rendered":"https:\/\/www.europesays.com\/fr\/646427\/"},"modified":"2026-01-07T05:55:11","modified_gmt":"2026-01-07T05:55:11","slug":"donald-trump-nexclut-pas-loption-belliqueuse-pour-semparer-du-groenland","status":"publish","type":"post","link":"https:\/\/www.europesays.com\/fr\/646427\/","title":{"rendered":"Donald Trump n\u2019exclut pas l\u2019option belliqueuse pour s\u2019emparer du Groenland"},"content":{"rendered":"<p>        <img decoding=\"async\" loading=\"lazy\" src=\"https:\/\/www.europesays.com\/fr\/wp-content\/uploads\/2026\/01\/a4f0630_upload-1-oskvirziaudt-afp-20260103-89ja4y7-v2-midres-topshotusvenezuelaconflicttrump.jpg\"  width=\"728\" height=\"410\" alt=\"Donald Trump \u00e9tudie \u00ab\u00a0plusieurs options\u00a0\u00bb, y compris \u00ab\u00a0utiliser l\u2019arm\u00e9e\u00a0\u00bb au Groenland, indique ce lardi 6\u00a0janvier sa porte-parole.\"\/>  <\/p>\n<p>JIM WATSON \/ AFP<\/p>\n<p>Donald Trump \u00e9tudie \u00ab\u00a0plusieurs options\u00a0\u00bb, y compris \u00ab\u00a0utiliser l\u2019arm\u00e9e\u00a0\u00bb au Groenland, indique ce lardi 6\u00a0janvier sa porte-parole.<\/p>\n<p class=\"asset asset-text\">Une d\u00e9claration qui jette de l\u2019huile sur le feu. Alors que <a href=\"https:\/\/www.huffingtonpost.fr\/politique\/article\/l-europe-a-t-elle-les-moyens-d-empecher-donald-trump-d-annexer-le-groenland-comme-il-menace-de-le-faire_258884.html\" target=\"_blank\" rel=\"noopener\">Donald Trump<\/a> ne cache plus du tout son empressement de s\u2019emparer du <a href=\"https:\/\/www.huffingtonpost.fr\/international\/article\/ce-montage-sur-le-groenland-illustre-bien-la-doctrine-donroe-et-le-risque-qu-elle-fait-peser-sur-l-europe_258855.html\" target=\"_blank\" rel=\"noopener\">Groenland<\/a>, sa porte-parole Karoline Leavitt a d\u00e9clar\u00e9 que le pr\u00e9sident am\u00e9ricain et son \u00e9quipe \u00ab\u00a0discutent de plusieurs options\u00a0\u00bb, dont celle d\u2019\u00ab\u00a0utiliser l\u2019arm\u00e9e am\u00e9ricaine\u00a0\u00bb pour annexer l\u2019\u00eele arctique.<\/p>\n<p class=\"asset asset-text\">Le pr\u00e9sident am\u00e9ricain \u00ab\u00a0a fait savoir clairement qu\u2019acqu\u00e9rir le Groenland \u00e9tait une priorit\u00e9 de s\u00e9curit\u00e9 nationale pour les \u00c9tats-Unis et c\u2019est vital pour tenir en respect nos adversaires dans la r\u00e9gion arctique\u00a0\u00bb, a d\u00e9but\u00e9 Karoline Leavitt. Et de poursuivre\u00a0dans une d\u00e9claration transmise \u00e0 l\u2019AFP\u00a0: \u00ab\u00a0bien s\u00fbr, utiliser l\u2019arm\u00e9e am\u00e9ricaine est toujours une option \u00e0 la disposition du commandant en chef\u00a0\u00bb.<\/p>\n<p class=\"asset asset-text\">Cette prise de parole intervient alors que le Groenland et le gouvernement danois ont appel\u00e9 mardi \u00e0 des pourparlers rapides avec les \u00c9tats-Unis pour dissiper des \u00ab\u00a0malentendus\u00a0\u00bb.<\/p>\n<p>    Rencontre r\u00e9clam\u00e9e d\u2019urgence avec Marco Rubio    <\/p>\n<p class=\"asset asset-text\">Nuuk et Copenhague ont ainsi r\u00e9clam\u00e9 une rencontre avec le secr\u00e9taire d\u2019\u00c9tat am\u00e9ricain pour \u00ab\u00a0discuter des d\u00e9clarations marquantes des \u00c9tats-Unis concernant le Groenland\u00a0\u00bb, a \u00e9crit sur Facebook la cheffe de la diplomatie groenlandaise Vivian Motzfeldt. Son homologue danois Lars L\u00f8kke Rasmussen a pr\u00e9cis\u00e9 que la demande avait \u00e9t\u00e9 faite lundi.<\/p>\n<p class=\"asset asset-text\">Cette r\u00e9union devrait \u00eatre la premi\u00e8re du gouvernement groenlandais avec le secr\u00e9taire d\u2019\u00c9tat am\u00e9ricain Marco Rubio, Lars L\u00f8kke Rasmussen l\u2019ayant lui d\u00e9j\u00e0 rencontr\u00e9 en t\u00eate \u00e0 t\u00eate \u00e0 deux reprises.<\/p>\n<p class=\"asset asset-text\">L\u2019id\u00e9e avanc\u00e9e par Donald Trump de l\u2019omnipr\u00e9sence de la Chine au Groenland compte parmi les incompr\u00e9hensions \u00e0 \u00e9claircir. \u00ab\u00a0Nous ne partageons pas cette id\u00e9e selon laquelle le Groenland serait couvert d\u2019investissements chinois\u00a0\u00bb, a dit le ministre danois \u00e0 la sortie d\u2019une r\u00e9union avec la commission parlementaire des affaires \u00e9trang\u00e8res sur la relation entre le royaume du Danemark &#8211; qui rassemble le Danemark m\u00e9tropolitain, les \u00eeles F\u00e9ro\u00e9 et le Groenland &#8211; et les \u00c9tats-Unis.<\/p>\n<p class=\"asset asset-text\">Le pr\u00e9sident am\u00e9ricain \u00e9met aussi des doutes quant \u00e0 la capacit\u00e9 du Danemark \u00e0 assurer la s\u00e9curit\u00e9 du Groenland, ce qui \u00ab\u00a0repose sur une mauvaise lecture\u00a0\u00bb. \u00ab\u00a0Nous veillons sur le royaume\u00a0\u00bb, a insist\u00e9 Lars L\u00f8kke Rasmussen, ajoutant qu\u2019il n\u2019\u00e9tait pas utile de \u00ab\u00a0dramatiser\u00a0\u00bb les choses. Le Danemark a fortement investi dans la s\u00e9curit\u00e9 arctique ces douze derniers mois, allouant pour cela quelque 90\u00a0milliards de couronnes (1,2\u00a0milliard d\u2019euros).<\/p>\n<p>                     Solidarit\u00e9 de l\u2019Europe    <\/p>\n<p class=\"asset asset-text\">Mardi dans la soir\u00e9e, le pr\u00e9sident fran\u00e7ais Emmanuel Macron a dit ne pas imaginer les \u00c9tats-Unis \u00ab\u00a0violer la souverainet\u00e9 danoise\u00a0\u00bb.<\/p>\n<p class=\"asset asset-text\">Plus t\u00f4t dans la journ\u00e9e, la France, l\u2019Allemagne, l\u2019Italie, la Pologne, l\u2019Espagne et le Royaume-Uni avaient dans une d\u00e9claration commune apport\u00e9 leur soutien au Danemark face aux revendications de Donald Trump sur le Groenland.<\/p>\n<p class=\"asset asset-text\">\u00c0 Paris, o\u00f9 elle a particip\u00e9 \u00e0 un sommet des alli\u00e9s de l\u2019Ukraine, la Premi\u00e8re ministre danoise Mette Frederiksen s\u2019est f\u00e9licit\u00e9e de cette d\u00e9monstration de solidarit\u00e9. \u00ab\u00a0Cela contribue en tout cas \u00e0 souligner qu\u2019il ne s\u2019agit pas seulement d\u2019un conflit avec le Royaume du Danemark (&#8230;) mais bien avec l\u2019Europe toute enti\u00e8re\u00a0\u00bb, a-t-elle dit \u00e0 la t\u00e9l\u00e9vision DR. Le Premier ministre groenlandais Jens-Frederik Nielsen a lui aussi remerci\u00e9 les dirigeants europ\u00e9ens de leur \u00ab\u00a0soutien sans ambigu\u00eft\u00e9\u00a0\u00bb.<\/p>\n<p class=\"asset asset-text\">Le Danemark &#8211; Groenland compris &#8211; est membre de l\u2019Otan et une attaque am\u00e9ricaine contre l\u2019un des membres de l\u2019Alliance signifierait \u00ab\u00a0la fin de tout\u00a0\u00bb, notamment l\u2019ordre de s\u00e9curit\u00e9 mondial \u00e9tabli \u00e0 la fin de la Deuxi\u00e8me guerre mondiale, a rappel\u00e9 la Premi\u00e8re ministre danoise.<\/p>\n","protected":false},"excerpt":{"rendered":"JIM WATSON \/ AFP Donald Trump \u00e9tudie \u00ab\u00a0plusieurs options\u00a0\u00bb, y compris \u00ab\u00a0utiliser l\u2019arm\u00e9e\u00a0\u00bb au Groenland, indique ce lardi&hellip;\n","protected":false},"author":2,"featured_media":646428,"comment_status":"","ping_status":"","sticky":false,"template":"","format":"standard","meta":{"footnotes":""},"categories":[5],"tags":[11,75,73,1011,27,146,14,12,28],"class_list":{"0":"post-646427","1":"post","2":"type-post","3":"status-publish","4":"format-standard","5":"has-post-thumbnail","7":"category-international","8":"tag-actualites","9":"tag-donald-trump","10":"tag-etats-unis","11":"tag-fr","12":"tag-france","13":"tag-groenland","14":"tag-international","15":"tag-news","16":"tag-world"},"share_on_mastodon":{"url":"https:\/\/pubeurope.com\/@fr\/115852274860617583","error":""},"_links":{"self":[{"href":"https:\/\/www.europesays.com\/fr\/wp-json\/wp\/v2\/posts\/646427","targetHints":{"allow":["GET"]}}],"collection":[{"href":"https:\/\/www.europesays.com\/fr\/wp-json\/wp\/v2\/posts"}],"about":[{"href":"https:\/\/www.europesays.com\/fr\/wp-json\/wp\/v2\/types\/post"}],"author":[{"embeddable":true,"href":"https:\/\/www.europesays.com\/fr\/wp-json\/wp\/v2\/users\/2"}],"replies":[{"embeddable":true,"href":"https:\/\/www.europesays.com\/fr\/wp-json\/wp\/v2\/comments?post=646427"}],"version-history":[{"count":0,"href":"https:\/\/www.europesays.com\/fr\/wp-json\/wp\/v2\/posts\/646427\/revisions"}],"wp:featuredmedia":[{"embeddable":true,"href":"https:\/\/www.europesays.com\/fr\/wp-json\/wp\/v2\/media\/646428"}],"wp:attachment":[{"href":"https:\/\/www.europesays.com\/fr\/wp-json\/wp\/v2\/media?parent=646427"}],"wp:term":[{"taxonomy":"category","embeddable":true,"href":"https:\/\/www.europesays.com\/fr\/wp-json\/wp\/v2\/categories?post=646427"},{"taxonomy":"post_tag","embeddable":true,"href":"https:\/\/www.europesays.com\/fr\/wp-json\/wp\/v2\/tags?post=646427"}],"curies":[{"name":"wp","href":"https:\/\/api.w.org\/{rel}","templated":true}]}}