{"id":646438,"date":"2026-01-07T06:03:19","date_gmt":"2026-01-07T06:03:19","guid":{"rendered":"https:\/\/www.europesays.com\/fr\/646438\/"},"modified":"2026-01-07T06:03:19","modified_gmt":"2026-01-07T06:03:19","slug":"le-joueur-de-toulon-brian-alainuuese-sengage-avec-bayonne","status":"publish","type":"post","link":"https:\/\/www.europesays.com\/fr\/646438\/","title":{"rendered":"le joueur de Toulon Brian Alainu\u2019uese s\u2019engage avec Bayonne"},"content":{"rendered":"<p>\n    Le deuxi\u00e8me ligne samoan s\u2019est engag\u00e9 avec le club basque pour deux saisons, jusqu\u2019en 2028.<\/p>\n<p class=\"fig-paragraph\">Une deuxi\u00e8me ligne qui se compl\u00e8te pour\u00a0<a href=\"http:\/\/www.lefigaro.fr\/sports\/rugby\/top-14\/top-14-a-bayonne-la-guerre-des-chefs-est-relancee-20260104\" target=\"_blank\" data-fig-type=\"NewsFlash\" rel=\"noopener\" data-gtm-custom-categorie=\"navigation\" data-gtm-custom-action=\"crossclick\" data-gtm-custom-label=\"Contextuel\" data-gtm-event=\"customEventSPE\" data-fig-domain=\"LEFIGARO\">Bayonne<\/a>. Le joueur de\u00a0<a href=\"http:\/\/www.lefigaro.fr\/sports\/rugby\/top-14\/top-14-en-inscrivant-10-essais-la-rochelle-ne-fait-qu-une-bouchee-de-toulon-20260104\" target=\"_blank\" data-fig-type=\"NewsFlash\" rel=\"noopener\" data-gtm-custom-categorie=\"navigation\" data-gtm-custom-action=\"crossclick\" data-gtm-custom-label=\"Contextuel\" data-gtm-event=\"customEventSPE\" data-fig-domain=\"LEFIGARO\">Toulon<\/a>\u00a0Brian Alainu\u2019uese \u00e9voluera au sein du club basque lors des deux prochaines saisons, a annonc\u00e9 mardi l\u2019Aviron Bayonnais, neuvi\u00e8me du\u00a0<a href=\"http:\/\/www.lefigaro.fr\/sports\/rugby\/top-14\/classement-top-14-toulouse-en-pole-l-ubb-au-contact-du-podium-toulon-rate-le-coche-20260105\" target=\"_blank\" data-fig-type=\"NewsFlash\" rel=\"noopener\" data-gtm-custom-categorie=\"navigation\" data-gtm-custom-action=\"crossclick\" data-gtm-custom-label=\"Contextuel\" data-gtm-event=\"customEventSPE\" data-fig-domain=\"LEFIGARO\">Top 14<\/a>.\u00a0<a href=\"http:\/\/www.lefigaro.fr\/sports\/rugby\/top-14\/top-14-trois-semaines-de-suspensions-pour-le-toulonnais-brian-alainu-uese-20240501\" data-fig-type=\"NewsFlash\" data-gtm-custom-categorie=\"navigation\" data-gtm-custom-action=\"crossclick\" data-gtm-custom-label=\"Contextuel\" data-gtm-event=\"customEventSPE\" data-fig-domain=\"LEFIGARO\" target=\"_blank\" rel=\"noopener\">Brian Alainu\u2019uese<\/a>, 31 ans (2,02 m, 136 kg), pass\u00e9 au d\u00e9but de son aventure europ\u00e9enne par Glasgow, \u00e9volue depuis 2018 au RCT avec lequel il a disput\u00e9 149 matches de Top 14 et remport\u00e9 la Challenge Cup en 2023. Il compte \u00e9galement neuf s\u00e9lections avec les Samoa dont trois lors de la derni\u00e8re Coupe du monde disput\u00e9e en France.<\/p>\n<p class=\"fig-paragraph\">C\u2019est le deuxi\u00e8me renfort au poste de deuxi\u00e8me ligne annonc\u00e9 par l\u2019Aviron en quelques jours apr\u00e8s la signature du Lyonnais Killian Geraci, \u00e9galement pour deux ans.<\/p>\n","protected":false},"excerpt":{"rendered":"Le deuxi\u00e8me ligne samoan s\u2019est engag\u00e9 avec le club basque pour deux saisons, jusqu\u2019en 2028. Une deuxi\u00e8me ligne&hellip;\n","protected":false},"author":2,"featured_media":646439,"comment_status":"","ping_status":"","sticky":false,"template":"","format":"standard","meta":{"footnotes":""},"categories":[9619],"tags":[1111,11,4736,1777,674,1011,27,12,882,25,479,10405,2310,10662],"class_list":{"0":"post-646438","1":"post","2":"type-post","3":"status-publish","4":"format-standard","5":"has-post-thumbnail","7":"category-toulon","8":"tag-actu","9":"tag-actualites","10":"tag-aviron-bayonnais","11":"tag-eu","12":"tag-europe","13":"tag-fr","14":"tag-france","15":"tag-news","16":"tag-provence-alpes-cote-dazur","17":"tag-republique-francaise","18":"tag-rugby","19":"tag-rugby-club-toulonnais","20":"tag-toulon","21":"tag-transferts"},"share_on_mastodon":{"url":"https:\/\/pubeurope.com\/@fr\/115852306267575784","error":""},"_links":{"self":[{"href":"https:\/\/www.europesays.com\/fr\/wp-json\/wp\/v2\/posts\/646438","targetHints":{"allow":["GET"]}}],"collection":[{"href":"https:\/\/www.europesays.com\/fr\/wp-json\/wp\/v2\/posts"}],"about":[{"href":"https:\/\/www.europesays.com\/fr\/wp-json\/wp\/v2\/types\/post"}],"author":[{"embeddable":true,"href":"https:\/\/www.europesays.com\/fr\/wp-json\/wp\/v2\/users\/2"}],"replies":[{"embeddable":true,"href":"https:\/\/www.europesays.com\/fr\/wp-json\/wp\/v2\/comments?post=646438"}],"version-history":[{"count":0,"href":"https:\/\/www.europesays.com\/fr\/wp-json\/wp\/v2\/posts\/646438\/revisions"}],"wp:featuredmedia":[{"embeddable":true,"href":"https:\/\/www.europesays.com\/fr\/wp-json\/wp\/v2\/media\/646439"}],"wp:attachment":[{"href":"https:\/\/www.europesays.com\/fr\/wp-json\/wp\/v2\/media?parent=646438"}],"wp:term":[{"taxonomy":"category","embeddable":true,"href":"https:\/\/www.europesays.com\/fr\/wp-json\/wp\/v2\/categories?post=646438"},{"taxonomy":"post_tag","embeddable":true,"href":"https:\/\/www.europesays.com\/fr\/wp-json\/wp\/v2\/tags?post=646438"}],"curies":[{"name":"wp","href":"https:\/\/api.w.org\/{rel}","templated":true}]}}