{"id":646448,"date":"2026-01-07T06:11:36","date_gmt":"2026-01-07T06:11:36","guid":{"rendered":"https:\/\/www.europesays.com\/fr\/646448\/"},"modified":"2026-01-07T06:11:36","modified_gmt":"2026-01-07T06:11:36","slug":"om-fcn-et-losc-rennes-les-arbitres-ont-eu-tout-bon","status":"publish","type":"post","link":"https:\/\/www.europesays.com\/fr\/646448\/","title":{"rendered":"OM-FCN et LOSC-Rennes, les arbitres ont eu tout bon"},"content":{"rendered":"<p><b>Aucune erreur majeure n\u2019a eu lieu chez les arbitres ce week-end. C\u2019est le constat effectu\u00e9 par la F\u00e9d\u00e9ration Fran\u00e7aise de Football, dont la direction de l\u2019arbitrage d\u00e9pend, et qui est revenu sur deux points chauds de la derni\u00e8re journ\u00e9e.\u00a0<\/b><\/p>\n<p>Les arbitres de<a href=\"https:\/\/www.foot01.com\/ligue1\" target=\"_self\" rel=\"noopener\"> Ligue 1<\/a> ont tranch\u00e9 sur deux situations confuses du week-end dernier.\u00a0<\/p>\n<p>Le but refus\u00e9 \u00e0 Nantes en d\u00e9but de rencontre au V\u00e9lodrome a beaucoup fait parler, mais la d\u00e9cision de ne pas l\u2019accorder pour une position de hors-jeu d\u2019El Arabi est correcte aux yeux des officiels. L\u2019explication donn\u00e9e est complexe, mais il faut retenir que l\u2019attaquant marocain est hors-jeu au moment de la reprise de la t\u00eate au premier poteau. Ensuite, la faute de main de Rulli est consid\u00e9r\u00e9e comme un \u00ab\u00a0sauvetage\u00a0\u00bb et donc un tir repouss\u00e9. Ce n\u2019est donc pas une nouvelle phase de jeu. Ainsi, le joueur des Canaris joue ensuite le ballon alors qu\u2019il \u00e9tait hors-jeu, ce qui emp\u00eache CJ Egan-Riley de sauver le but. \u00ab\u00a0En agissant ainsi, il tire un avantage de sa position de hors-jeu et interf\u00e8re avec un d\u00e9fenseur de mani\u00e8re d\u00e9terminante\u00a0\u00bb, a valid\u00e9 la direction de l\u2019arbitrage.\u00a0<\/p>\n<\/p>\n<p>Dans le match Lille-Rennes, les Nordistes ont rapidement pris un carton rouge suite \u00e0 l\u2019expulsion d\u2019Alexsandro. Le d\u00e9fenseur lillois a effectu\u00e9 une glissade, avant de faire faute sur Embolo qui avait r\u00e9cup\u00e9r\u00e9 le ballon pour filer au but. La d\u00e9cision de M. Watellier a \u00e9t\u00e9 tr\u00e8s rapidement confirm\u00e9e, le Br\u00e9silien emp\u00eachant son adversaire de filer vers le but adverse, et ne jouant pas le ballon pour le faire tomber. \u00ab\u00a0Enfin, le placement et le nombre de d\u00e9fenseurs ne permettent pas d\u2019envisager avec certitude une intervention d\u00e9fensive susceptible d\u2019emp\u00eacher l\u2019issue de l\u2019action, l\u2019attaquant pouvant nettement se retrouver seul face au gardien\u00a0\u00bb, analyse le comit\u00e9 des arbitres, pour qui la col\u00e8re tr\u00e8s vindicative d\u2019Olivier Letang n\u2019est clairement pas justifi\u00e9e avec ce carton rouge confirm\u00e9 par la direction de l\u2019arbitrage.\u00a0<\/p>\n","protected":false},"excerpt":{"rendered":"Aucune erreur majeure n\u2019a eu lieu chez les arbitres ce week-end. C\u2019est le constat effectu\u00e9 par la F\u00e9d\u00e9ration&hellip;\n","protected":false},"author":2,"featured_media":646449,"comment_status":"","ping_status":"","sticky":false,"template":"","format":"standard","meta":{"footnotes":""},"categories":[2821],"tags":[1111,11,829,1777,674,462,1011,27,66,2267,12,149,584,25],"class_list":{"0":"post-646448","1":"post","2":"type-post","3":"status-publish","4":"format-standard","5":"has-post-thumbnail","7":"category-rennes","8":"tag-actu","9":"tag-actualites","10":"tag-bretagne","11":"tag-eu","12":"tag-europe","13":"tag-fc-nantes","14":"tag-fr","15":"tag-france","16":"tag-ligue-1","17":"tag-losc","18":"tag-news","19":"tag-om","20":"tag-rennes","21":"tag-republique-francaise"},"share_on_mastodon":{"url":"https:\/\/pubeurope.com\/@fr\/115852337704928349","error":""},"_links":{"self":[{"href":"https:\/\/www.europesays.com\/fr\/wp-json\/wp\/v2\/posts\/646448","targetHints":{"allow":["GET"]}}],"collection":[{"href":"https:\/\/www.europesays.com\/fr\/wp-json\/wp\/v2\/posts"}],"about":[{"href":"https:\/\/www.europesays.com\/fr\/wp-json\/wp\/v2\/types\/post"}],"author":[{"embeddable":true,"href":"https:\/\/www.europesays.com\/fr\/wp-json\/wp\/v2\/users\/2"}],"replies":[{"embeddable":true,"href":"https:\/\/www.europesays.com\/fr\/wp-json\/wp\/v2\/comments?post=646448"}],"version-history":[{"count":0,"href":"https:\/\/www.europesays.com\/fr\/wp-json\/wp\/v2\/posts\/646448\/revisions"}],"wp:featuredmedia":[{"embeddable":true,"href":"https:\/\/www.europesays.com\/fr\/wp-json\/wp\/v2\/media\/646449"}],"wp:attachment":[{"href":"https:\/\/www.europesays.com\/fr\/wp-json\/wp\/v2\/media?parent=646448"}],"wp:term":[{"taxonomy":"category","embeddable":true,"href":"https:\/\/www.europesays.com\/fr\/wp-json\/wp\/v2\/categories?post=646448"},{"taxonomy":"post_tag","embeddable":true,"href":"https:\/\/www.europesays.com\/fr\/wp-json\/wp\/v2\/tags?post=646448"}],"curies":[{"name":"wp","href":"https:\/\/api.w.org\/{rel}","templated":true}]}}