{"id":64647,"date":"2025-04-30T15:12:09","date_gmt":"2025-04-30T15:12:09","guid":{"rendered":"https:\/\/www.europesays.com\/fr\/64647\/"},"modified":"2025-04-30T15:12:09","modified_gmt":"2025-04-30T15:12:09","slug":"1er-mai-nantes-lyon-bordeaux-les-reseaux-de-transports-a-larret-pour-la-fete-du-travail","status":"publish","type":"post","link":"https:\/\/www.europesays.com\/fr\/64647\/","title":{"rendered":"1er mai : Nantes, Lyon, Bordeaux&#8230; Les r\u00e9seaux de transports \u00e0 l&rsquo;arr\u00eat pour la f\u00eate du Travail"},"content":{"rendered":"<p class=\"article-p mdl\">Il faudra prendre ses pieds ou son v\u00e9lo pour se d\u00e9placer, ce jeudi 1er mai 2025. En effet, la grande majorit\u00e9 des r\u00e9seaux de transport en commun seront \u00e0 l&rsquo;arr\u00eat pour la f\u00eate du Travail. Si le r\u00e9seau parisien verra bien des m\u00e9tros sortir de leur tunnel ou des bus circuler, dans des horaires sp\u00e9cifiques aux jours f\u00e9ri\u00e9s, ce n&rsquo;est pas le cas dans les autres grandes agglom\u00e9rations du pays o\u00f9\u00a0bus, trams ou m\u00e9tros resteront au garage.<\/p>\n<p class=\"article-p mdl\">Ainsi,<strong> les r\u00e9seaux de Lyon, Nantes, Bordeaux, Toulouse, Rennes, Strasbourg, Nice ou Montpellier<\/strong> seront int\u00e9gralement \u00e0 l&rsquo;arr\u00eat ce jeudi. Dans l&rsquo;agglom\u00e9ration\u00a0<a class=\"link\" href=\"https:\/\/www.rtl.fr\/actu\/debats-societe\/metropole-aix-marseille-provence-les-transports-en-commun-bientot-gratuits-pour-les-enfants-et-les-seniors-7900467720\" title=\"M\u00e9tropole Aix-Marseille-Provence : les transports en commun bient\u00f4t gratuits pour les enfants et les seniors\" target=\"_blank\" rel=\"noopener\">Aix-Marseille<\/a>,\u00a0<a class=\"link\" href=\"https:\/\/www.rtl.fr\/actu\/debats-societe\/transports-les-franciliens-boudent-le-bus-trop-lent-7900494122\" title=\"Transports : les Franciliens boudent le bus, trop lent\" target=\"_blank\" rel=\"noopener\">bus<\/a>\u00a0et\u00a0<a class=\"link\" href=\"https:\/\/www.rtl.fr\/actu\/sante\/la-pollution-dans-treize-stations-de-metro-parisien-depassent-les-seuils-recommandes-7900429021\" title=\"Pollution de l&#039;air dans le m\u00e9tro parisien et le RER : &quot;niveau \u00e9lev\u00e9&quot; dans 13 stations\" target=\"_blank\" rel=\"noopener\">m\u00e9tros<\/a>\u00a0ne circuleront pas sauf pour les lignes a\u00e9roportuaires qui desserviront bien l&rsquo;a\u00e9roport Marseille Provence de Marignane.<\/p>\n<p class=\"article-p mdl\">A contrario, <strong>certaines plus petites villes auront bien des transports en commun pour le 1er-Mai<\/strong>, \u00e0 l&rsquo;instar de\u00a0<a class=\"link\" href=\"https:\/\/www.rtl.fr\/actu\/sante\/saint-nazaire-pourquoi-la-surmortalite-liee-aux-cancers-augmente-dans-la-region-7900495999\" title=\"Saint-Nazaire : pourquoi la surmortalit\u00e9 li\u00e9e aux cancers augmente dans la r\u00e9gion ?\" target=\"_blank\" rel=\"noopener\">Saint-Nazaire<\/a>\u00a0(Loire-Atlantique),\u00a0<a class=\"link\" href=\"https:\/\/www.rtl.fr\/actu\/international\/guerre-en-ukraine-un-cargo-russe-bloque-a-saint-malo-depuis-le-debut-du-conflit-7900356319\" title=\"Guerre en Ukraine : un cargo russe bloqu\u00e9 \u00e0 Saint-Malo depuis le d\u00e9but du conflit\" target=\"_blank\" rel=\"noopener\">Saint-Malo<\/a>\u00a0(C\u00f4tes-d&rsquo;Armor),\u00a0<a class=\"link\" href=\"https:\/\/www.rtl.fr\/actu\/debats-societe\/biarritz-annecy-angers-quelles-sont-les-villes-et-les-villages-ou-il-fait-bon-vivre-7900473504\" title=\"Biarritz, Annecy, Angers... Quelles sont les villes et les villages o\u00f9 il fait bon vivre ?\" target=\"_blank\" rel=\"noopener\">Annecy<\/a>\u00a0(Haute-Savoie) ou encore de Saint-Louis (Haut-Rhin).<\/p>\n<p class=\"article-p mdl\"><strong>D\u00e9couvrez notre carte interactive pour savoir si oui ou non vos transports de proximit\u00e9 circuleront lors du 1er mai :<\/strong><\/p>\n<p>    La r\u00e9daction vous recommande<\/p>\n<p class=\"s-newsletter__title\">\n                L\u2019actualit\u00e9 par la r\u00e9daction de RTL dans votre bo\u00eete mail.\n            <\/p>\n<p class=\"s-newsletter__subtitle\">\n                Gr\u00e2ce \u00e0 votre compte RTL abonnez-vous \u00e0 la newsletter RTL info pour suivre toute l&rsquo;actualit\u00e9 au quotidien\n            <\/p>\n<p>\n                                    Lire la suite\n                                <\/p>\n","protected":false},"excerpt":{"rendered":"Il faudra prendre ses pieds ou son v\u00e9lo pour se d\u00e9placer, ce jeudi 1er mai 2025. En effet,&hellip;\n","protected":false},"author":2,"featured_media":64648,"comment_status":"","ping_status":"","sticky":false,"template":"","format":"standard","meta":{"footnotes":""},"categories":[2818],"tags":[10916,1111,11,1997,7048,1777,674,107,1011,27,1307,2428,884,4047,766,12,2636,25,800],"class_list":{"0":"post-64647","1":"post","2":"type-post","3":"status-publish","4":"format-standard","5":"has-post-thumbnail","7":"category-nantes","8":"tag-1er-mai","9":"tag-actu","10":"tag-actualites","11":"tag-bordeaux","12":"tag-bus","13":"tag-eu","14":"tag-europe","15":"tag-fil-info","16":"tag-fr","17":"tag-france","18":"tag-lille","19":"tag-lyon","20":"tag-marseille","21":"tag-metro","22":"tag-nantes","23":"tag-news","24":"tag-pays-de-la-loire","25":"tag-republique-francaise","26":"tag-transports"},"share_on_mastodon":{"url":"https:\/\/pubeurope.com\/@fr\/114427562840721270","error":""},"_links":{"self":[{"href":"https:\/\/www.europesays.com\/fr\/wp-json\/wp\/v2\/posts\/64647","targetHints":{"allow":["GET"]}}],"collection":[{"href":"https:\/\/www.europesays.com\/fr\/wp-json\/wp\/v2\/posts"}],"about":[{"href":"https:\/\/www.europesays.com\/fr\/wp-json\/wp\/v2\/types\/post"}],"author":[{"embeddable":true,"href":"https:\/\/www.europesays.com\/fr\/wp-json\/wp\/v2\/users\/2"}],"replies":[{"embeddable":true,"href":"https:\/\/www.europesays.com\/fr\/wp-json\/wp\/v2\/comments?post=64647"}],"version-history":[{"count":0,"href":"https:\/\/www.europesays.com\/fr\/wp-json\/wp\/v2\/posts\/64647\/revisions"}],"wp:featuredmedia":[{"embeddable":true,"href":"https:\/\/www.europesays.com\/fr\/wp-json\/wp\/v2\/media\/64648"}],"wp:attachment":[{"href":"https:\/\/www.europesays.com\/fr\/wp-json\/wp\/v2\/media?parent=64647"}],"wp:term":[{"taxonomy":"category","embeddable":true,"href":"https:\/\/www.europesays.com\/fr\/wp-json\/wp\/v2\/categories?post=64647"},{"taxonomy":"post_tag","embeddable":true,"href":"https:\/\/www.europesays.com\/fr\/wp-json\/wp\/v2\/tags?post=64647"}],"curies":[{"name":"wp","href":"https:\/\/api.w.org\/{rel}","templated":true}]}}