{"id":646481,"date":"2026-01-07T06:33:21","date_gmt":"2026-01-07T06:33:21","guid":{"rendered":"https:\/\/www.europesays.com\/fr\/646481\/"},"modified":"2026-01-07T06:33:21","modified_gmt":"2026-01-07T06:33:21","slug":"le-photographe-rafael-pavarotti-sexpose-au-musee-des-arts-decoratifs","status":"publish","type":"post","link":"https:\/\/www.europesays.com\/fr\/646481\/","title":{"rendered":"Le photographe Rafael Pavarotti s&rsquo;expose au Mus\u00e9e des Arts D\u00e9coratifs"},"content":{"rendered":"<p>La <a href=\"https:\/\/www.vogue.fr\/dossier\/photographie\" isautogenerated=\"true\" target=\"_blank\" rel=\"noopener\">photographie<\/a> de <a href=\"https:\/\/www.vogue.fr\/dossier\/mode\" isautogenerated=\"true\" target=\"_blank\" rel=\"noopener\">mode<\/a> investira le Mus\u00e9e des Arts d\u00e9coratifs avec une exposition consacr\u00e9e \u00e0 <strong>Rafael Pavarotti<\/strong>, figure incontournable de l\u2019image contemporaine. Du 23 septembre 2026 au 7 f\u00e9vrier 2027, le MAD pr\u00e9sentera pour la premi\u00e8re fois en <a href=\"https:\/\/www.vogue.fr\/dossier\/france\" isautogenerated=\"true\" target=\"_blank\" rel=\"noopener\">France<\/a> une r\u00e9trospective d\u00e9di\u00e9e au photographe br\u00e9silien, r\u00e9unissant plus de 200 tirages mis en dialogue avec les collections photographiques du mus\u00e9e.<\/p>\n<p>Campagnes publicitaires, travaux \u00e9ditoriaux et portraits iconiques composent ce parcours dense, qui retrace l\u2019ascension fulgurante de <strong>Rafael Pavarotti<\/strong> sur la sc\u00e8ne internationale. Les visiteurs y d\u00e9couvriront ses <a href=\"https:\/\/www.vogue.fr\/dossier\/images\" isautogenerated=\"true\" target=\"_blank\" rel=\"noopener\">images<\/a> les plus embl\u00e9matiques, r\u00e9alis\u00e9es pour les plus grands magazines de mode, ainsi que des campagnes pour des maisons de luxe et des portraits de c\u00e9l\u00e9brit\u00e9s majeures de la pop <a href=\"https:\/\/www.vogue.fr\/dossier\/culture\" isautogenerated=\"true\" target=\"_blank\" rel=\"noopener\">culture<\/a>, parmi lesquelles <strong><a href=\"https:\/\/www.vogue.fr\/dossier\/rihanna\" isautogenerated=\"true\" target=\"_blank\" rel=\"noopener\">Rihanna<\/a>, Beyonc\u00e9, A$AP Rocky<\/strong> ou <a href=\"https:\/\/www.vogue.fr\/dossier\/harry-styles\" isautogenerated=\"true\" target=\"_blank\" rel=\"noopener\">Harry Styles<\/a>.<\/p>\n<p><img decoding=\"async\" alt=\"Rafael Pavarotti\" loading=\"lazy\" class=\"ResponsiveImageContainer-eNxvmU cfBbTk responsive-image__image\"   src=\"https:\/\/www.europesays.com\/fr\/wp-content\/uploads\/2026\/01\/RPA_220510_VOGUE%20UK%20x%20BOTTEGA_10_048_V8.jpg\"\/><\/p>\n<p>Rafael Pavarotti\u00a9 Rafael Pavarotti<\/p>\n<p>Une \u0153uvre nourrie par l\u2019intime et l\u2019h\u00e9ritage culturel<\/p>\n<p>N\u00e9 en 1993 dans l\u2019\u00c9tat du Par\u00e1, au c\u0153ur de la for\u00eat amazonienne br\u00e9silienne, <strong>Rafael Pavarotti<\/strong> d\u00e9veloppe tr\u00e8s t\u00f4t un regard singulier sur le monde. Il d\u00e9couvre la photographie \u00e0 l\u2019\u00e2ge de 12 ans, en capturant plages d\u00e9sertes et b\u00e2timents abandonn\u00e9s, avant de se tourner progressivement vers la mode d\u00e8s ses 16 ans. Autodidacte, il s\u2019impose rapidement par une esth\u00e9tique puissante et affirm\u00e9e. Son travail est facilement identifiable : couleurs vibrantes, contrastes pouss\u00e9s \u00e0 l\u2019extr\u00eame, surfaces brillantes et compositions graphiques. La couleur devient chez lui un v\u00e9ritable langage, utilis\u00e9 de mani\u00e8re d\u00e9lib\u00e9r\u00e9e et presque radicale. Ce traitement intense donne naissance \u00e0 des images satur\u00e9es, tranchantes et glossy, o\u00f9 chaque d\u00e9tail semble amplifi\u00e9.<\/p>\n<p>L\u2019exposition met \u00e9galement en lumi\u00e8re la dimension personnelle de son travail. L\u2019univers visuel de <strong>Rafael Pavarotti<\/strong> est profond\u00e9ment influenc\u00e9 par son enfance et son environnement. Les femmes fortes de sa famille, la vaisselle aux teintes vives de sa grand-m\u00e8re, ainsi que la richesse naturelle et chromatique de l\u2019Amazonie constituent des sources d\u2019inspiration essentielles. Cette histoire intime irrigue son \u0153uvre et conf\u00e8re \u00e0 ses photographies une intensit\u00e9 particuli\u00e8re, m\u00ealant glamour, force et identit\u00e9 culturelle. \u00c0 travers ses images, <strong>Pavarotti<\/strong> red\u00e9finit les codes de la photographie de mode contemporaine en y insufflant une \u00e9nergie nouvelle, audacieuse et r\u00e9solument moderne. Avec cette exposition, le Mus\u00e9e des Arts d\u00e9coratifs offre une plong\u00e9e immersive dans l\u2019univers d\u2019un photographe qui a su imposer une signature visuelle forte et renouveler l\u2019esth\u00e9tique de la mode \u00e0 l\u2019\u00e9chelle internationale.<\/p>\n","protected":false},"excerpt":{"rendered":"La photographie de mode investira le Mus\u00e9e des Arts d\u00e9coratifs avec une exposition consacr\u00e9e \u00e0 Rafael Pavarotti, figure&hellip;\n","protected":false},"author":2,"featured_media":646482,"comment_status":"","ping_status":"","sticky":false,"template":"","format":"standard","meta":{"footnotes":""},"categories":[1888],"tags":[11,7362,1777,674,1349,15957,1011,27,985,12,626,1756,25,5418],"class_list":{"0":"post-646481","1":"post","2":"type-post","3":"status-publish","4":"format-standard","5":"has-post-thumbnail","7":"category-paris","8":"tag-actualites","9":"tag-beyonce","10":"tag-eu","11":"tag-europe","12":"tag-expositions","13":"tag-expositions-mode","14":"tag-fr","15":"tag-france","16":"tag-mode","17":"tag-news","18":"tag-paris","19":"tag-photographie","20":"tag-republique-francaise","21":"tag-rihanna"},"share_on_mastodon":{"url":"https:\/\/pubeurope.com\/@fr\/115852424225364069","error":""},"_links":{"self":[{"href":"https:\/\/www.europesays.com\/fr\/wp-json\/wp\/v2\/posts\/646481","targetHints":{"allow":["GET"]}}],"collection":[{"href":"https:\/\/www.europesays.com\/fr\/wp-json\/wp\/v2\/posts"}],"about":[{"href":"https:\/\/www.europesays.com\/fr\/wp-json\/wp\/v2\/types\/post"}],"author":[{"embeddable":true,"href":"https:\/\/www.europesays.com\/fr\/wp-json\/wp\/v2\/users\/2"}],"replies":[{"embeddable":true,"href":"https:\/\/www.europesays.com\/fr\/wp-json\/wp\/v2\/comments?post=646481"}],"version-history":[{"count":0,"href":"https:\/\/www.europesays.com\/fr\/wp-json\/wp\/v2\/posts\/646481\/revisions"}],"wp:featuredmedia":[{"embeddable":true,"href":"https:\/\/www.europesays.com\/fr\/wp-json\/wp\/v2\/media\/646482"}],"wp:attachment":[{"href":"https:\/\/www.europesays.com\/fr\/wp-json\/wp\/v2\/media?parent=646481"}],"wp:term":[{"taxonomy":"category","embeddable":true,"href":"https:\/\/www.europesays.com\/fr\/wp-json\/wp\/v2\/categories?post=646481"},{"taxonomy":"post_tag","embeddable":true,"href":"https:\/\/www.europesays.com\/fr\/wp-json\/wp\/v2\/tags?post=646481"}],"curies":[{"name":"wp","href":"https:\/\/api.w.org\/{rel}","templated":true}]}}