{"id":646490,"date":"2026-01-07T06:38:11","date_gmt":"2026-01-07T06:38:11","guid":{"rendered":"https:\/\/www.europesays.com\/fr\/646490\/"},"modified":"2026-01-07T06:38:11","modified_gmt":"2026-01-07T06:38:11","slug":"une-demande-de-regroupement-familial-relance-le-debat-sur-lusage-de-la-convention-europeenne-des-droits-de-lhomme","status":"publish","type":"post","link":"https:\/\/www.europesays.com\/fr\/646490\/","title":{"rendered":"une demande de regroupement familial relance le d\u00e9bat sur l\u2019usage de la Convention europ\u00e9enne des droits de l\u2019homme"},"content":{"rendered":"<p>Une affaire r\u00e9cente examin\u00e9e par la justice britannique illustre une nouvelle fois les\u00a0<strong>tensions autour de l\u2019application de la Convention europ\u00e9enne des droits de l\u2019homme (CEDH)<\/strong>\u00a0en mati\u00e8re d\u2019immigration et de regroupement familial. <a href=\"https:\/\/www.telegraph.co.uk\/news\/2026\/01\/05\/asylum-seeker-echr-adult-children-case\/\" target=\"_blank\" rel=\"noopener\">En cause : la tentative d\u2019une ressortissante pakistanaise, b\u00e9n\u00e9ficiaire de l\u2019asile au Royaume-Uni, de faire venir deux de ses enfants adultes sur le sol britannique<\/a>, en s\u2019appuyant sur le droit au respect de la vie familiale.<\/p>\n<p>Arriv\u00e9e au Royaume-Uni en 2019 apr\u00e8s l\u2019obtention de l\u2019asile, cette m\u00e8re de quatorze enfants vit d\u00e9j\u00e0 avec neuf d\u2019entre eux au Royaume-Uni. En 2023, deux autres enfants majeurs ont d\u00e9pos\u00e9, avec leur p\u00e8re, une demande de visa familial afin de rejoindre le reste de la fratrie. Si le p\u00e8re a \u00e9t\u00e9 autoris\u00e9 \u00e0 entrer sur le territoire, les autorit\u00e9s britanniques ont refus\u00e9 les demandes des deux enfants, estimant qu\u2019ils\u00a0<strong>ne remplissaient pas les crit\u00e8res du regroupement familial<\/strong>, r\u00e9serv\u00e9 en principe aux enfants mineurs ou aux personnes financi\u00e8rement et mat\u00e9riellement d\u00e9pendantes.<\/p>\n<p>L\u2019article 8 de la CEDH invoqu\u00e9 devant les tribunaux<\/p>\n<p>Les deux enfants ont contest\u00e9 ce refus en invoquant\u00a0<strong>l\u2019article 8 de la CEDH<\/strong>, qui garantit le droit au respect de la vie priv\u00e9e et familiale. Devant un premier tribunal de l\u2019immigration, ils ont obtenu gain de cause, les juges estimant que leur pr\u00e9sence aupr\u00e8s de leur p\u00e8re constituait un \u00e9l\u00e9ment suffisant de d\u00e9pendance \u00e9motionnelle et de soutien quotidien pour justifier leur admission au Royaume-Uni.<\/p>\n<p>Cette d\u00e9cision a toutefois \u00e9t\u00e9\u00a0<strong>annul\u00e9e en appel<\/strong>. Un tribunal sup\u00e9rieur a estim\u00e9 que le premier jugement reposait sur des\u00a0<strong>erreurs de droit<\/strong>, notamment dans l\u2019interpr\u00e9tation de la notion de d\u00e9pendance familiale. Les magistrats ont relev\u00e9 plusieurs incoh\u00e9rences dans les d\u00e9clarations fournies par la famille, soulignant notamment que le p\u00e8re avait pu s\u00e9journer pendant une longue p\u00e9riode en Angleterre sans recevoir l\u2019aide directe de ses enfants rest\u00e9s \u00e0 l\u2019\u00e9tranger. Le dossier devra donc \u00eatre rejug\u00e9.<\/p>\n<p>Le gouvernement britannique durcit sa ligne<\/p>\n<p>Cette affaire intervient alors que le gouvernement britannique a annonc\u00e9 un\u00a0<strong>durcissement des r\u00e8gles encadrant l\u2019immigration familiale<\/strong>, pr\u00e9cis\u00e9ment pour limiter ce type de recours juridiques. La ministre de l\u2019Int\u00e9rieur,\u00a0<strong>Shabana Mahmood<\/strong>, a indiqu\u00e9 vouloir restreindre l\u2019usage de l\u2019article 8 aux seuls\u00a0<strong>liens familiaux dits \u201cnoyaux\u201d<\/strong>, afin d\u2019\u00e9viter ce que l\u2019ex\u00e9cutif qualifie de connexions artificielles ou abusives.<\/p>\n<p>Dans cette optique, Londres a \u00e9galement\u00a0<strong>suspendu temporairement le droit des r\u00e9fugi\u00e9s reconnus \u00e0 faire venir leur famille<\/strong>, dans l\u2019attente de nouvelles r\u00e8gles pr\u00e9vues au printemps. Celles-ci conditionneraient le regroupement familial \u00e0 des crit\u00e8res renforc\u00e9s : niveau de revenus suffisant, autonomie financi\u00e8re, absence de recours aux aides publiques et ma\u00eetrise de l\u2019anglais.<\/p>\n<p>Un d\u00e9bat r\u00e9current sur la souverainet\u00e9 migratoire<\/p>\n<p>Au-del\u00e0 de ce cas pr\u00e9cis, l\u2019affaire illustre un d\u00e9bat plus large au Royaume-Uni \u2014 et dans d\u2019autres pays europ\u00e9ens \u2014 sur l\u2019\u00e9quilibre entre\u00a0<strong>droits fondamentaux, souverainet\u00e9 migratoire et coh\u00e9rence des politiques d\u2019asile<\/strong>. L\u2019interpr\u00e9tation extensive de la CEDH par certaines juridictions est r\u00e9guli\u00e8rement critiqu\u00e9e par les gouvernements, qui y voient une remise en cause de leur capacit\u00e9 \u00e0 fixer des r\u00e8gles claires et ma\u00eetris\u00e9es en mati\u00e8re d\u2019immigration.<\/p>\n<p>Le r\u00e9examen \u00e0 venir de ce dossier sera suivi de pr\u00e8s, tant par les autorit\u00e9s britanniques que par les d\u00e9fenseurs des droits de l\u2019homme, dans un contexte o\u00f9 la question migratoire reste l\u2019un des sujets politiques les plus sensibles du pays.<\/p>\n<p>Cr\u00e9dit photo : Grok IA<br \/>[cc] Article r\u00e9dig\u00e9 par la r\u00e9daction de breizh-info.com et relu et corrig\u00e9 (orthographe, syntaxe) par une intelligence artificielle. Breizh-info.com, 2026, d\u00e9p\u00eaches libres de copie et de diffusion sous r\u00e9serve de mention obligatoire et de lien do follow vers la source d\u2019origine.<\/p>\n","protected":false},"excerpt":{"rendered":"Une affaire r\u00e9cente examin\u00e9e par la justice britannique illustre une nouvelle fois les\u00a0tensions autour de l\u2019application de la&hellip;\n","protected":false},"author":2,"featured_media":646491,"comment_status":"","ping_status":"","sticky":false,"template":"","format":"standard","meta":{"footnotes":""},"categories":[1588],"tags":[11,75211,10443,14124,47807,6492,1777,674,1061,12,35319,26278,473,1853,24523,75212,1851,1850,1852],"class_list":{"0":"post-646490","1":"post","2":"type-post","3":"status-publish","4":"format-standard","5":"has-post-thumbnail","7":"category-royaume-uni","8":"tag-actualites","9":"tag-article-8","10":"tag-asile","11":"tag-cedh","12":"tag-convention-europeenne-des-droits-de-lhomme","13":"tag-droits-de-lhomme","14":"tag-eu","15":"tag-europe","16":"tag-immigration","17":"tag-news","18":"tag-politique-migratoire","19":"tag-regroupement-familial","20":"tag-royaume-uni","21":"tag-royaume-uni-de-grande-bretagne-et-dirlande-du-nord","22":"tag-shabana-mahmood","23":"tag-tribunaux-britanniques","24":"tag-uk","25":"tag-united-kingdom","26":"tag-united-kingdom-of-great-britain-and-northern-ireland"},"share_on_mastodon":{"url":"https:\/\/pubeurope.com\/@fr\/115852443836714448","error":""},"_links":{"self":[{"href":"https:\/\/www.europesays.com\/fr\/wp-json\/wp\/v2\/posts\/646490","targetHints":{"allow":["GET"]}}],"collection":[{"href":"https:\/\/www.europesays.com\/fr\/wp-json\/wp\/v2\/posts"}],"about":[{"href":"https:\/\/www.europesays.com\/fr\/wp-json\/wp\/v2\/types\/post"}],"author":[{"embeddable":true,"href":"https:\/\/www.europesays.com\/fr\/wp-json\/wp\/v2\/users\/2"}],"replies":[{"embeddable":true,"href":"https:\/\/www.europesays.com\/fr\/wp-json\/wp\/v2\/comments?post=646490"}],"version-history":[{"count":0,"href":"https:\/\/www.europesays.com\/fr\/wp-json\/wp\/v2\/posts\/646490\/revisions"}],"wp:featuredmedia":[{"embeddable":true,"href":"https:\/\/www.europesays.com\/fr\/wp-json\/wp\/v2\/media\/646491"}],"wp:attachment":[{"href":"https:\/\/www.europesays.com\/fr\/wp-json\/wp\/v2\/media?parent=646490"}],"wp:term":[{"taxonomy":"category","embeddable":true,"href":"https:\/\/www.europesays.com\/fr\/wp-json\/wp\/v2\/categories?post=646490"},{"taxonomy":"post_tag","embeddable":true,"href":"https:\/\/www.europesays.com\/fr\/wp-json\/wp\/v2\/tags?post=646490"}],"curies":[{"name":"wp","href":"https:\/\/api.w.org\/{rel}","templated":true}]}}