{"id":646494,"date":"2026-01-07T06:40:14","date_gmt":"2026-01-07T06:40:14","guid":{"rendered":"https:\/\/www.europesays.com\/fr\/646494\/"},"modified":"2026-01-07T06:40:14","modified_gmt":"2026-01-07T06:40:14","slug":"les-informations-de-la-nuit-5","status":"publish","type":"post","link":"https:\/\/www.europesays.com\/fr\/646494\/","title":{"rendered":"les informations de la nuit"},"content":{"rendered":"\n<p><strong>Neige, verglas et temp\u00e9ratures glaciales font six morts en Europe.<\/strong> Six personnes sont mortes mardi en Europe, dont cinq en France, \u201calors que la neige, la glace et les temp\u00e9ratures glaciales continuent de faire des ravages dans plusieurs r\u00e9gions\u201d du continent, <a class=\"ithalc\" data-ithal=\"lien_externe\" data-ithalc=\"[nav_article]\" target=\"_blank\" href=\"https:\/\/www.theguardian.com\/world\/2026\/jan\/06\/deaths-snow-ice-freezing-temperatures-havoc-europe\" rel=\"noopener\">\u00e9crit <strong>The Guardian<\/strong>.<\/a> D\u2019importantes perturbations sont attendues mercredi dans les transports routiers et a\u00e9riens, notamment dans les a\u00e9roports parisiens\u00a0o\u00f9 \u201cenviron 40\u00a0% des vols \u00e0 Charles de Gaulle et 25\u00a0% \u00e0 Orly devraient \u00eatre annul\u00e9s\u201d, pr\u00e9cise le titre britannique. Mardi, des centaines de vols ont \u00e9t\u00e9 annul\u00e9s \u00e0 l\u2019a\u00e9roport de Schiphol \u00e0 Amsterdam, tandis que les voyages en train ont \u00e9galement \u00e9t\u00e9 perturb\u00e9s par une panne informatique, en sus des intemp\u00e9ries. Des temp\u00e9ratures glaciales ont en outre frapp\u00e9 une grande partie de l\u2019Europe, le thermom\u00e8tre chutant bien en dessous de -10\u00a0\u00b0C dans le sud et l\u2019est de l\u2019Allemagne et descendant jusqu\u2019\u00e0 -12,5\u00a0\u00b0C au Royaume-Uni, o\u00f9 la neige a entra\u00een\u00e9 \u201cla fermeture de centaines d\u2019\u00e9coles dans les r\u00e9gions du nord\u201d, rel\u00e8ve le quotidien. Les Balkans ont aussi connu des conditions m\u00e9t\u00e9orologiques extr\u00eames. Les autorit\u00e9s serbes ont appel\u00e9 les automobilistes \u00e0 la prudence, alors que \u201cbeaucoup d\u2019entre eux pr\u00e9voient de se rendre dans des stations de ski ou ailleurs pour le No\u00ebl orthodoxe\u201d, c\u00e9l\u00e9br\u00e9 mercredi.<\/p>\n<p><strong>\u201cAucun agent ext\u00e9rieur\u201d ne gouverne le Venezuela, affirme sa pr\u00e9sidente. <\/strong>La pr\u00e9sidente par int\u00e9rim Delcy Rodr\u00edguez a d\u00e9clar\u00e9 mardi qu\u2019\u201caucun\u00a0agent ext\u00e9rieur\u201d ne gouvernait le Venezuela, en r\u00e9ponse au pr\u00e9sident am\u00e9ricain Donald Trump, qui a affirm\u00e9 ces derniers jours qu\u2019\u201cune partie de son administration serait charg\u00e9e de coordonner la transition dans le pays\u201d, <a class=\"ithalc\" data-ithal=\"lien_externe\" data-ithalc=\"[nav_article]\" target=\"_blank\" href=\"https:\/\/efectococuyo.com\/politica\/delcy-rodriguez-no-hay-agente-externo-que-gobierne-a-venezuela\/\" rel=\"noopener\">rapporte le site <strong>Efecto Cocuyo<\/strong>.<\/a> \u201cLe gouvernement v\u00e9n\u00e9zu\u00e9lien dirige notre pays, et personne d\u2019autre. Aucun agent ext\u00e9rieur ne gouverne le Venezuela\u201d, a-t-elle d\u00e9clar\u00e9 lors d\u2019une allocution t\u00e9l\u00e9vis\u00e9e, ajoutant\u00a0: \u201cPersonnellement, \u00e0 ceux qui me menacent, je dis\u00a0ceci\u00a0: mon destin est entre les mains de Dieu seul\u201d. Apr\u00e8s avoir ordonn\u00e9 l\u2019enl\u00e8vement de l\u2019ex-pr\u00e9sident v\u00e9n\u00e9zu\u00e9lien Nicol\u00e1s Maduro pour le faire juger aux \u00c9tats-Unis, Donald Trump avait averti que Mme\u00a0Rodr\u00edguez, investie lundi pr\u00e9sidente par int\u00e9rim, \u201cpaierait plus cher que Maduro\u201d si elle ne faisait pas \u201cce qu\u2019il faut\u201d. Le pr\u00e9sident am\u00e9ricain a affirm\u00e9 dans la soir\u00e9e sur son r\u00e9seau Truth Social que le Venezuela allait \u201cremettre aux \u00c9tats-Unis entre 30 et 50\u00a0millions de barils de p\u00e9trole sous sanction\u201d, dont le produit de la vente, \u201cau prix du march\u00e9\u201d, serait \u201cutilis\u00e9 au profit des peuples du Venezuela et des \u00c9tats-Unis\u201d.<\/p>\n<p><strong>La France et le Royaume-Uni enverront des troupes en Ukraine en cas d\u2019accord de paix. <\/strong>L\u2019Europe et les \u00c9tats-Unis ont affich\u00e9 \u201cun front uni en faveur de l\u2019Ukraine\u201d, mardi \u00e0 Paris, \u201csaluant les garanties de s\u00e9curit\u00e9 soutenues par les Am\u00e9ricains et pr\u00e9sentant un plan d\u00e9taill\u00e9 pour renforcer durablement Kyiv, incluant le d\u00e9ploiement de troupes britanniques et fran\u00e7aises\u201d apr\u00e8s un \u00e9ventuel cessez-le-feu, <a class=\"ithalc\" data-ithal=\"lien_externe\" data-ithalc=\"[nav_article]\" target=\"_blank\" href=\"https:\/\/www.politico.eu\/article\/europe-us-ukraine-peace-deal-russia-paris-ceasefire-allies\/\" rel=\"noopener\">selon <strong>Politico<\/strong>.<\/a> Les Europ\u00e9ens, les Am\u00e9ricains et les Ukrainiens se sont mis d\u2019accord sur des garanties de s\u00e9curit\u00e9 \u201crobustes\u201d pour l\u2019Ukraine, a assur\u00e9 Emmanuel Macron \u00e0 l\u2019issue des discussions entre les 35\u00a0pays membres de la \u201cCoalition des Volontaires\u201d. Le pr\u00e9sident fran\u00e7ais a pr\u00e9cis\u00e9 que \u201cplusieurs milliers\u201d de soldats fran\u00e7ais pourraient \u00eatre d\u00e9ploy\u00e9s pour maintenir la paix en Ukraine en cas de cessez-le-feu. Son homologue ukrainien, Volodymyr Zelensky, a salu\u00e9 les avanc\u00e9es, m\u00eame si la perspective d\u2019un arr\u00eat des hostilit\u00e9s semble encore loin. La Russie s\u2019est jusqu\u2019ici syst\u00e9matiquement oppos\u00e9e \u00e0 tout d\u00e9ploiement militaire occidental en Ukraine.<\/p>\n<p><strong>Isra\u00ebl et la Syrie s\u2019accordent pour \u0153uvrer \u00e0 la \u201cd\u00e9sescalade\u201d.<\/strong> Au deuxi\u00e8me jour de pourparlers \u00e0 Paris, Isra\u00ebl et la Syrie ont convenu mardi de cr\u00e9er, sous l\u2019\u00e9gide des \u00c9tats-Unis, \u201cun m\u00e9canisme visant \u00e0 faciliter la d\u00e9sescalade, la diplomatie et les opportunit\u00e9s commerciales entre les deux pays\u201d, <a class=\"ithalc\" data-ithal=\"lien_externe\" data-ithalc=\"[nav_article]\" target=\"_blank\" href=\"https:\/\/www.timesofisrael.com\/israel-syria-said-to-agree-to-hasten-progress-for-deal-on-2nd-day-of-renewed-talks\/\" rel=\"noopener\">rel\u00e8ve <strong>The Times of Israel<\/strong>.<\/a> Ce \u201cm\u00e9canisme de coordination conjoint\u201d servira \u00e9galement \u00e0 \u201cr\u00e9soudre rapidement les diff\u00e9rends\u201d, pr\u00e9cise le quotidien. Ces discussions entre les deux pays, les premi\u00e8res depuis pr\u00e8s de deux mois, visaient \u00e0 parvenir \u00e0 un accord de s\u00e9curit\u00e9, alors que les deux voisins sont toujours officiellement en \u00e9tat de guerre.<\/p>\n<p><strong>Crans-Montana\u00a0: le bar Le Constellation n\u2019avait pas \u00e9t\u00e9 inspect\u00e9 depuis six ans.<\/strong> Les autorit\u00e9s du village suisse de Crans-Montana ont reconnu mardi qu\u2019aucun contr\u00f4le de s\u00e9curit\u00e9 incendie n\u2019avait \u00e9t\u00e9 effectu\u00e9 depuis 2019\u00a0dans le bar\u00a0Le Constellation, ravag\u00e9 dans la nuit du Nouvel An par un incendie, faisant 40\u00a0morts et 116\u00a0bless\u00e9s. \u201cOn ne se l\u2019explique pas\u201d, a d\u00e9clar\u00e9 le pr\u00e9sident de la commune, Nicolas F\u00e9raud, soulignant que les contr\u00f4les sont cens\u00e9s \u00eatre annuels. En outre, aucune des inspections r\u00e9alis\u00e9es en 2016, 2018\u00a0et 2019 \u201cn\u2019a \u00e9mis de r\u00e9serve sur le rev\u00eatement phonique qui s\u2019est enflamm\u00e9 durant cette nuit fatale\u201d, <a class=\"ithalc\" data-ithal=\"lien_externe\" data-ithalc=\"[nav_article]\" target=\"_blank\" href=\"https:\/\/www.letemps.ch\/suisse\/valais\/la-commune-de-crans-montana-exprime-ses-regrets-amers-et-avoue-ses-manquements-en-matiere-de-controle\" rel=\"noopener\">pr\u00e9cise <strong>Le Temps<\/strong>.<\/a><\/p>\n","protected":false},"excerpt":{"rendered":"Neige, verglas et temp\u00e9ratures glaciales font six morts en Europe. Six personnes sont mortes mardi en Europe, dont&hellip;\n","protected":false},"author":2,"featured_media":646495,"comment_status":"","ping_status":"","sticky":false,"template":"","format":"standard","meta":{"footnotes":""},"categories":[1586],"tags":[11,3822,1129,75,1073,1777,674,1011,27,1892,131,71634,16785,3257,12,52230,316,5821,25,473,4409,132,1857,3067,32,70705,8904,770,220,2475,337,134],"class_list":{"0":"post-646494","1":"post","2":"type-post","3":"status-publish","4":"format-standard","5":"has-post-thumbnail","7":"category-europe","8":"tag-actualites","9":"tag-amu00e9riques","10":"tag-climat","11":"tag-donald-trump","12":"tag-emmanuel-macron","13":"tag-eu","14":"tag-europe","15":"tag-fr","16":"tag-france","17":"tag-gu00e9opolitique","18":"tag-guerre-en-ukraine","19":"tag-informations-de-la-nuit","20":"tag-israu00ebl","21":"tag-moyen-orient","22":"tag-news","23":"tag-nicolu00e1s-maduro","24":"tag-politique","25":"tag-pu00e9trole","26":"tag-republique-francaise","27":"tag-royaume-uni","28":"tag-ru00e9veil","29":"tag-russie","30":"tag-sociu00e9tu00e9","31":"tag-suisse","32":"tag-syrie","33":"tag-tensions-u00e9tats-unis-venezuela","34":"tag-u00e9nergie","35":"tag-u00e9tats-unis","36":"tag-ukraine","37":"tag-union-europu00e9enne","38":"tag-venezuela","39":"tag-volodymyr-zelensky"},"share_on_mastodon":{"url":"https:\/\/pubeurope.com\/@fr\/115852451814204645","error":""},"_links":{"self":[{"href":"https:\/\/www.europesays.com\/fr\/wp-json\/wp\/v2\/posts\/646494","targetHints":{"allow":["GET"]}}],"collection":[{"href":"https:\/\/www.europesays.com\/fr\/wp-json\/wp\/v2\/posts"}],"about":[{"href":"https:\/\/www.europesays.com\/fr\/wp-json\/wp\/v2\/types\/post"}],"author":[{"embeddable":true,"href":"https:\/\/www.europesays.com\/fr\/wp-json\/wp\/v2\/users\/2"}],"replies":[{"embeddable":true,"href":"https:\/\/www.europesays.com\/fr\/wp-json\/wp\/v2\/comments?post=646494"}],"version-history":[{"count":0,"href":"https:\/\/www.europesays.com\/fr\/wp-json\/wp\/v2\/posts\/646494\/revisions"}],"wp:featuredmedia":[{"embeddable":true,"href":"https:\/\/www.europesays.com\/fr\/wp-json\/wp\/v2\/media\/646495"}],"wp:attachment":[{"href":"https:\/\/www.europesays.com\/fr\/wp-json\/wp\/v2\/media?parent=646494"}],"wp:term":[{"taxonomy":"category","embeddable":true,"href":"https:\/\/www.europesays.com\/fr\/wp-json\/wp\/v2\/categories?post=646494"},{"taxonomy":"post_tag","embeddable":true,"href":"https:\/\/www.europesays.com\/fr\/wp-json\/wp\/v2\/tags?post=646494"}],"curies":[{"name":"wp","href":"https:\/\/api.w.org\/{rel}","templated":true}]}}