{"id":646506,"date":"2026-01-07T06:48:08","date_gmt":"2026-01-07T06:48:08","guid":{"rendered":"https:\/\/www.europesays.com\/fr\/646506\/"},"modified":"2026-01-07T06:48:08","modified_gmt":"2026-01-07T06:48:08","slug":"une-nouvelle-histoire-qui-commence-lopen-qbo-de-tennis-voit-plus-grand-avec-la-nouvelle-salle-de-quimper-le-telegramme","status":"publish","type":"post","link":"https:\/\/www.europesays.com\/fr\/646506\/","title":{"rendered":"\u00ab Une nouvelle histoire qui commence \u00bb : l\u2019Open QBO de tennis voit plus grand avec la nouvelle salle de Quimper &#8211; Le T\u00e9l\u00e9gramme"},"content":{"rendered":"<ol>\n<li><a href=\"https:\/\/news.google.com\/rss\/articles\/CBMi_AFBVV95cUxQMzM5V2IxV3h0NlhlQ0x4TndzOHFtZFQ4RFZXeU1JUnk3TU1IMUtaclpDbm44ekNPamMyaDBndnFfUVdzTUxGZWF1STNfN3l1LWlfWkxpVTljejY4Ukc0WUdDTkJkWEx2NDRIUTJ2d29McGl0RnN5TjBjZlhXOGpQcU9heTJNWWNtMjNjanlRdWtPVHZtcG03cGMwc19XV3JZblVobmJ1T3pPNGJYdWxna0Q0UlVMeTlKUFVKRThMek5wTHBhVmo5eXJUNzJqV2FiUTNjN214R0hYSjdtNWU4MDl3MUxWSlFTYXZwdzdzRGExVkhES3EzTURHTmk?oc=5\" target=\"_blank\" rel=\"noopener\">\u00ab Une nouvelle histoire qui commence \u00bb : l\u2019Open QBO de tennis voit plus grand avec la nouvelle salle de Quimper<\/a>&nbsp;&nbsp;Le T\u00e9l\u00e9gramme<\/li>\n<li><a href=\"https:\/\/news.google.com\/rss\/articles\/CBMiqAJBVV95cUxQekZxbmdzRmZCTG1mNjhrZ054cTFDcTh1ajBtQW94Q0N6dFN6aHM1R205cXRXdWQtbVcwT3lyVGU3aHVadzR5a25MTzJocWhjZm9HbkF3OEFJaDV4MkZrakdYdkFBc2stR3BadE5nVF9rWUM0bHpnb08wV2YyXzNFcXBqQ3RHZTlKVGRKN1RBbGV0U3dGWEtLelgwR0kwdE1WeTUyMzNZaVhHdHUycFlmZUtBaG9WRkV4dlgza1FpSXB3aHMwcUp2Z0ZfcFB5Y29oa1NfNVZZR2ZPaW9haE1leVZqN0lpSklQMXA4Mmt3MUw0RXBHNmtycGE5ZHBPc0JZS1drcTNJSXdhdVVublIzWlFleVotc2FDN2wxeVp0YUplbkZMM09wSw?oc=5\" target=\"_blank\" rel=\"noopener\">Pas de grands noms, mais deux \u00ab abonn\u00e9s \u00bb, quatre joueurs du Top 100 et le tenant du titre : voici le tableau de l\u2019Open de Quimper Bretagne Occidentale 2026<\/a>&nbsp;&nbsp;Le T\u00e9l\u00e9gramme<\/li>\n<li><a href=\"https:\/\/news.google.com\/rss\/articles\/CBMi9gFBVV95cUxQTVJqTFh2a05CUi1ETnNIcGM1d3laaTJDTGphWWZBNHBwcUdpekdtbklVZVNZb3lVd3d1RkxCUzIxRzBBWXdGUVUyclBncTYzZEl0Q0g0NlpwTll0MVRSU3NEMl9WRWdKOHd6d0EzcWdYMEVZWVRfemplU3I1SDJSN2h0dEw2a2x6UWhjLWdGakdKaUpoYm0xQW01OTFibWJBLVNQaF9fbk9heEVqeDRwbTlnRlFha0hZSW9nMEJ3THVwbGE5NVlQbG8zNmdIcXlVd0dIcFlmR2ZyNTZ0YUVNeFJSQnkxMklWLWIwaUZlVURIV0FMemc?oc=5\" target=\"_blank\" rel=\"noopener\">\u00ab\u00a0Sportivement, \u00e7a change tout\u00a0\u00bb : disput\u00e9 \u00e0 la nouvelle salle, l&rsquo;open de tennis de Quimper va faire sa r\u00e9volution<\/a>&nbsp;&nbsp;francebleu.fr<\/li>\n<li><a href=\"https:\/\/news.google.com\/rss\/articles\/CBMirgJBVV95cUxNdExTWHhoa2ROVjNzOTlNckNvVE5EcmJuTXl0djZRREFRZ1ZhSkFKLW91NFZCY3AtSE5aTHFVTktyN01WUUc2OFR2Z19fSkw5dFdlN29jbUdnZ0tqZEROZTBsRUNSa3ZidEZ6NlJYWkNNY1hSTGpiVW9FOThLNXVhWUlLUmlERlFxRUJGR3BHQ0w3MkEzLUtobUFCc0lrZ3FzOXQ5RkhDMXcxcC1QZ3lzdHNkVnNqbzZEUWNQd0VqS1JaWGZuSWsxWkd3SUNad1FmaWdybTFWVmxDdlFqaEhYb21zWTBDNVZ0QkVOMC1MbVNQakdsWGVZcnh2b2JrNHNyYlRRTjRqZmY4SzFxYVNJRFpjVUpWZzBpU2o3YXRrazVWRnAtdzNJbXlDQnZadw?oc=5\" target=\"_blank\" rel=\"noopener\">Tennis. Open de Quimper 2026 : les noms des premiers engag\u00e9s d\u00e9voil\u00e9s avec sept Fran\u00e7ais dans le tableau principal<\/a>&nbsp;&nbsp;Ouest-France<\/li>\n<li><a href=\"https:\/\/news.google.com\/rss\/articles\/CBMi1wFBVV95cUxPdUx0ZFNLQzU3TFBHNVo3c2FEbEF2Wi0xUUtXMS1XbU5IRTVqMkdQbXNoQlYwTElpWUlyTXNqekRvTFl3dGZERWpYajNrMU1SR3h3eEY2Wk13WE1SY0VkM1JzWTMydlYtYXdxa1pZa1E4YW90ZnlLMTd1RTZVSi1nZ0pBOUZsR3FRdVgtcW1mbGNHR1FGdkQ5cU5WbFcwR2pSLTk2a1ExOVpEaGhUSVlTaVRrODJvTTBSWmRTcnBxWHlSS0k3TDUxSXNtV3M4UERkV3hMRmQwMA?oc=5\" target=\"_blank\" rel=\"noopener\">Nouvelle salle, prize money en hausse\u2026 : l\u2019Open de tennis de Quimper poursuit sa progression<\/a>&nbsp;&nbsp;Actu.fr<\/li>\n<\/ol>\n","protected":false},"excerpt":{"rendered":"\u00ab Une nouvelle histoire qui commence \u00bb : l\u2019Open QBO de tennis voit plus grand avec la nouvelle&hellip;\n","protected":false},"author":2,"featured_media":395849,"comment_status":"","ping_status":"","sticky":false,"template":"","format":"standard","meta":{"footnotes":""},"categories":[1415],"tags":[1011,27,60,1467],"class_list":{"0":"post-646506","1":"post","2":"type-post","3":"status-publish","4":"format-standard","5":"has-post-thumbnail","7":"category-tennis","8":"tag-fr","9":"tag-france","10":"tag-sports","11":"tag-tennis"},"share_on_mastodon":{"url":"https:\/\/pubeurope.com\/@fr\/115852483139994769","error":""},"_links":{"self":[{"href":"https:\/\/www.europesays.com\/fr\/wp-json\/wp\/v2\/posts\/646506","targetHints":{"allow":["GET"]}}],"collection":[{"href":"https:\/\/www.europesays.com\/fr\/wp-json\/wp\/v2\/posts"}],"about":[{"href":"https:\/\/www.europesays.com\/fr\/wp-json\/wp\/v2\/types\/post"}],"author":[{"embeddable":true,"href":"https:\/\/www.europesays.com\/fr\/wp-json\/wp\/v2\/users\/2"}],"replies":[{"embeddable":true,"href":"https:\/\/www.europesays.com\/fr\/wp-json\/wp\/v2\/comments?post=646506"}],"version-history":[{"count":0,"href":"https:\/\/www.europesays.com\/fr\/wp-json\/wp\/v2\/posts\/646506\/revisions"}],"wp:featuredmedia":[{"embeddable":true,"href":"https:\/\/www.europesays.com\/fr\/wp-json\/wp\/v2\/media\/395849"}],"wp:attachment":[{"href":"https:\/\/www.europesays.com\/fr\/wp-json\/wp\/v2\/media?parent=646506"}],"wp:term":[{"taxonomy":"category","embeddable":true,"href":"https:\/\/www.europesays.com\/fr\/wp-json\/wp\/v2\/categories?post=646506"},{"taxonomy":"post_tag","embeddable":true,"href":"https:\/\/www.europesays.com\/fr\/wp-json\/wp\/v2\/tags?post=646506"}],"curies":[{"name":"wp","href":"https:\/\/api.w.org\/{rel}","templated":true}]}}