{"id":646511,"date":"2026-01-07T06:54:12","date_gmt":"2026-01-07T06:54:12","guid":{"rendered":"https:\/\/www.europesays.com\/fr\/646511\/"},"modified":"2026-01-07T06:54:12","modified_gmt":"2026-01-07T06:54:12","slug":"elle-a-appris-quelle-avait-un-cancer-en-larmes-ahmed-sylla-revele-les-coulisses-dramatiques-du-tournage-du-film-super-papa","status":"publish","type":"post","link":"https:\/\/www.europesays.com\/fr\/646511\/","title":{"rendered":"\u00ab\u00a0Elle a appris qu&rsquo;elle avait un cancer\u00a0\u00bb : En larmes, Ahmed Sylla r\u00e9v\u00e8le les coulisses dramatiques du tournage du film Super Papa"},"content":{"rendered":"<p>Invit\u00e9 dans Clique sur Canal+ ce mardi 6 janvier, Ahmed Sylla \u00e9tait particuli\u00e8rement \u00e9mu au moment d&rsquo;\u00e9voquer deux personnes ch\u00e8res \u00e0 son c\u0153ur rencontr\u00e9es lors du tournage du film Super Papa sorti en 2024.<\/p>\n<p>Apr\u00e8s un an et demi loin du grand \u00e9cran, Ahmed Sylla s&rsquo;appr\u00eate \u00e0 faire son retour au sommet de l&rsquo;affiche avec une nouvelle com\u00e9die \u00e0 d\u00e9couvrir d\u00e8s le 11\u00a0f\u00e9vrier prochain. Dans L&rsquo;infiltr\u00e9e, il incarne Maxime, un policier qui, pour d\u00e9manteler un gang, d\u00e9cide de se transformer en femme afin de faciliter l&rsquo;enqu\u00eate. <a href=\"https:\/\/www.programme-tv.net\/biographie\/3445-laroque-michele\/\" data-link-people=\"30907104-2dcf-4bb7-97e0-499c1c3cd93e\" target=\"_blank\" rel=\"noopener\">Mich\u00e8le Laroque<\/a>, Kaaris, <a href=\"https:\/\/www.programme-tv.net\/biographie\/3536-ladesou-chantal\/\" data-link-people=\"b59d9472-06fd-4316-a5c5-a8c833f85d16\" target=\"_blank\" rel=\"noopener\">Chantal Ladesou<\/a> ou encore <a href=\"https:\/\/www.programme-tv.net\/biographie\/365052-bruna-cindy\/\" data-link-people=\"1c4f276e-8b40-4154-ad5c-af7a21aa0349\" target=\"_blank\" rel=\"noopener\">Cindy Bruna<\/a> font partie de ce casting \u00e9clectique. \u00c0 cette occasion,<a href=\"https:\/\/www.programme-tv.net\/news\/cinema\/344969-je-naime-pas-parler-doseille-mais-ahmed-sylla-devoile-le-montant-astronomique-quil-a-refuse-pour-faire-un-film\/\" data-api-deeplink=\"teleloisirs:\/\/news\/344969\" target=\"_blank\" rel=\"noopener\"> l&rsquo;humoriste<\/a> de 35 ans a \u00e9t\u00e9 convi\u00e9 dans l&rsquo;\u00e9mission de <a href=\"https:\/\/www.programme-tv.net\/biographie\/79099-achour-mouloud\/\" data-link-people=\"ed951c02-3ad3-41d7-a945-f6c947854779\" target=\"_blank\" rel=\"noopener\">Mouloud Achour<\/a> sur Canal+ ce mardi 6\u00a0janvier. Le hasard lui a permis de retrouver en plateau<a href=\"https:\/\/www.programme-tv.net\/news\/tv\/335145-les-influenceurs-sont-contents-de-venir-julien-tellouck-revele-la-force-de-game-one-alors-que-la-chaine-fete-ses-25-ans\/\" data-api-deeplink=\"teleloisirs:\/\/news\/335145\" target=\"_blank\" rel=\"noopener\"> Julien Tellouck, pr\u00e9sentateur de Game One <\/a>venu parler de l&rsquo;arr\u00eat d\u00e9finitif de la cha\u00eene.<\/p>\n<p>Le lien entre Ahmed Sylla et le second invit\u00e9 du programme a \u00e9t\u00e9 r\u00e9v\u00e9l\u00e9 par ce dernier : \u00ab\u00a0J&rsquo;ai une amie et coll\u00e8gue qui est maquilleuse sur Game One et son r\u00eave \u00e9tait de travailler sur un long-m\u00e9trage. Elle a travaill\u00e9 sur son premier long-m\u00e9trage avec Ahmed Sylla, indique-t-il au sujet de Vanessa Rakoto. <b>Malheureusement pendant le tournage, elle a appris une mauvaise nouvelle, elle a appris qu&rsquo;elle avait une maladie de tr\u00e8s grave, un cancer<\/b>\u00ab\u00a0. Une annonce qui a profond\u00e9ment touch\u00e9 le com\u00e9dien occupant le r\u00f4le principal du film sorti en 2024. \u00ab\u00a0<b>Et vous savez ce qu&rsquo;il a fait lui ? Il lui a envoy\u00e9 une tonne de messages pour lui remonter le moral<\/b>, des vocaux pour lui<a href=\"https:\/\/www.programme-tv.net\/news\/tv\/344791-cest-impossible-ahmed-sylla-piege-kev-adams-et-se-fait-passer-pour-kylian-mbappe-lhumoriste-hallucine-et-tombe-dans-le-panneau\/\" data-api-deeplink=\"teleloisirs:\/\/news\/344791\" target=\"_blank\" rel=\"noopener\"> faire des blagues <\/a>et qu&rsquo;elle soit de bonne humeur. Il n&rsquo;a rien \u00e0 gagner \u00e0 faire \u00e7a, personne ne le sait, il l&rsquo;a fait juste parce que c&rsquo;est de la gentillesse et de la bienveillance pures et simples. Je suis content qu&rsquo;il y ait des mecs comme toi qui existe\u00a0\u00bb, a d\u00e9clar\u00e9 Julien Tellouck au trentenaire qui retenait visiblement ses larmes. Il a d&rsquo;ailleurs profit\u00e9 de ce moment pour adresser : \u00ab\u00a0Elle va bien maintenant, Vanessa, on t&#8217;embrasse tr\u00e8s fort\u00a0\u00bb. Mouloud Achour a donn\u00e9 la parole \u00e0 Ahmed Sylla qui s&rsquo;est donc confi\u00e9 sur les coulisses compliqu\u00e9es de<a href=\"https:\/\/www.programme-tv.net\/cinema\/27678643-super-papa\/#:~:text=R%C3%A9sum%C3%A9%20Super%20Papa,sa%20grand%2Dm%C3%A8re%2C%20Sylvie.\" target=\"_blank\" rel=\"noopener\"> Super Papa<\/a>.<\/p>\n<p>                        Ahmed Sylla r\u00e9v\u00e8le que plusieurs drames personnels ont impact\u00e9 le tournage du film Super Papa<\/p>\n<p>Ahmed Sylla a expliqu\u00e9 que le tournage de cette fiction a \u00e9t\u00e9 frapp\u00e9 par plusieurs drames. \u00ab\u00a0C&rsquo;est un film que je ne devais pas faire \u00e0 la base. L\u00e9a [Lando, r\u00e9alisatrice du film, N.D.L.R] m&rsquo;a rappel\u00e9 et m&rsquo;a dit : J&rsquo;ai vraiment envie que \u00e7a soit toi&rsquo; (&#8230;) <a href=\"https:\/\/www.programme-tv.net\/news\/cinema\/382713-super-papa-lea-lando-a-dedicace-son-premier-film-a-sa-mere-et-son-petit-frere-decedes-a-quelques-mois-dintervalle\/\" data-api-deeplink=\"teleloisirs:\/\/news\/382713\" target=\"_blank\" rel=\"noopener\">elle a perdu sa maman juste avant le tournage<\/a>. Elle a eu un courage immense et elle a fini ce film, elle l&rsquo;a fait pour elle. Quelque temps apr\u00e8s, elle a perdu son petit fr\u00e8re\u00a0\u00bb, a expliqu\u00e9 l&rsquo;acteur laissant \u00e9chapper une larme roulant sur sa joue gauche.<\/p>\n<p>La star de l&rsquo;humour s&rsquo;est li\u00e9e d&rsquo;amiti\u00e9 avec Vanessa Rakoto qu&rsquo;il avait rencontr\u00e9e par le biais de L\u00e9a Lando. \u00ab\u00a0Et<b> pendant le tournage, Vanessa se rend compte de [sa maladie]. C&rsquo;est quelqu&rsquo;un qui est rentr\u00e9 dans mon c\u0153ur<\/b>\u00ab\u00a0, a soulign\u00e9 celui qui l&rsquo;a donc accompagn\u00e9 \u00e0 sa mani\u00e8re pendant tout son traitement.<\/p>\n<p><b>Clique<\/b><b>, \u00e0 retrouver en int\u00e9gralit\u00e9 sur l&rsquo;application <\/b><a href=\"https:\/\/www.canalplus.com\/actualites\/clique\/h\/12270209_50001\" target=\"_blank\" rel=\"noopener\"><b>myCANAL<\/b><\/a><b>. <\/b><\/p>\n","protected":false},"excerpt":{"rendered":"Invit\u00e9 dans Clique sur Canal+ ce mardi 6 janvier, Ahmed Sylla \u00e9tait particuli\u00e8rement \u00e9mu au moment d&rsquo;\u00e9voquer deux&hellip;\n","protected":false},"author":2,"featured_media":646512,"comment_status":"","ping_status":"","sticky":false,"template":"","format":"standard","meta":{"footnotes":""},"categories":[1359],"tags":[62582,1419,75214,244,58,59,1011,27,973,75213,129,1630],"class_list":{"0":"post-646511","1":"post","2":"type-post","3":"status-publish","4":"format-standard","5":"has-post-thumbnail","7":"category-people","8":"tag-ahmed-sylla","9":"tag-canal-plus","10":"tag-clique","11":"tag-commentaire","12":"tag-divertissement","13":"tag-entertainment","14":"tag-fr","15":"tag-france","16":"tag-people","17":"tag-super-papa","18":"tag-svod","19":"tag-zapping"},"share_on_mastodon":{"url":"https:\/\/pubeurope.com\/@fr\/115852507159974944","error":""},"_links":{"self":[{"href":"https:\/\/www.europesays.com\/fr\/wp-json\/wp\/v2\/posts\/646511","targetHints":{"allow":["GET"]}}],"collection":[{"href":"https:\/\/www.europesays.com\/fr\/wp-json\/wp\/v2\/posts"}],"about":[{"href":"https:\/\/www.europesays.com\/fr\/wp-json\/wp\/v2\/types\/post"}],"author":[{"embeddable":true,"href":"https:\/\/www.europesays.com\/fr\/wp-json\/wp\/v2\/users\/2"}],"replies":[{"embeddable":true,"href":"https:\/\/www.europesays.com\/fr\/wp-json\/wp\/v2\/comments?post=646511"}],"version-history":[{"count":0,"href":"https:\/\/www.europesays.com\/fr\/wp-json\/wp\/v2\/posts\/646511\/revisions"}],"wp:featuredmedia":[{"embeddable":true,"href":"https:\/\/www.europesays.com\/fr\/wp-json\/wp\/v2\/media\/646512"}],"wp:attachment":[{"href":"https:\/\/www.europesays.com\/fr\/wp-json\/wp\/v2\/media?parent=646511"}],"wp:term":[{"taxonomy":"category","embeddable":true,"href":"https:\/\/www.europesays.com\/fr\/wp-json\/wp\/v2\/categories?post=646511"},{"taxonomy":"post_tag","embeddable":true,"href":"https:\/\/www.europesays.com\/fr\/wp-json\/wp\/v2\/tags?post=646511"}],"curies":[{"name":"wp","href":"https:\/\/api.w.org\/{rel}","templated":true}]}}