{"id":646513,"date":"2026-01-07T06:55:31","date_gmt":"2026-01-07T06:55:31","guid":{"rendered":"https:\/\/www.europesays.com\/fr\/646513\/"},"modified":"2026-01-07T06:55:31","modified_gmt":"2026-01-07T06:55:31","slug":"8-expositions-qui-vont-nous-eblouir-en-2026-de-martin-parr-a-lee-miller","status":"publish","type":"post","link":"https:\/\/www.europesays.com\/fr\/646513\/","title":{"rendered":"8 expositions qui vont nous \u00e9blouir en 2026, de Martin Parr \u00e0 Lee Miller"},"content":{"rendered":"<p>De Lee Miller au mus\u00e9e d&rsquo;Art moderne de Paris \u00e0 Martin Parr et Elton John au Jeu de Paume, en passant par Nan Goldin au Grand Palais et Val\u00e9rie Belin \u00e0 Deauville, d\u00e9couvrez les huit expositions photo majeures qui transformeront votre regard sur le monde en 2026.<\/p>\n<p class=\"field_LQ2154C\" style=\"text-align: justify;\">L\u2019ann\u00e9e 2026 s\u2019annonce comme un mill\u00e9sime exceptionnel pour la photographie en France. De Paris \u00e0 <a href=\"https:\/\/www.connaissancedesarts.com\/arts-expositions\/exposition-bleu-profond-a-deauville-un-voyage-feerique-au-fond-des-mers-avec-les-artistes-11203248\/\" target=\"_blank\" rel=\"noopener\">Deauville<\/a>, pas moins de huit expositions majeures investissent les plus prestigieuses institutions culturelles. Au programme : les l\u00e9gendes du photojournalisme avec Robert Capa au mus\u00e9e de la Lib\u00e9ration et le regrett\u00e9 Sebasti\u00e3o Salgado \u00e0 l\u2019H\u00f4tel de Ville, les r\u00e9trospectives intimistes de Nan Goldin au Grand Palais et Lee Miller au mus\u00e9e d\u2019Art moderne, le regard satirique de Martin Parr au Jeu de Paume, les r\u00eaveries orientalistes de Youssef Nabil \u00e0 <a href=\"https:\/\/www.musee-orsay.fr\/fr\" target=\"_blank\" rel=\"noopener\">Orsay<\/a>, sans oublier les portraits troublants de Val\u00e9rie Belin \u00e0 Deauville et la collection priv\u00e9e d\u2019Elton John. Des images qui \u00e9veillent, bouleversent et transforment notre regard sur le monde.<\/p>\n<p>1. Martin Parr, toujours mordant<\/p>\n<p class=\"field_LQ2154C\" style=\"text-align: justify;\">Apr\u00e8s \u00ab Plan\u00e8te Parr \u00bb en 2009, le Jeu de Paume revisite l\u2019\u0153uvre si riche du photographe anglais r\u00e9cemment disparu, en quelque cent quatre-vingts \u0153uvres. Le monde de Martin Parr est fascinant car la satire qu\u2019il a fait de notre monde contemporain, si grotesque dans sa banalit\u00e9 m\u00eame, est sans fin. Depuis les ann\u00e9es 1970, il a mis le doigt sur nos comportements consum\u00e9ristes, notre inconscience, nos \u00e9go\u00efsmes, nos turpitudes. Son regard d\u00e9cal\u00e9 et satirique, plein d\u2019un humour ravageur, parfois m\u00eame cruel, d\u00e9crit une humanit\u00e9 pitoyable. Une ironie et des couleurs violentes qui r\u00e9veillent.<\/p>\n<p>\u00ab\u00a0Martin Parr, global warning\u00a0\u00bb, Jeu de Paume,\u00a01 place de la Concorde, 75008 Paris, du 30 janvier au 24 mai<br \/>\n<img loading=\"lazy\" width=\"653\" height=\"532\" decoding=\"async\" aria-describedby=\"caption-attachment-208717\" src=\"data:image\/svg+xml,%3Csvg%20xmlns=\" http:=\"\" alt=\"Martin Parr, Kleine Scheidegg, Switzerland, 1994, photographie \u00a9Martin Parr\/ Magnum photos\u00a0\" class=\"size-medium wp-image-208717\" data-lazy-src=\"https:\/\/www.europesays.com\/fr\/wp-content\/uploads\/2026\/01\/cda26_expos_photo_parr-tt-width-653-height-532-fill-0-crop-0-bgcolor-eeeeee.jpg\"\/><\/p>\n<p id=\"caption-attachment-208717\" class=\"wp-caption-text\">Martin Parr, Kleine Scheidegg, Switzerland, 1994, photographie \u00a9Martin Parr\/ Magnum photos<\/p>\n<p>2. La guerre et Capa<\/p>\n<p class=\"field_LQ2154C\" style=\"text-align: justify;\">Une exposition immersive du mus\u00e9e de la Lib\u00e9ration de Paris nous plonge dans l\u2019univers de Robert Capa, figure du photojournalisme de guerre.<\/p>\n<p>\u00ab\u00a0Robert Capa. Photographe de guerre\u00a0\u00bb, mus\u00e9e de la Lib\u00e9ration, 4 avenue du Colonel Henri Rol-Tanguy, 75014 Paris, du 18 f\u00e9vrier au 20 d\u00e9cembre<br \/>\n<img loading=\"lazy\" width=\"653\" height=\"486\" decoding=\"async\" aria-describedby=\"caption-attachment-208722\" src=\"data:image\/svg+xml,%3Csvg%20xmlns=\" http:=\"\" alt=\"Robert Capa, Front de S\u00e9govie, Espagne, fin mai\/d\u00e9but juin 1937 \u00a9 Gerda Taro \u00a9 International Center of Photography\/ Magnum Photos\" class=\"size-medium wp-image-208722\" data-lazy-src=\"https:\/\/www.europesays.com\/fr\/wp-content\/uploads\/2026\/01\/cda25_selection_photo_2026_capa-tt-width-653-height-486-fill-0-crop-0-bgcolor-eeeeee.jpg\"\/><\/p>\n<p id=\"caption-attachment-208722\" class=\"wp-caption-text\">Robert Capa, Front de S\u00e9govie, Espagne, fin mai\/d\u00e9but juin 1937 \u00a9 Gerda Taro \u00a9 International Center of Photography\/ Magnum Photos<\/p>\n<p>3. Salgado, le Br\u00e9sil \u00e0 Paris<\/p>\n<p class=\"field_LQ2154C\" style=\"text-align: justify;\">R\u00e9cemment disparu, le Franco- Br\u00e9silien Sebasti\u00e3o Salgado b\u00e9n\u00e9ficie d\u2019une r\u00e9trospective \u00e0 la salle Saint- Jean de l\u2019H\u00f4tel de Ville de Paris.<\/p>\n<p>\u00ab \u00c0 Paris avec\u2026 le photographe Sebasti\u00e3o\u00a0Salgado \u00bb,\u00a0H\u00f4tel de Ville, 75004 Paris, du 21 f\u00e9vrier au 30 mai<br \/>\n3. Rebelle Nan Goldin<\/p>\n<p class=\"field_LQ2154C\" style=\"text-align: justify;\">Cette r\u00e9trospective r\u00e9unit l\u2019\u0153uvre de cin\u00e9aste de Nan Goldin : \u00ab Mes diaporamas sont des films compos\u00e9s de photos \u00bb, explique-t-elle. On peut y voir The Ballad of Sexual Dependency (1985), mais aussi ce qui la fit conna\u00eetre, The Other Side (1992-2021), hommage \u00e0 ses ami.e.s trans. Sirens plonge dans l\u2019enfer-extase de la drogue, et Memory Lost dans le sevrage, tandis que Syndrome de Stendhal s\u2019inspire des M\u00e9tamorphoses d\u2019Ovide. Pour ceux qui n\u2019avaient pu le voir en 2004 dans la chapelle Saint-Louis de la Salp\u00eatri\u00e8re, Sisters, Saints and Sibyls, sur le suicide de sa s\u0153ur, est reprogramm\u00e9 dans le m\u00eame lieu.<\/p>\n<p>\u00ab\u00a0Nan Goldin, this will not end well\u00a0\u00bb, Grand Palais, 75008 Paris, du 18 mars au 21 juin<br \/>\n<img loading=\"lazy\" width=\"653\" height=\"426\" decoding=\"async\" aria-describedby=\"caption-attachment-208723\" src=\"data:image\/svg+xml,%3Csvg%20xmlns=\" http:=\"\" alt=\"Nan Goldin, Self-portrait in blue bathroom (d\u00e9tail), London, 1980 \u00a9 Nan Goldin\" class=\"size-medium wp-image-208723\" data-lazy-src=\"https:\/\/www.europesays.com\/fr\/wp-content\/uploads\/2026\/01\/cda25_selection_photo_2026_goldin-tt-width-653-height-426-fill-0-crop-0-bgcolor-eeeeee.jpg\"\/><\/p>\n<p id=\"caption-attachment-208723\" class=\"wp-caption-text\">Nan Goldin, Self-portrait in blue bathroom (d\u00e9tail), London, 1980 \u00a9 Nan Goldin<\/p>\n<p>4. Les femmes de Val\u00e9rie Belin<\/p>\n<p class=\"field_LQ2154C\" style=\"text-align: justify;\">\u00ab Mon travail consiste \u00e0 exag\u00e9rer ce qui se passe \u00e0 la surface des choses \u00bb, dit Val\u00e9rie Belin. Poursuivant : \u00ab Ce que je souhaite montrer, c\u2019est le mensonge de la beaut\u00e9. \u00bb Ses portraits ambigus ne sont en effet que des st\u00e9r\u00e9otypes fabriqu\u00e9s : images num\u00e9riques de visages trouv\u00e9s dans les magazines ou de mannequins de vitrine que l\u2019on peine \u00e0 distinguer, \u00e9mergeant d\u2019un d\u00e9cor de fleurs. <a href=\"https:\/\/www.connaissancedesarts.com\/artistes\/camille-claudel\/une-exposition-va-enfin-mettre-en-lumiere-les-artistes-femmes-dans-lombre-de-camille-claudel-dans-le-paris-de-la-belle-epoque-11204357\/\" target=\"_blank\" rel=\"noopener\">Femmes<\/a> miroirs, femmes-ic\u00f4nes, froides et fascinantes. Les Franciscaines viennent d\u2019acqu\u00e9rir l\u2019une de ses \u0153uvres, qui rejoint ainsi une autre exposition intitul\u00e9e \u00ab Esprit Pop, es-tu l\u00e0 ? \u00bb o\u00f9 elle c\u00f4toie Andy Warhol et Martial Raysse.<\/p>\n<p>\u00ab Val\u00e9rie Belin \u2013 Les choses entre elles \u00bb, Espace Andr\u00e9 Hambourg, 145 b avenue de la R\u00e9publique, 14800 Deauville, du 24 janvier au 28 juin<br \/>\n<img loading=\"lazy\" width=\"653\" height=\"871\" decoding=\"async\" aria-describedby=\"caption-attachment-208716\" src=\"data:image\/svg+xml,%3Csvg%20xmlns=\" http:=\"\" alt=\"Val\u00e9rie Belin, Super Girl, s\u00e9rie All Star, 2016, tirage pigmentaire, 173 x 130 cm \u00a9Val\u00e9rie Belin\u00a0\" class=\"size-medium wp-image-208716\" data-lazy-src=\"https:\/\/www.europesays.com\/fr\/wp-content\/uploads\/2026\/01\/cda26_expos_photo_belin-tt-width-653-height-871-fill-0-crop-0-bgcolor-eeeeee.jpg\"\/><\/p>\n<p id=\"caption-attachment-208716\" class=\"wp-caption-text\">Val\u00e9rie Belin, Super Girl, s\u00e9rie All Star, 2016, tirage pigmentaire, 173 x 130 cm \u00a9Val\u00e9rie Belin<\/p>\n<p>5. Lee Miller la courageuse<\/p>\n<p class=\"field_LQ2154C\" style=\"text-align: justify;\">\u00c0 travers cent cinquante tirages originaux, cette r\u00e9trospective de l\u2019\u0153uvre foisonnante de Lee Miller (1907-1977) retrace son destin singulier, entre t\u00e9n\u00e8bres et lumi\u00e8re. Personnage mythique, mannequin \u00e0 <a href=\"https:\/\/www.connaissancedesarts.com\/marche-art\/salons-foires\/rentree-2025-les-foires-et-salons-dart-a-ne-pas-manquer-de-paris-a-new-york-11204559\/\" target=\"_blank\" rel=\"noopener\">New York<\/a>, muse et partenaire cr\u00e9ative de Man Ray avec qui elle invente la solarisation, amie de Picasso, \u00e9pouse de l\u2019\u00e9crivain surr\u00e9aliste Roland Penrose, elle devient reporter de guerre en 1945, et ses images humanistes t\u00e9moignent des horreurs qu\u2019elle d\u00e9couvre \u00e0 l\u2019ouverture de Buchenwald et de Dachau. Elle se r\u00e9invente sans cesse, jusqu\u2019\u00e0 finir ses jours dans la campagne anglaise en concoctant des recettes de cuisine !<\/p>\n<p>\u00ab Lee Miller \u00bb, mus\u00e9e d\u2019Art moderne de Paris, 11 Avenue du Pr\u00e9sident Wilson 75116 Paris, du 3 avril au 26 juillet<br \/>\n<img loading=\"lazy\" width=\"653\" height=\"890\" decoding=\"async\" aria-describedby=\"caption-attachment-208763\" src=\"data:image\/svg+xml,%3Csvg%20xmlns=\" http:=\"\" alt=\"Lee Miller, Mod\u00e8le avec une ampoule, Studio Vogue, Londres, 1943, Lee Miller Archives \u00a9 Lee Miller Archives, Angleterre, 2025, tous droits r\u00e9serv\u00e9s\u00a0\" class=\"size-medium wp-image-208763\" data-lazy-src=\"https:\/\/www.europesays.com\/fr\/wp-content\/uploads\/2026\/01\/cda26_expos_photo_miller-tt-width-653-height-890-fill-0-crop-0-bgcolor-eeeeee.jpg\"\/><\/p>\n<p id=\"caption-attachment-208763\" class=\"wp-caption-text\">Lee Miller, Mod\u00e8le avec une ampoule, Studio Vogue, Londres, 1943, Lee Miller Archives \u00a9 Lee Miller Archives, Angleterre, 2025, tous droits r\u00e9serv\u00e9s<\/p>\n<p>6. Le r\u00eave de Youssef Nabil<\/p>\n<p class=\"field_LQ2154C\" style=\"text-align: justify;\">Le <a href=\"https:\/\/www.connaissancedesarts.com\/arts-expositions\/photographie\/exposition-photo-5-photographes-transforment-la-nature-en-oeuvre-dart-au-chateau-de-chaumont-sur-loire-11207971\/\" target=\"_blank\" rel=\"noopener\">photographe<\/a> franco-\u00e9gyptien r\u00eavait de faire dialoguer ses images avec les collections orientalistes du mus\u00e9e d\u2019Orsay. Exauc\u00e9 !<\/p>\n<p>\u00ab Youssef Nabil. De r\u00eaver \u00bb, mus\u00e9e d\u2019Orsay, esplanade Val\u00e9ry Giscard d\u2019Estaing, 75007 Paris, du 19 mai au 13 septembre<br \/>\n7. La collection d\u2019Elton John<\/p>\n<p class=\"field_LQ2154C\" style=\"text-align: justify;\">Apr\u00e8s Londres, les photographies modernes et contemporaines de la collection d\u2019Elton John et David Furnish d\u00e9barquent au Jeu de Paume, \u00e0 Paris.<\/p>\n<p>\u00ab\u00a0Fragile Beauty \u00bb, Jeu de Paume, 1 place de la Concorde, 75008 Paris, du 12 juin au 27 septembre<br \/>\n<img loading=\"lazy\" width=\"653\" height=\"985\" decoding=\"async\" aria-describedby=\"caption-attachment-208764\" src=\"data:image\/svg+xml,%3Csvg%20xmlns=\" http:=\"\" alt=\"Walter Pfeiffer, sans titre, 1975 \u00a9 Walter Pfeiffer\" class=\"size-medium wp-image-208764\" data-lazy-src=\"https:\/\/www.europesays.com\/fr\/wp-content\/uploads\/2026\/01\/cda26_expos_photo_elton_john-tt-width-653-height-985-fill-0-crop-0-bgcolor-eeeeee.jpg\"\/><\/p>\n<p id=\"caption-attachment-208764\" class=\"wp-caption-text\">Walter Pfeiffer, sans titre, 1975 \u00a9 Walter Pfeiffer<\/p>\n<p>\u00a0<\/p>\n","protected":false},"excerpt":{"rendered":"De Lee Miller au mus\u00e9e d&rsquo;Art moderne de Paris \u00e0 Martin Parr et Elton John au Jeu de&hellip;\n","protected":false},"author":2,"featured_media":646514,"comment_status":"","ping_status":"","sticky":false,"template":"","format":"standard","meta":{"footnotes":""},"categories":[1358],"tags":[1348,1384,1385,1386,58,59,1011,27],"class_list":{"0":"post-646513","1":"post","2":"type-post","3":"status-publish","4":"format-standard","5":"has-post-thumbnail","7":"category-arts-et-design","8":"tag-arts","9":"tag-arts-and-design","10":"tag-arts-et-design","11":"tag-design","12":"tag-divertissement","13":"tag-entertainment","14":"tag-fr","15":"tag-france"},"share_on_mastodon":{"url":"https:\/\/pubeurope.com\/@fr\/115852510672785398","error":""},"_links":{"self":[{"href":"https:\/\/www.europesays.com\/fr\/wp-json\/wp\/v2\/posts\/646513","targetHints":{"allow":["GET"]}}],"collection":[{"href":"https:\/\/www.europesays.com\/fr\/wp-json\/wp\/v2\/posts"}],"about":[{"href":"https:\/\/www.europesays.com\/fr\/wp-json\/wp\/v2\/types\/post"}],"author":[{"embeddable":true,"href":"https:\/\/www.europesays.com\/fr\/wp-json\/wp\/v2\/users\/2"}],"replies":[{"embeddable":true,"href":"https:\/\/www.europesays.com\/fr\/wp-json\/wp\/v2\/comments?post=646513"}],"version-history":[{"count":0,"href":"https:\/\/www.europesays.com\/fr\/wp-json\/wp\/v2\/posts\/646513\/revisions"}],"wp:featuredmedia":[{"embeddable":true,"href":"https:\/\/www.europesays.com\/fr\/wp-json\/wp\/v2\/media\/646514"}],"wp:attachment":[{"href":"https:\/\/www.europesays.com\/fr\/wp-json\/wp\/v2\/media?parent=646513"}],"wp:term":[{"taxonomy":"category","embeddable":true,"href":"https:\/\/www.europesays.com\/fr\/wp-json\/wp\/v2\/categories?post=646513"},{"taxonomy":"post_tag","embeddable":true,"href":"https:\/\/www.europesays.com\/fr\/wp-json\/wp\/v2\/tags?post=646513"}],"curies":[{"name":"wp","href":"https:\/\/api.w.org\/{rel}","templated":true}]}}