{"id":646515,"date":"2026-01-07T06:57:18","date_gmt":"2026-01-07T06:57:18","guid":{"rendered":"https:\/\/www.europesays.com\/fr\/646515\/"},"modified":"2026-01-07T06:57:18","modified_gmt":"2026-01-07T06:57:18","slug":"lanneau-la-fin-du-jeu-de-france-2-avant-un-retour-impossible","status":"publish","type":"post","link":"https:\/\/www.europesays.com\/fr\/646515\/","title":{"rendered":"L\u2019Anneau\u00a0: la fin du jeu de France 2 avant un retour impossible"},"content":{"rendered":"<p>\n\t\t\t\t\t\tPubli\u00e9 le 06\/01\/2026 \u00e0 20:37<br \/>\n\t\t\t\t   Mis \u00e0 jour le <strong>07\/01\/2026<\/strong> \u00e0 <strong>00:01<\/strong>\n\t\t\t\t\t<\/p>\n<p>Ce mardi 6 janvier 2026, Laurent Luyat anime une seconde soir\u00e9e de l\u2019\u00e9mission <strong>L\u2019anneau<\/strong>. Trois nouveaux \u00e9pisodes sont programm\u00e9s. Le divertissement n\u2019a cependant pas attir\u00e9 les t\u00e9l\u00e9spectateurs lors de son lancement.<\/p>\n<p>Ce mardi 6 janvier 2026 sur l\u2019antenne de <a href=\"https:\/\/toutelatele.ouest-france.fr\/france-2-011\" target=\"_blank\" rel=\"noopener\"><strong>France 2<\/strong><\/a>, <strong>Laurent Luyat<\/strong>, qui a r\u00e9ussi un beau succ\u00e8s avec les chorales sur France 3 avec <a href=\"https:\/\/toutelatele.ouest-france.fr\/interview-magali-ripoll-la-meilleure-chorale-de-france-on-succede-a-cyril-feraud-donc-la-pression-est-la-181832\" class=\"spip_in\" target=\"_blank\" rel=\"noopener\"><strong>Magali Ripoll<\/strong><\/a>, donne le coup d\u2019envoi de la seconde soir\u00e9e du jeu  <strong>L\u2019anneau<\/strong> . Des candidats venus de toute la France affrontent un anneau qui les met face \u00e0 des d\u00e9fis.<\/p>\n<p>Durant cette soir\u00e9e, <a href=\"https:\/\/toutelatele.ouest-france.fr\/l-anneau-les-terribles-conditions-de-tournage-du-jeu-de-france-2-dans-un-lieu-bien-connu-des-alpes-182194\" class=\"spip_in\" target=\"_blank\" rel=\"noopener\">alors que les conditions de tournage \u00e9taient tr\u00e8s compliqu\u00e9es dans les Alpes<\/a>, une alliance est mise \u00e0 rude \u00e9preuve et les aventuriers pourraient bien perdre leur refuge au cours des \u00e9pisodes. Pendant ce temps, le divertissement, lanc\u00e9 la semaine derni\u00e8re, n\u2019a pas sembl\u00e9 convaincre les t\u00e9l\u00e9spectateurs pendant les f\u00eates de fin d\u2019ann\u00e9e.<\/p>\n<p> L\u2019anneau\u00a0: France 2 souffre en prime<\/p>\n<p>En effet, <a href=\"https:\/\/toutelatele.ouest-france.fr\/audiences-tv-046\" target=\"_blank\" rel=\"noopener\">c\u00f4t\u00e9 audiences<\/a>, cette premi\u00e8re soir\u00e9e a r\u00e9uni 879 000 personnes ce mardi 30 d\u00e9cembre 2025 entre 21h09 et 23h26, soit 5,7\u00a0% de part de march\u00e9 aupr\u00e8s des quatre ans et plus, dont 4,9\u00a0% des femmes responsables des achats de moins de cinquante ans. C\u2019est une vraie d\u00e9convenue pour une nouveaut\u00e9 sign\u00e9e 2P2L, French TV et France T\u00e9l\u00e9visions.<\/p>\n<p>Dans le d\u00e9tail, les deux premiers \u00e9pisodes ont r\u00e9uni 1,09 million et 803 000 personnes de 21h09 \u00e0 22h41, soit 6,1\u00a0% et 4,9\u00a0% de part de march\u00e9 aupr\u00e8s de l\u2019ensemble du public. France 2 s\u2019est alors retrouv\u00e9e cinqui\u00e8me cha\u00eene nationale, distanc\u00e9e par la suite de la s\u00e9rie  <strong>Tom et Lola<\/strong>  sur France 3, TF1 et le film <strong> Mrs Doubtfire <\/strong>, M6 et les 20 ans de  <strong>La France a un incroyable talent<\/strong> , mais aussi le film d\u2019Arte.<\/p>\n<p> L\u2019anneau\u00a0: la sentence d\u00e9j\u00e0 act\u00e9e pour le jeu de France 2\u00a0?<\/p>\n<p>Le dernier \u00e9pisode de l\u2019\u00e9mission anim\u00e9e par Laurent Luyat a relev\u00e9 un peu la t\u00eate c\u00f4t\u00e9 audiences et a r\u00e9uni 719 000 personnes de 22h41 \u00e0 23h26, soit 6,1\u00a0% du public. France 2 a donc \u00e9t\u00e9 quatri\u00e8me cha\u00eene nationale, devanc\u00e9e par TF1, France 3 et M6.<\/p>\n<p>Cela reste des audiences catastrophiques pour un divertissement en prime-time sur la premi\u00e8re chaine publique. On n\u2019avait pas vu cela depuis <strong> The Artist <\/strong> en 2021 avec <strong>Nagui<\/strong> sur France 2. Et avec ces scores, le retour du programme avec une saison 2 para\u00eet quasiment impossible pour la cha\u00eene, qui a voulu tenter un pari avec un jeu d\u2019aventures hivernal.<\/p>\n<p> <strong> L\u2019anneau<\/strong>  est \u00e0 retrouver ce mardi 6 janvier 2026 \u00e0 21h10 sur France 2, et \u00e0 tout moment sur la plateforme france.tv. La grande finale aura lieu le 13 janvier 2026.<\/p>\n","protected":false},"excerpt":{"rendered":"Publi\u00e9 le 06\/01\/2026 \u00e0 20:37 Mis \u00e0 jour le 07\/01\/2026 \u00e0 00:01 Ce mardi 6 janvier 2026, Laurent&hellip;\n","protected":false},"author":2,"featured_media":646516,"comment_status":"","ping_status":"","sticky":false,"template":"","format":"standard","meta":{"footnotes":""},"categories":[1356],"tags":[58,59,1011,27,252,1364],"class_list":{"0":"post-646515","1":"post","2":"type-post","3":"status-publish","4":"format-standard","5":"has-post-thumbnail","7":"category-television","8":"tag-divertissement","9":"tag-entertainment","10":"tag-fr","11":"tag-france","12":"tag-television","13":"tag-tv"},"share_on_mastodon":{"url":"https:\/\/pubeurope.com\/@fr\/115852518584276590","error":""},"_links":{"self":[{"href":"https:\/\/www.europesays.com\/fr\/wp-json\/wp\/v2\/posts\/646515","targetHints":{"allow":["GET"]}}],"collection":[{"href":"https:\/\/www.europesays.com\/fr\/wp-json\/wp\/v2\/posts"}],"about":[{"href":"https:\/\/www.europesays.com\/fr\/wp-json\/wp\/v2\/types\/post"}],"author":[{"embeddable":true,"href":"https:\/\/www.europesays.com\/fr\/wp-json\/wp\/v2\/users\/2"}],"replies":[{"embeddable":true,"href":"https:\/\/www.europesays.com\/fr\/wp-json\/wp\/v2\/comments?post=646515"}],"version-history":[{"count":0,"href":"https:\/\/www.europesays.com\/fr\/wp-json\/wp\/v2\/posts\/646515\/revisions"}],"wp:featuredmedia":[{"embeddable":true,"href":"https:\/\/www.europesays.com\/fr\/wp-json\/wp\/v2\/media\/646516"}],"wp:attachment":[{"href":"https:\/\/www.europesays.com\/fr\/wp-json\/wp\/v2\/media?parent=646515"}],"wp:term":[{"taxonomy":"category","embeddable":true,"href":"https:\/\/www.europesays.com\/fr\/wp-json\/wp\/v2\/categories?post=646515"},{"taxonomy":"post_tag","embeddable":true,"href":"https:\/\/www.europesays.com\/fr\/wp-json\/wp\/v2\/tags?post=646515"}],"curies":[{"name":"wp","href":"https:\/\/api.w.org\/{rel}","templated":true}]}}