{"id":646528,"date":"2026-01-07T07:04:11","date_gmt":"2026-01-07T07:04:11","guid":{"rendered":"https:\/\/www.europesays.com\/fr\/646528\/"},"modified":"2026-01-07T07:04:11","modified_gmt":"2026-01-07T07:04:11","slug":"cest-quoi-cette-histoire-dhotel-qui-refuse-et-annule-les-reservations-dagents-de-la-police-de-limmigration-ice","status":"publish","type":"post","link":"https:\/\/www.europesays.com\/fr\/646528\/","title":{"rendered":"C\u2019est quoi cette histoire d\u2019h\u00f4tel qui refuse et annule les r\u00e9servations d\u2019agents de la police de l&rsquo;immigration ICE ?"},"content":{"rendered":"<p>Tout commence lundi 5\u00a0janvier 2026 lorsqu\u2019un h\u00f4tel Hampton Inn de Lakeville, \u00e0 une quarantaine de kilom\u00e8tres de <a href=\"https:\/\/www.20minutes.fr\/dossier\/minneapolis\" class=\"c-link c-link--is-underlined\" target=\"_blank\" rel=\"noopener\">Minneapolis<\/a> (Minnesota), annule des r\u00e9servations effectu\u00e9es par des agents f\u00e9d\u00e9raux charg\u00e9s de l\u2019immigration. Selon le minist\u00e8re am\u00e9ricain de la S\u00e9curit\u00e9 int\u00e9rieure (DHS), ces chambres avaient \u00e9t\u00e9 r\u00e9serv\u00e9es avec des adresses professionnelles officielles et des tarifs gouvernementaux, par des agents de l\u2019Immigration and Customs Enforcement (ICE) impliqu\u00e9s dans une vaste op\u00e9ration de contr\u00f4le migratoire r\u00e9cemment lanc\u00e9e dans le Minnesota.<\/p>\n<p>Sur <a href=\"https:\/\/x.com\/DHSgov\/status\/2008228888795861244\" rel=\"nofollow\" target=\"_blank\" class=\"c-link c-link--is-underlined\">X (ex-Twitter)<\/a>, le DHS a choisi d\u2019interpeler la cha\u00eene h\u00f4teli\u00e8re en partageant l\u2019e-mail re\u00e7u. Dans celui-ci, les g\u00e9rants indiquent \u00ab\u00a0ne pas autoriser d\u2019agents de l\u2019immigration au sein de leur propri\u00e9t\u00e9\u00a0\u00bb, et invitent leur interlocuteur \u00e0 \u00ab\u00a0partager l\u2019information avec ses coll\u00e8gues\u00a0\u00bb.<\/p>\n<\/p>\n<p>Une hostilit\u00e9 \u00ab\u00a0id\u00e9ologique\u00a0\u00bb<\/p>\n<p>Si l\u2019incident est local, il a vite pris une ampleur nationale apr\u00e8s la diffusion d\u2019une vid\u00e9o sur les r\u00e9seaux sociaux par un commentateur conservateur Nick Sortor. Dans cette s\u00e9quence, ce dernier se pr\u00e9sente \u00e0 la r\u00e9ception de l\u2019h\u00f4tel en se faisant passer pour un repr\u00e9sentant du DHS afin de r\u00e9server une dizaine de chambres pour les agents d\u2019immigration. On y voit le responsable de l\u2019accueil qui confirme que le propri\u00e9taire maintient sa politique interne.<\/p>\n<blockquote class=\"twitter-tweet\" align=\"center\" data-lang=\"fr_FR\">\n<p lang=\"en\" dir=\"ltr\">\ud83d\udea8 BREAKING EXCLUSIVE: I went into the Minnesota Hilton who \u201capologized\u201d for banning DHS agents, and EXPOSED them for CONTINUING to ban DHS agents<a href=\"https:\/\/twitter.com\/HiltonHotels?ref_src=twsrc%5Etfw\" target=\"_blank\" rel=\"noopener\">@HiltonHotels<\/a> has decided they want the FULL BUDLIGHT treatment at this point.<\/p>\n<p>Hilton\u2019s operator, Everpeak, STRAIGHT UP LIED in\u2026 <a href=\"https:\/\/t.co\/3g97P7okpz\">pic.twitter.com\/3g97P7okpz<\/a><\/p>\n<p>\u2014 Nick Sortor (@nicksortor) <a href=\"https:\/\/twitter.com\/nicksortor\/status\/2008497245826556404?ref_src=twsrc%5Etfw\" target=\"_blank\" rel=\"noopener\">January 6, 2026<\/a><\/p><\/blockquote>\n<p class=\"mb-m@xs text-l@xs\">En cliquant sur\u00ab J\u2019accepte \u00bb, vous acceptez le d\u00e9p\u00f4t de cookies par des services externes et aurez ainsi acc\u00e8s aux contenus de nos partenaires.<\/p>\n<p class=\"mb-xl@xs text-s@xs\">Plus d\u2019informations sur la page<a href=\"https:\/\/www.20minutes.fr\/gestion-cookies\" class=\"mx-xxs@xs color-ultramarine\" target=\"_blank\" rel=\"noopener\">Politique de gestion des cookies<\/a><\/p>\n<p>J\u2019accepte<\/p>\n<p>Le minist\u00e8re d\u00e9nonce alors une pratique \u00ab\u00a0inacceptable\u00a0\u00bb et accuse l\u2019\u00e9tablissement de refuser sciemment l\u2019acc\u00e8s \u00e0 des agents f\u00e9d\u00e9raux dans l\u2019exercice de leurs fonctions.<\/p>\n<p>Des pratiques \u00ab\u00a0contraires aux valeurs am\u00e9ricaines\u00a0\u00bb<\/p>\n<p>Alors que les r\u00e9seaux X et TruthSocial s\u2019enflamment, retournement de situation. Le groupe h\u00f4telier Hilton annonce couper imm\u00e9diatement ses liens avec l\u2019h\u00f4tel. Le groupe pr\u00e9cise que l\u2019\u00e9tablissement est exploit\u00e9 par un propri\u00e9taire ind\u00e9pendant, mais rappelle que celui-ci avait assur\u00e9 avoir r\u00e9gl\u00e9 le probl\u00e8me. Sauf qu&rsquo; \u00ab\u00a0une vid\u00e9o r\u00e9cente soul\u00e8ve clairement des inqui\u00e9tudes quant au respect de nos standards et de nos valeurs\u00a0\u00bb, explique Hilton, qui d\u00e9cide de retirer l\u2019h\u00f4tel de ses syst\u00e8mes de r\u00e9servation.<\/p>\n<p>\u00ab\u00a0Hilton est, et a toujours \u00e9t\u00e9, un lieu accueillant pour tous\u00a0\u00bb, ajoute le groupe, annon\u00e7ant \u00e9galement un rappel g\u00e9n\u00e9ral de ses r\u00e8gles aupr\u00e8s de l\u2019ensemble de ses franchis\u00e9s. La d\u00e9cision est salu\u00e9e par le DHS. Une responsable du minist\u00e8re estime d\u2019ailleurs que des \u00ab\u00a0pratiques commerciales discriminatoires visant les forces de l\u2019ordre f\u00e9d\u00e9rales\u00a0\u00bb sont \u00ab\u00a0contraires aux valeurs am\u00e9ricaines\u00a0\u00bb.<\/p>\n<p><a href=\"https:\/\/www.20minutes.fr\/monde\/etats-unis\/\" class=\"c-link c-btn c-btn--primary\" target=\"_blank\" rel=\"noopener\">Tous nos articles sur les \u00c9tats-Unis<\/a>Le Minnesota en ligne de mire<\/p>\n<p>Environ 2.000 agents f\u00e9d\u00e9raux, issus de l\u2019ICE ainsi que d\u2019autres services du DHS, sont en cours de d\u00e9ploiement \u00e0 Minneapolis et dans ses environs, <a href=\"https:\/\/www.cbsnews.com\/news\/minneapolis-federal-agents-crackdown\/\" rel=\"nofollow noopener\" target=\"_blank\" class=\"c-link c-link--is-underlined\">selon CBS News<\/a>. Depuis des semaines, l\u2019administration Trump multiplie les d\u00e9clarations offensives \u00e0 l\u2019encontre de l\u2019\u00c9tat du Minnesota, qu\u2019elle accuse d\u2019avoir laiss\u00e9 prosp\u00e9rer des fraudes \u00e0 grande \u00e9chelle impliquant des fonds publics, notamment dans des programmes sociaux.<\/p>\n<p>Depuis\u00a02022, plus de 80 personnes ont \u00e9t\u00e9 inculp\u00e9es dans ces dossiers par la justice f\u00e9d\u00e9rale. La majorit\u00e9 d\u2019entre elles sont am\u00e9ricaines d\u2019origine somalienne. Une affaire instrumentalis\u00e9e politiquement par Donald Trump qui a attaqu\u00e9 \u00e0 plusieurs reprises le gouverneur Tim Walz et la communaut\u00e9 somalo-am\u00e9ricaine de l\u2019\u00c9tat.<\/p>\n<p><script async src=\"https:\/\/platform.twitter.com\/widgets.js\" charset=\"utf-8\"><\/script><\/p>\n","protected":false},"excerpt":{"rendered":"Tout commence lundi 5\u00a0janvier 2026 lorsqu\u2019un h\u00f4tel Hampton Inn de Lakeville, \u00e0 une quarantaine de kilom\u00e8tres de Minneapolis&hellip;\n","protected":false},"author":2,"featured_media":646529,"comment_status":"","ping_status":"","sticky":false,"template":"","format":"standard","meta":{"footnotes":""},"categories":[6],"tags":[47,35,75,33,34,73,1011,27,1061,32194,74,31218],"class_list":{"0":"post-646528","1":"post","2":"type-post","3":"status-publish","4":"format-standard","5":"has-post-thumbnail","7":"category-economie","8":"tag-actualite","9":"tag-business","10":"tag-donald-trump","11":"tag-economie","12":"tag-economy","13":"tag-etats-unis","14":"tag-fr","15":"tag-france","16":"tag-immigration","17":"tag-minneapolis","18":"tag-monde","19":"tag-tim-walz"},"share_on_mastodon":{"url":"https:\/\/pubeurope.com\/@fr\/115852546107787796","error":""},"_links":{"self":[{"href":"https:\/\/www.europesays.com\/fr\/wp-json\/wp\/v2\/posts\/646528","targetHints":{"allow":["GET"]}}],"collection":[{"href":"https:\/\/www.europesays.com\/fr\/wp-json\/wp\/v2\/posts"}],"about":[{"href":"https:\/\/www.europesays.com\/fr\/wp-json\/wp\/v2\/types\/post"}],"author":[{"embeddable":true,"href":"https:\/\/www.europesays.com\/fr\/wp-json\/wp\/v2\/users\/2"}],"replies":[{"embeddable":true,"href":"https:\/\/www.europesays.com\/fr\/wp-json\/wp\/v2\/comments?post=646528"}],"version-history":[{"count":0,"href":"https:\/\/www.europesays.com\/fr\/wp-json\/wp\/v2\/posts\/646528\/revisions"}],"wp:featuredmedia":[{"embeddable":true,"href":"https:\/\/www.europesays.com\/fr\/wp-json\/wp\/v2\/media\/646529"}],"wp:attachment":[{"href":"https:\/\/www.europesays.com\/fr\/wp-json\/wp\/v2\/media?parent=646528"}],"wp:term":[{"taxonomy":"category","embeddable":true,"href":"https:\/\/www.europesays.com\/fr\/wp-json\/wp\/v2\/categories?post=646528"},{"taxonomy":"post_tag","embeddable":true,"href":"https:\/\/www.europesays.com\/fr\/wp-json\/wp\/v2\/tags?post=646528"}],"curies":[{"name":"wp","href":"https:\/\/api.w.org\/{rel}","templated":true}]}}