{"id":646535,"date":"2026-01-07T07:08:17","date_gmt":"2026-01-07T07:08:17","guid":{"rendered":"https:\/\/www.europesays.com\/fr\/646535\/"},"modified":"2026-01-07T07:08:17","modified_gmt":"2026-01-07T07:08:17","slug":"ou-en-est-la-reflexion-de-la-mairie","status":"publish","type":"post","link":"https:\/\/www.europesays.com\/fr\/646535\/","title":{"rendered":"o\u00f9 en est la r\u00e9flexion de la mairie\u00a0?"},"content":{"rendered":"<p>L\u2019an dernier, la Ville avait octroy\u00e9 une autorisation d\u2019occupation temporaire (AOT) du domaine public d\u2019un an \u00e0 l\u2019a\u00e9roclub de Saint-Chamond et de la vall\u00e9e du Gier, afin qu\u2019il exploite l\u2019a\u00e9rodrome de Plan\u00e8ze, \u00e9quipement saint-chamonais situ\u00e9 \u00e0 L\u2019Horme. Mais la validit\u00e9 de l\u2019arr\u00eat\u00e9 du maire vient d\u2019arriver \u00e0 son terme, le 31\u00a0d\u00e9cembre 2025.<\/p>\n<p>Alors, que se passe-t-il d\u00e9sormais\u00a0? \u00ab\u00a0L\u2019\u00e9tude portant sur les aspects juridiques de l\u2019exploitation de l\u2019a\u00e9rodrome a \u00e9t\u00e9 r\u00e9alis\u00e9e comme nous vous l\u2019avions annonc\u00e9 l\u2019an dernier. Le contr\u00f4le de l\u00e9galit\u00e9 a aussi \u00e9t\u00e9 saisi pour avis. La question n\u2019est pas simple \u00e0 r\u00e9soudre. Il existe diff\u00e9rents modes de gestion sur le territoire national pour des situations comparables [\u2026]. La r\u00e9flexion se poursuit et on ne manquera pas de vous tenir au&#8230;<\/p>\n","protected":false},"excerpt":{"rendered":"L\u2019an dernier, la Ville avait octroy\u00e9 une autorisation d\u2019occupation temporaire (AOT) du domaine public d\u2019un an \u00e0 l\u2019a\u00e9roclub&hellip;\n","protected":false},"author":2,"featured_media":646536,"comment_status":"","ping_status":"","sticky":false,"template":"","format":"standard","meta":{"footnotes":""},"categories":[9653],"tags":[1111,11,2430,1984,7539,1777,674,274,1011,27,12,316,25,9669,9670,4001,517],"class_list":{"0":"post-646535","1":"post","2":"type-post","3":"status-publish","4":"format-standard","5":"has-post-thumbnail","7":"category-saint-etienne","8":"tag-actu","9":"tag-actualites","10":"tag-auvergne-rhone-alpes","11":"tag-conseil-municipal","12":"tag-edition-loire-sud","13":"tag-eu","14":"tag-europe","15":"tag-faits-divers-justice","16":"tag-fr","17":"tag-france","18":"tag-news","19":"tag-politique","20":"tag-republique-francaise","21":"tag-saint-chamond","22":"tag-saint-chamond-ville","23":"tag-saint-etienne","24":"tag-sport"},"share_on_mastodon":{"url":"https:\/\/pubeurope.com\/@fr\/115852561866148229","error":""},"_links":{"self":[{"href":"https:\/\/www.europesays.com\/fr\/wp-json\/wp\/v2\/posts\/646535","targetHints":{"allow":["GET"]}}],"collection":[{"href":"https:\/\/www.europesays.com\/fr\/wp-json\/wp\/v2\/posts"}],"about":[{"href":"https:\/\/www.europesays.com\/fr\/wp-json\/wp\/v2\/types\/post"}],"author":[{"embeddable":true,"href":"https:\/\/www.europesays.com\/fr\/wp-json\/wp\/v2\/users\/2"}],"replies":[{"embeddable":true,"href":"https:\/\/www.europesays.com\/fr\/wp-json\/wp\/v2\/comments?post=646535"}],"version-history":[{"count":0,"href":"https:\/\/www.europesays.com\/fr\/wp-json\/wp\/v2\/posts\/646535\/revisions"}],"wp:featuredmedia":[{"embeddable":true,"href":"https:\/\/www.europesays.com\/fr\/wp-json\/wp\/v2\/media\/646536"}],"wp:attachment":[{"href":"https:\/\/www.europesays.com\/fr\/wp-json\/wp\/v2\/media?parent=646535"}],"wp:term":[{"taxonomy":"category","embeddable":true,"href":"https:\/\/www.europesays.com\/fr\/wp-json\/wp\/v2\/categories?post=646535"},{"taxonomy":"post_tag","embeddable":true,"href":"https:\/\/www.europesays.com\/fr\/wp-json\/wp\/v2\/tags?post=646535"}],"curies":[{"name":"wp","href":"https:\/\/api.w.org\/{rel}","templated":true}]}}