{"id":646539,"date":"2026-01-07T07:10:17","date_gmt":"2026-01-07T07:10:17","guid":{"rendered":"https:\/\/www.europesays.com\/fr\/646539\/"},"modified":"2026-01-07T07:10:17","modified_gmt":"2026-01-07T07:10:17","slug":"meurthe-et-moselle-nes-dune-pma-ils-cherchent-leurs-origines-genetiques-jusque-dans-les-archives-un-veritable-jeu-de-piste","status":"publish","type":"post","link":"https:\/\/www.europesays.com\/fr\/646539\/","title":{"rendered":"Meurthe-et-Moselle. N\u00e9s d\u2019une PMA, ils cherchent leurs origines g\u00e9n\u00e9tiques jusque dans les archives, un v\u00e9ritable \u00abjeu de piste\u00bb"},"content":{"rendered":"<p>Ne pas conna\u00eetre ses origines biologiques\u00a0? Un vide, un manque pesant pour certaines personnes n\u00e9es suite\u00a0\u00e0 une AMP (assistance m\u00e9dicale \u00e0 la procr\u00e9ation). \u00ab\u00a0Pour moi, c\u2019est comme ne marcher que sur une jambe\u00a0\u00bb, image Claire-Elie Tenet, n\u00e9e il y a 38 ans suite \u00e0 un don de sperme fait au service d\u2019AMP du CHRU Nancy, alors appel\u00e9 Cecos (centre d\u2019\u00e9tudes et de conservations des \u0153ufs et spermatozo\u00efdes).<\/p>\n<p>Un droit d\u2019acc\u00e8s aux origines<\/p>\n<p>La Nanc\u00e9ienne \u00e9voque m\u00eame une \u00ab\u00a0qu\u00eate obsessionnelle pendant 25 ans, depuis ce jour o\u00f9 j\u2019ai appris, \u00e0 13 ans, que j\u2019avais un g\u00e9niteur\u00a0\u00bb. Qu\u00eate venant toutefois de prendre fin\u00a0: cette musicienne professionnelle aujourd\u2019hui bas\u00e9e \u00e0 Paris, se tient \u00ab\u00a0enfin debout sur [ses] deux jambes\u00a0\u00bb apr\u00e8s avoir pu retrouver et contacter son p\u00e8re biologique. Ce, gr\u00e2ce au principe assez r\u00e9cent du \u00ab\u00a0droit d\u2019acc\u00e8s&#8230;<\/p>\n","protected":false},"excerpt":{"rendered":"Ne pas conna\u00eetre ses origines biologiques\u00a0? Un vide, un manque pesant pour certaines personnes n\u00e9es suite\u00a0\u00e0 une AMP&hellip;\n","protected":false},"author":2,"featured_media":646540,"comment_status":"","ping_status":"","sticky":false,"template":"","format":"standard","meta":{"footnotes":""},"categories":[9635],"tags":[1111,11,9223,6084,1707,1704,1706,1705,1777,674,1011,27,775,3457,198,1702,1703,12,25,104],"class_list":{"0":"post-646539","1":"post","2":"type-post","3":"status-publish","4":"format-standard","5":"has-post-thumbnail","7":"category-nancy","8":"tag-actu","9":"tag-actualites","10":"tag-carnet-du-jour","11":"tag-droit","12":"tag-edition-luneville","13":"tag-edition-nancy-et-agglomeration","14":"tag-edition-pont-a-mousson","15":"tag-edition-toul","16":"tag-eu","17":"tag-europe","18":"tag-fr","19":"tag-france","20":"tag-grand-est","21":"tag-meurthe-et-moselle","22":"tag-naissance","23":"tag-nancy","24":"tag-nancy-ville-54b","25":"tag-news","26":"tag-republique-francaise","27":"tag-societe"},"share_on_mastodon":{"url":"https:\/\/pubeurope.com\/@fr\/115852569639435417","error":""},"_links":{"self":[{"href":"https:\/\/www.europesays.com\/fr\/wp-json\/wp\/v2\/posts\/646539","targetHints":{"allow":["GET"]}}],"collection":[{"href":"https:\/\/www.europesays.com\/fr\/wp-json\/wp\/v2\/posts"}],"about":[{"href":"https:\/\/www.europesays.com\/fr\/wp-json\/wp\/v2\/types\/post"}],"author":[{"embeddable":true,"href":"https:\/\/www.europesays.com\/fr\/wp-json\/wp\/v2\/users\/2"}],"replies":[{"embeddable":true,"href":"https:\/\/www.europesays.com\/fr\/wp-json\/wp\/v2\/comments?post=646539"}],"version-history":[{"count":0,"href":"https:\/\/www.europesays.com\/fr\/wp-json\/wp\/v2\/posts\/646539\/revisions"}],"wp:featuredmedia":[{"embeddable":true,"href":"https:\/\/www.europesays.com\/fr\/wp-json\/wp\/v2\/media\/646540"}],"wp:attachment":[{"href":"https:\/\/www.europesays.com\/fr\/wp-json\/wp\/v2\/media?parent=646539"}],"wp:term":[{"taxonomy":"category","embeddable":true,"href":"https:\/\/www.europesays.com\/fr\/wp-json\/wp\/v2\/categories?post=646539"},{"taxonomy":"post_tag","embeddable":true,"href":"https:\/\/www.europesays.com\/fr\/wp-json\/wp\/v2\/tags?post=646539"}],"curies":[{"name":"wp","href":"https:\/\/api.w.org\/{rel}","templated":true}]}}