{"id":646551,"date":"2026-01-07T07:18:37","date_gmt":"2026-01-07T07:18:37","guid":{"rendered":"https:\/\/www.europesays.com\/fr\/646551\/"},"modified":"2026-01-07T07:18:37","modified_gmt":"2026-01-07T07:18:37","slug":"rouen-metropole-basket-sylvain-delorme-toujours-a-lecart-le-staff-confirme-jusqua-nouvel-ordre","status":"publish","type":"post","link":"https:\/\/www.europesays.com\/fr\/646551\/","title":{"rendered":"Rouen M\u00e9tropole Basket : Sylvain Delorme toujours \u00e0 l\u2019\u00e9cart, le staff confirm\u00e9 jusqu\u2019\u00e0 nouvel ordre"},"content":{"rendered":"<p data-start=\"417\" data-end=\"760\">Le dossier Sylvain Delorme conna\u00eet un nouvel \u00e9pisode \u00e0 <a target=\"_blank\" rel=\"noopener\" href=\"https:\/\/www.bebasket.fr\/equipe\/rouen\">Rouen<\/a>. Quelques jours apr\u00e8s une communication prudente de la direction, le Rouen M\u00e9tropole Basket a cette fois clarifi\u00e9 la situation \u00e0 court terme via <a target=\"_blank\" rel=\"noopener\" href=\"https:\/\/www.rouenmetrobasket.com\/2026\/01\/05\/communiquer-officiel-situation-a-la-tete-de-lequipe-pro\/\">un communiqu\u00e9 officiel<\/a>, sans pour autant lever toutes les interrogations sur l\u2019avenir de son entra\u00eeneur principal.<\/p>\n<blockquote class=\"twitter-tweet\" data-width=\"550\" data-dnt=\"true\">\n<p lang=\"fr\" dir=\"ltr\">Communiqu\u00e9 officiel<\/p>\n<p>Retrouvez sur notre site les derni\u00e8res informations concernant la situation sur le banc de l\u2019\u00e9quipe professionnelle.<\/p>\n<p>\ud83d\udc49 Le communiqu\u00e9 : <a href=\"https:\/\/t.co\/fNeYHwWgCx\">https:\/\/t.co\/fNeYHwWgCx<\/a> <a href=\"https:\/\/t.co\/RdOpsRNILu\">pic.twitter.com\/RdOpsRNILu<\/a><\/p>\n<p>\u2014 Rouen M\u00e9tropole Basket (@RouenMBasket) <a href=\"https:\/\/twitter.com\/RouenMBasket\/status\/2008248503139790888?ref_src=twsrc%5Etfw\" target=\"_blank\" rel=\"noopener\">January 5, 2026<\/a><\/p>\n<\/blockquote>\n<p><strong data-start=\"762\" data-end=\"816\">Un communiqu\u00e9 qui acte la continuit\u00e9\u2026 sans Delorme<\/strong><\/p>\n<p data-start=\"818\" data-end=\"1276\">Dans un message diffus\u00e9 ce lundi, le Rouen M\u00e9tropole Basket indique que, \u00ab dans l\u2019attente du retour de son entra\u00eeneur principal, Sylvain Delorme, l\u2019encadrement sportif de l\u2019\u00e9quipe professionnelle est assur\u00e9 par J\u00e9r\u00f4me Willeman, entra\u00eeneur assistant \u00bb. Le club pr\u00e9cise \u00e9galement que ce dernier est accompagn\u00e9 par Kevin Chapel, coach du centre de formation, \u00ab afin de garantir la continuit\u00e9 sportive et le bon fonctionnement de l\u2019\u00e9quipe \u00bb.<\/p>\n<p data-start=\"1278\" data-end=\"1483\">Cette communication officielle confirme donc que Sylvain Delorme n\u2019est pas encore en mesure de reprendre ses fonctions, plusieurs semaines apr\u00e8s son arr\u00eat maladie d\u00e9but\u00e9 fin d\u00e9cembre.<\/p>\n<p><strong data-start=\"1485\" data-end=\"1544\">Une situation toujours en suspens sur le banc rouennais<\/strong><\/p>\n<p data-start=\"1546\" data-end=\"1927\">Absent lors des deux derni\u00e8res rencontres d\u2019\u00c9lite 2 \u2013 une d\u00e9faite contre Vichy puis une victoire importante \u00e0 Saint-Chamond \u2013 Sylvain Delorme demeure au centre des discussions en interne comme en externe. Artisan majeur de la remont\u00e9e du club en 2023, l\u2019entra\u00eeneur normand traverse une p\u00e9riode d\u00e9licate alors que la saison 2025-2026 du RMB peine \u00e0 r\u00e9pondre aux ambitions initiales.<\/p>\n<p data-start=\"1929\" data-end=\"2323\">Avant ce communiqu\u00e9, le pr\u00e9sident Yvan Gueuder avait d\u00e9j\u00e0 cherch\u00e9 \u00e0 calmer les sp\u00e9culations dans les colonnes de <a target=\"_blank\" rel=\"noopener\" href=\"https:\/\/www.paris-normandie.fr\/id686011\/article\/2025-12-31\/basket-que-se-passe-t-il-entre-le-rmb-et-sylvain-delorme-son-coach-absent-lors\">Paris Normandie<\/a>, rappelant que \u00ab Sylvain Delorme est en arr\u00eat de travail \u00bb et que le club devait s\u2019inscrire dans un cadre l\u00e9gal strict. La publication du jour s\u2019inscrit clairement dans cette ligne : ne pas faire de faux-pas concernant un d\u00e9part prochain de Sylvain Delorme, actuellement en arr\u00eat de travail.<\/p>\n<p><strong data-start=\"2325\" data-end=\"2371\">Un mois de janvier d\u00e9terminant pour le RMB<\/strong><\/p>\n<p data-start=\"2373\" data-end=\"2707\">Sportivement, Rouen occupe actuellement la 15e place d\u2019\u00c9LITE 2 apr\u00e8s 17 journ\u00e9es (7 victoires et 10 d\u00e9faites). Une position en de\u00e7\u00e0 des attentes, mais avec encore une marge de trois succ\u00e8s sur le premier rel\u00e9gable, Quimper. La victoire \u00e0 Saint-Chamond a permis de relancer la dynamique, mais la stabilit\u00e9 sur le banc reste un enjeu cl\u00e9.<\/p>\n<p data-start=\"2709\" data-end=\"3053\">Le calendrier de janvier s\u2019annonce dense et r\u00e9v\u00e9lateur : r\u00e9ception de Hy\u00e8res-Toulon le 9 janvier, d\u00e9placement \u00e0 Aix-Maurienne le 16, accueil de Pau-Lacq-Orthez le 23, puis voyage \u00e0 Ch\u00e2lons-Reims le 30. Autant de rendez-vous qui p\u00e8seront lourd dans la trajectoire sportive du RMB\u2026 et possiblement dans les d\u00e9cisions \u00e0 venir concernant son staff.<\/p>\n<p><script async src=\"https:\/\/platform.twitter.com\/widgets.js\" charset=\"utf-8\"><\/script><\/p>\n","protected":false},"excerpt":{"rendered":"Le dossier Sylvain Delorme conna\u00eet un nouvel \u00e9pisode \u00e0 Rouen. Quelques jours apr\u00e8s une communication prudente de la&hellip;\n","protected":false},"author":2,"featured_media":646552,"comment_status":"","ping_status":"","sticky":false,"template":"","format":"standard","meta":{"footnotes":""},"categories":[9587],"tags":[1111,11,1777,674,1011,27,12,5161,25,9590],"class_list":{"0":"post-646551","1":"post","2":"type-post","3":"status-publish","4":"format-standard","5":"has-post-thumbnail","7":"category-rouen","8":"tag-actu","9":"tag-actualites","10":"tag-eu","11":"tag-europe","12":"tag-fr","13":"tag-france","14":"tag-news","15":"tag-normandie","16":"tag-republique-francaise","17":"tag-rouen"},"share_on_mastodon":{"url":"https:\/\/pubeurope.com\/@fr\/115852601165049429","error":""},"_links":{"self":[{"href":"https:\/\/www.europesays.com\/fr\/wp-json\/wp\/v2\/posts\/646551","targetHints":{"allow":["GET"]}}],"collection":[{"href":"https:\/\/www.europesays.com\/fr\/wp-json\/wp\/v2\/posts"}],"about":[{"href":"https:\/\/www.europesays.com\/fr\/wp-json\/wp\/v2\/types\/post"}],"author":[{"embeddable":true,"href":"https:\/\/www.europesays.com\/fr\/wp-json\/wp\/v2\/users\/2"}],"replies":[{"embeddable":true,"href":"https:\/\/www.europesays.com\/fr\/wp-json\/wp\/v2\/comments?post=646551"}],"version-history":[{"count":0,"href":"https:\/\/www.europesays.com\/fr\/wp-json\/wp\/v2\/posts\/646551\/revisions"}],"wp:featuredmedia":[{"embeddable":true,"href":"https:\/\/www.europesays.com\/fr\/wp-json\/wp\/v2\/media\/646552"}],"wp:attachment":[{"href":"https:\/\/www.europesays.com\/fr\/wp-json\/wp\/v2\/media?parent=646551"}],"wp:term":[{"taxonomy":"category","embeddable":true,"href":"https:\/\/www.europesays.com\/fr\/wp-json\/wp\/v2\/categories?post=646551"},{"taxonomy":"post_tag","embeddable":true,"href":"https:\/\/www.europesays.com\/fr\/wp-json\/wp\/v2\/tags?post=646551"}],"curies":[{"name":"wp","href":"https:\/\/api.w.org\/{rel}","templated":true}]}}