{"id":646553,"date":"2026-01-07T07:19:11","date_gmt":"2026-01-07T07:19:11","guid":{"rendered":"https:\/\/www.europesays.com\/fr\/646553\/"},"modified":"2026-01-07T07:19:11","modified_gmt":"2026-01-07T07:19:11","slug":"rendez-vous-les-20-et-21-janvier-a-grenoble","status":"publish","type":"post","link":"https:\/\/www.europesays.com\/fr\/646553\/","title":{"rendered":"rendez-vous les 20 et 21 janvier \u00e0 Grenoble"},"content":{"rendered":"<p>La 35e\u00a0 \u00e9dition du salon Destination Montagnes se tiendra \u00e0 Grenoble les 20 et 21\u00a0janvier. \u00ab\u00a0Ce rendez-vous constitue une occasion unique pour les professionnels du tourisme fran\u00e7ais de g\u00e9n\u00e9rer de nouvelles opportunit\u00e9s d\u2019affaires, de consolider leurs liens avec la distribution internationale et de mettre en lumi\u00e8re leur savoir-faire, leurs nouveaut\u00e9s et la qualit\u00e9 de leurs offres touristiques de montagne\u00a0\u00bb, vante Atout France, agence de d\u00e9veloppement touristique.<\/p>\n<p>L\u2019ann\u00e9e derni\u00e8re, pr\u00e8s de 220 soci\u00e9t\u00e9s fran\u00e7aises exposantes et plus de 400 tours-op\u00e9rateurs provenant d\u2019une cinquantaine de pays \u00e9taient pr\u00e9sents. L\u2019accent est notamment mis sur l\u2019innovation et l\u2019offre quatre saisons.<\/p>\n","protected":false},"excerpt":{"rendered":"La 35e\u00a0 \u00e9dition du salon Destination Montagnes se tiendra \u00e0 Grenoble les 20 et 21\u00a0janvier. \u00ab\u00a0Ce rendez-vous constitue&hellip;\n","protected":false},"author":2,"featured_media":646554,"comment_status":"","ping_status":"","sticky":false,"template":"","format":"standard","meta":{"footnotes":""},"categories":[9566],"tags":[1111,11,2430,37130,33,112,1777,674,1011,27,2731,2732,108,5324,12,25,602],"class_list":{"0":"post-646553","1":"post","2":"type-post","3":"status-publish","4":"format-standard","5":"has-post-thumbnail","7":"category-grenoble","8":"tag-actu","9":"tag-actualites","10":"tag-auvergne-rhone-alpes","11":"tag-cap-2030","12":"tag-economie","13":"tag-edition-grenoble-agglomeration","14":"tag-eu","15":"tag-europe","16":"tag-fr","17":"tag-france","18":"tag-grenoble","19":"tag-grenoble-bassin","20":"tag-isere","21":"tag-montagne","22":"tag-news","23":"tag-republique-francaise","24":"tag-tourisme"},"share_on_mastodon":{"url":"https:\/\/pubeurope.com\/@fr\/115852605103414090","error":""},"_links":{"self":[{"href":"https:\/\/www.europesays.com\/fr\/wp-json\/wp\/v2\/posts\/646553","targetHints":{"allow":["GET"]}}],"collection":[{"href":"https:\/\/www.europesays.com\/fr\/wp-json\/wp\/v2\/posts"}],"about":[{"href":"https:\/\/www.europesays.com\/fr\/wp-json\/wp\/v2\/types\/post"}],"author":[{"embeddable":true,"href":"https:\/\/www.europesays.com\/fr\/wp-json\/wp\/v2\/users\/2"}],"replies":[{"embeddable":true,"href":"https:\/\/www.europesays.com\/fr\/wp-json\/wp\/v2\/comments?post=646553"}],"version-history":[{"count":0,"href":"https:\/\/www.europesays.com\/fr\/wp-json\/wp\/v2\/posts\/646553\/revisions"}],"wp:featuredmedia":[{"embeddable":true,"href":"https:\/\/www.europesays.com\/fr\/wp-json\/wp\/v2\/media\/646554"}],"wp:attachment":[{"href":"https:\/\/www.europesays.com\/fr\/wp-json\/wp\/v2\/media?parent=646553"}],"wp:term":[{"taxonomy":"category","embeddable":true,"href":"https:\/\/www.europesays.com\/fr\/wp-json\/wp\/v2\/categories?post=646553"},{"taxonomy":"post_tag","embeddable":true,"href":"https:\/\/www.europesays.com\/fr\/wp-json\/wp\/v2\/tags?post=646553"}],"curies":[{"name":"wp","href":"https:\/\/api.w.org\/{rel}","templated":true}]}}