{"id":646559,"date":"2026-01-07T07:22:16","date_gmt":"2026-01-07T07:22:16","guid":{"rendered":"https:\/\/www.europesays.com\/fr\/646559\/"},"modified":"2026-01-07T07:22:16","modified_gmt":"2026-01-07T07:22:16","slug":"bus-metro-voiture-comment-vous-rendre-au-boulot-ce-matin","status":"publish","type":"post","link":"https:\/\/www.europesays.com\/fr\/646559\/","title":{"rendered":"bus, m\u00e9tro, voiture&#8230; Comment vous rendre au boulot ce matin\u00a0?"},"content":{"rendered":"<p>                    Par<br \/>\n        <strong><br \/>\n            <a href=\"https:\/\/actu.fr\/auteur\/laurene-fertin\" title=\"Consulter tous les articles de Laur\u00e8ne Fertin\" target=\"_blank\" rel=\"noopener\">Laur\u00e8ne Fertin<\/a><br \/>\n                    <\/strong><\/p>\n<p>        Publi\u00e9 le<\/p>\n<p>            7 janv. 2026 \u00e0 7h02        <\/p>\n<p>L\u2019\u00e9pisode neigeux du lundi 5\u00a0janvier 2026 a laiss\u00e9 place, mardi 6\u00a0janvier, <strong>\u00e0 des chauss\u00e9es glissantes<\/strong> en raison du <strong>verglas<\/strong> form\u00e9 au cours de la soir\u00e9e.<\/p>\n<p class=\" wall-content\">Ce mercredi 7\u00a0janvier, comme l\u2019annon\u00e7ait J\u00e9r\u00f4me Dr\u00e9ano, m\u00e9t\u00e9orologue, aupr\u00e8s d\u2019<a href=\"https:\/\/actu.fr\/rennes\/\" target=\"_blank\" rel=\"noopener\">actu Rennes<\/a>, <a href=\"https:\/\/actu.fr\/bretagne\/rennes_35238\/pluies-verglacantes-et-neige-une-partie-de-la-bretagne-reste-en-alerte-mercredi_63660331.html\" target=\"_blank\" rel=\"noopener\">des pluies vergla\u00e7antes \u00e9taient attendues cette nuit \u2013 voire de la neige, dans l\u2019est de l\u2019Ille-et-Vilaine<\/a>.<\/p>\n<p class=\" wall-content\">Quel est l\u2019\u00e9tat des routes, ce mercredi matin\u2009? Que privil\u00e9gier, les transports en commun, la voiture\u2009? <strong>(Rafra\u00eechissez la page ou revenez-y r\u00e9guli\u00e8rement pour voir les toutes derni\u00e8res informations).<\/strong><\/p>\n<p>8h \u2013 Quelques difficult\u00e9s c\u00f4t\u00e9 transports en commun<\/p>\n<p class=\" wall-content\">Si la majorit\u00e9 du r\u00e9seau Star fonctionne normalement, quelques lignes de bus et une partie de la ligne B sont perturb\u00e9es mercredi 7\u00a0janvier matin\u2009:<\/p>\n<ul class=\" wall-content\">\n<li>en effet, <strong>le m\u00e9tro B ne circule pas sur sa portion viaduc<\/strong> et est remplac\u00e9 par une ligne de bus relais entre les arr\u00eats Joliot-Curie-Ch\u00e2teaubriant et Cesson-Viasilva en desservant les arr\u00eats de m\u00e9tro habituels ;<\/li>\n<li>les l<strong>ignes scolaires 200 \u00e0 245 et Ts1 \u00e0 Ts91 + RPI-1 ne circulent pas,<\/strong> conform\u00e9ment \u00e0 la d\u00e9cision de la Pr\u00e9fecture et de la R\u00e9gion d\u2019interrompre les transports scolaires, ce mercredi ;<\/li>\n<li>les <strong>lignes C7 et C7ex ne desservent pas<\/strong> les arr\u00eats Corbi\u00e8res, Gavrinis et Vert Buisson \u00e0 Bruz ;<\/li>\n<li><strong>la ligne 55\/155ex<\/strong> effectue son terminus \u00e0 Mordelles P\u00e2tis. Les arr\u00eats Bouvrais et Le Verger Eglise ne sont pas desservis ;<\/li>\n<li><strong>64\/164ex :<\/strong> circule partiellement, les arr\u00eats Botrel et Verdaudais ne sont pas desservis ;<\/li>\n<li><strong>67\/167ex :<\/strong> circule uniquement entre Champel\u00e9 et R\u00e9publique ;<\/li>\n<li><strong>77 :<\/strong> terminus \u00e0 Teillais. les arr\u00eats entre Baiersdorf et P\u00e2tis Roussel ne sotn pas desservis.<\/li>\n<li>Les lignes 35, 37, 38, 39, 61\/61ex, 73\/173ex, 74, 75\/175ex, 79, 80, 81, 82, 83, 90, 91, 510, Navette Centre-Ville ne circulent pas actuellement.<\/li>\n<\/ul>\n<p>7h45 \u2013 L\u2019\u00e9tat du trafic<\/p>\n<p class=\" wall-content\">La circulation semble simple sur le r\u00e9seau routier \u00e0 Rennes et ses alentours, ce mercredi matin, selon Google Maps.<\/p>\n<p>    <img   decoding=\"async\" loading=\"lazy\" src=\"https:\/\/www.europesays.com\/fr\/wp-content\/uploads\/2026\/01\/trafic-mercredi-7-janvier-a-7h45-neige-verglas-960x640.png\" alt=\"L'\u00e9tat du trafic \u00e0 7h45, mercredi 7 janvier 2026.\" width=\"960\" height=\"640\"\/><br \/>\n    L\u2019\u00e9tat du trafic \u00e0 7h45, mercredi 7\u00a0janvier 2026. (\u00a9Google Maps)<\/p>\n<p>Votre r\u00e9gion, votre actu !<\/p>\n<p>Recevez chaque jour les infos qui comptent pour vous.<\/p>\n<p>\t<a href=\"https:\/\/actu.fr\/newsletter\" class=\"ac-btn ac-btn--corner ac-btn--medium ac-btn--blue800\" target=\"_blank\" rel=\"noopener\">S&rsquo;incrire<\/a><br \/>\n7h \u2013 Les conditions de conduite en temps r\u00e9el<\/p>\n<p class=\" wall-content\">Si vous souhaitez conna\u00eetre les conditions de conduite, en temps r\u00e9el \u00e0 Rennes, sa m\u00e9tropole et plus largement, dans le d\u00e9partement d\u2019Ille-et-Vilaine, voici <a href=\"https:\/\/cg35.maps.arcgis.com\/apps\/PublicInformation\/index.html?appid=45912e6d6ecf4e3b831864399ded0685\" target=\"_blank\" rel=\"noopener\">une carte situant les axes <\/a>o\u00f9 vous pourriez rencontrer des difficult\u00e9s.<\/p>\n<p>6h45 \u2013 Bus et m\u00e9tro \u00e0 Rennes<\/p>\n<p class=\" wall-content\">Le r\u00e9seau <strong>Star<\/strong> indiquait, hier soir, que <strong>certaines zones \u00e9taient encore glissantes<\/strong> dans plusieurs secteurs de la m\u00e9tropole, \u00ab\u00a0et que les pr\u00e9visions m\u00e9t\u00e9orologiques de la nuit ne [permettaient] pas de garantir leur r\u00e9sorption d\u2019ici demain matin.\u2009\u00bb<\/p>\n<p class=\" wall-content\">Ainsi, \u00ab\u00a0pour des raisons de s\u00e9curit\u00e9\u00a0\u00bb : <strong>les lignes scolaires<\/strong> 200 \u00e0 245, TS1 \u00e0 TS91 et RPI-1 ne circuleront pas, ces dessertes empruntant de multiples voiries secondaires actuellement non praticables\u00a0\u00bb.<\/p>\n<p class=\" wall-content\">Par ailleurs\u2009:<\/p>\n<ul class=\" wall-content\">\n<li><strong>le m\u00e9tro A<\/strong> circulera normalement\u2009;<\/li>\n<li><strong>le m\u00e9tro B<\/strong> circulera uniquement entre les stations Saint-Jacques Ga\u00eet\u00e9 et Joliot-Curie Chateaubriand.<\/li>\n<\/ul>\n<p class=\" wall-content\">Sous r\u00e9serve des conditions de circulation,<strong> des bus relais<\/strong> seront mis en place entre Cesson-Viasilva et Joliot-Curie Chateaubriand.<\/p>\n<p class=\" wall-content\">Le r\u00e9seau Star invite les usagers \u00e0 se rendre sur le site sur <a href=\"https:\/\/www.star.fr\/\" target=\"_blank\" rel=\"noopener\">star.fr<\/a> et STAR l\u2019appli pour conna\u00eetre les lignes de bus assur\u00e9es.<\/p>\n<p>6h15 \u2013 Les transports scolaires suspendus<\/p>\n<p class=\" wall-content\">\u00c0 nouveau, les transports scolaires sont <strong>suspendus<\/strong> ce mercredi dans le d\u00e9partement <strong>d\u2019Ille-et-Vilaine,<\/strong> mais \u00e9galement dans le <strong>Morbihan.<\/strong><\/p>\n<p class=\" wall-content\">Ils reprennent en revanche leur activit\u00e9 dans certains secteurs du Finist\u00e8re et des C\u00f4tes-d\u2019Armor.<\/p>\n<p><strong>6h \u2013 De nouvelles restrictions de circulation<\/strong><\/p>\n<p class=\" wall-content\">La pr\u00e9fecture de Bretagne et d\u2019Ille-et-Vilaine indique qu\u2019en raison \u00ab\u2009des conditions hivernales et afin de s\u00e9curiser les principaux axes\u2009\u00bb, de <strong>nouvelles interdictions de circulation<\/strong> ont \u00e9t\u00e9 mises en \u0153uvre dans la nuit mais \u00e9galement ce mercredi, pour<strong> les poids lourds de plus de 3,5 tonnes<\/strong> sur plusieurs secteurs de la zone Ouest.<\/p>\n<blockquote class=\"ac-article-quote wall-content\">\n<p>Les transporteurs de la zone Ouest sont tr\u00e8s fortement invit\u00e9s \u00e0 anticiper leurs d\u00e9placements et \u00e0 \u00e9viter toute prise de route entre 0h00 et 14h00 [ce mercredi, N.D.L.R], au minimum, afin de limiter les risques d\u2019accidents et de faciliter, dans des conditions difficiles de circulation, le trafic routier.<\/p>\n<p>    <strong>Pr\u00e9fecture<\/strong>\n            <\/p><\/blockquote>\n<p class=\" wall-content\"><strong>\u00ab\u200925 aires de stockage<\/strong> d\u00e9di\u00e9es seront ouvertes progressivement [\u2026] conform\u00e9ment aux dispositifs pr\u00e9vus pour la gestion des \u00e9pisodes neige-verglas, pour atteindre un total de 12\u2009627 places disponibles\u2009\u00bb, pr\u00e9cise la pr\u00e9fecture.<\/p>\n<p class=\" wall-content\">Personnalisez votre actualit\u00e9 en ajoutant vos villes et m\u00e9dias en favori avec <a href=\"https:\/\/moncompte.actu.fr\" title=\"D\u00e9couvez Mon Actu\" rel=\"nofollow noopener\" data-trk=\"{&quot;cta&quot;:{&quot;action&quot;:&quot;https:\\\/\\\/moncompte.actu.fr&quot;,&quot;category&quot;:&quot;mon compte&quot;,&quot;from&quot;:&quot;article footer&quot;,&quot;name&quot;:&quot;Mon actu&quot;,&quot;type&quot;:&quot;cta&quot;}}\" target=\"_blank\">Mon Actu<\/a>.<\/p>\n","protected":false},"excerpt":{"rendered":"Par Laur\u00e8ne Fertin Publi\u00e9 le 7 janv. 2026 \u00e0 7h02 L\u2019\u00e9pisode neigeux du lundi 5\u00a0janvier 2026 a laiss\u00e9&hellip;\n","protected":false},"author":2,"featured_media":646560,"comment_status":"","ping_status":"","sticky":false,"template":"","format":"standard","meta":{"footnotes":""},"categories":[2821],"tags":[1111,11,829,1777,674,1011,27,803,2487,10584,12,584,25,5001],"class_list":{"0":"post-646559","1":"post","2":"type-post","3":"status-publish","4":"format-standard","5":"has-post-thumbnail","7":"category-rennes","8":"tag-actu","9":"tag-actualites","10":"tag-bretagne","11":"tag-eu","12":"tag-europe","13":"tag-fr","14":"tag-france","15":"tag-info-trafic","16":"tag-meteo","17":"tag-neige","18":"tag-news","19":"tag-rennes","20":"tag-republique-francaise","21":"tag-reseau-star"},"share_on_mastodon":{"url":"https:\/\/pubeurope.com\/@fr\/115852616948021031","error":""},"_links":{"self":[{"href":"https:\/\/www.europesays.com\/fr\/wp-json\/wp\/v2\/posts\/646559","targetHints":{"allow":["GET"]}}],"collection":[{"href":"https:\/\/www.europesays.com\/fr\/wp-json\/wp\/v2\/posts"}],"about":[{"href":"https:\/\/www.europesays.com\/fr\/wp-json\/wp\/v2\/types\/post"}],"author":[{"embeddable":true,"href":"https:\/\/www.europesays.com\/fr\/wp-json\/wp\/v2\/users\/2"}],"replies":[{"embeddable":true,"href":"https:\/\/www.europesays.com\/fr\/wp-json\/wp\/v2\/comments?post=646559"}],"version-history":[{"count":0,"href":"https:\/\/www.europesays.com\/fr\/wp-json\/wp\/v2\/posts\/646559\/revisions"}],"wp:featuredmedia":[{"embeddable":true,"href":"https:\/\/www.europesays.com\/fr\/wp-json\/wp\/v2\/media\/646560"}],"wp:attachment":[{"href":"https:\/\/www.europesays.com\/fr\/wp-json\/wp\/v2\/media?parent=646559"}],"wp:term":[{"taxonomy":"category","embeddable":true,"href":"https:\/\/www.europesays.com\/fr\/wp-json\/wp\/v2\/categories?post=646559"},{"taxonomy":"post_tag","embeddable":true,"href":"https:\/\/www.europesays.com\/fr\/wp-json\/wp\/v2\/tags?post=646559"}],"curies":[{"name":"wp","href":"https:\/\/api.w.org\/{rel}","templated":true}]}}