{"id":646584,"date":"2026-01-07T07:38:20","date_gmt":"2026-01-07T07:38:20","guid":{"rendered":"https:\/\/www.europesays.com\/fr\/646584\/"},"modified":"2026-01-07T07:38:20","modified_gmt":"2026-01-07T07:38:20","slug":"a-lyon-le-quartier-soeur-janin-poursuit-sa-transformation","status":"publish","type":"post","link":"https:\/\/www.europesays.com\/fr\/646584\/","title":{"rendered":"\u00c0 Lyon, le quartier S\u0153ur Janin poursuit sa transformation"},"content":{"rendered":"<p>                            <img loading=\"lazy\" width=\"1200\" height=\"624\" class=\"attachment-article size-article wp-post-image lazyload\" alt=\"\" decoding=\"async\" src=\"https:\/\/www.europesays.com\/fr\/wp-content\/uploads\/2026\/01\/Capture-decran-2026-01-06-151827.jpg\" data-eio-rwidth=\"1200\" data-eio-rheight=\"624\"\/><\/p>\n<p>Le quartier S\u0153ur Janin se transforme \u00e0 Lyon (@Ville de Lyon)<\/p>\n<p class=\"content\" style=\"font-size:1.2em;font-weight:700\">Dans le 5\u1d49 arrondissement, la Ville de Lyon poursuit la transformation du quartier S\u0153ur Janin. R\u00e9novation de l\u2019\u00e9cole, nouveaux espaces verts et am\u00e9nagements urbains structurent un projet pens\u00e9 avec les habitants.<\/p>\n<p>Situ\u00e9 dans le 5\u1d49 arrondissement de Lyon, le quartier S\u0153ur Janin conna\u00eet depuis plusieurs ann\u00e9es une mutation progressive port\u00e9e par la Ville de Lyon. Depuis 2020, plusieurs op\u00e9rations visent \u00e0 am\u00e9liorer le cadre de vie, \u00e0 renforcer la place de la nature en ville et \u00e0 s\u00e9curiser les cheminements, en lien \u00e9troit avec les habitants et les acteurs locaux.<\/p>\n<p>Dernier chantier majeur en date : la r\u00e9novation \u00e9nerg\u00e9tique de l\u2019\u00e9cole maternelle Fran\u00e7ois Truffaut, dont le lancement a \u00e9t\u00e9 act\u00e9 lors du conseil municipal de d\u00e9cembre. Construit dans les ann\u00e9es 1950, l\u2019\u00e9tablissement va b\u00e9n\u00e9ficier de travaux d\u2019ampleur pour am\u00e9liorer son confort et ses performances environnementales. Apr\u00e8s l\u2019installation de panneaux photovolta\u00efques l\u2019\u00e9t\u00e9 dernier, le programme pr\u00e9voit notamment une isolation renforc\u00e9e, le remplacement des menuiseries, une meilleure ventilation, un \u00e9clairage optimis\u00e9 et une accessibilit\u00e9 am\u00e9lior\u00e9e pour les personnes \u00e0 mobilit\u00e9 r\u00e9duite. L\u2019investissement, estim\u00e9 \u00e0 2,27 millions d\u2019euros, doit permettre de r\u00e9duire durablement les consommations \u00e9nerg\u00e9tiques.<\/p>\n<p>Ces travaux s\u2019inscrivent dans le projet de territoire S\u0153ur Janin 2024-2030, qui vise \u00e0 renforcer l\u2019identit\u00e9 du quartier. D\u00e9j\u00e0, une liaison verte reliant les rues Edmond-Locard et S\u0153ur Janin, un plateau traversant et une nouvelle voie pi\u00e9tonne ont transform\u00e9 les abords de l\u2019\u00e9cole. V\u00e9g\u00e9talisation, mobilier urbain et \u00e9clairage d\u00e9coratif compl\u00e8tent ces am\u00e9nagements, auxquels les enfants ont activement particip\u00e9. Un verger partag\u00e9, attendu d\u00e9but 2026, viendra prolonger cette dynamique, comme un nouveau lieu de rencontre pour les habitants.<\/p>\n","protected":false},"excerpt":{"rendered":"Le quartier S\u0153ur Janin se transforme \u00e0 Lyon (@Ville de Lyon) Dans le 5\u1d49 arrondissement, la Ville de&hellip;\n","protected":false},"author":2,"featured_media":646585,"comment_status":"","ping_status":"","sticky":false,"template":"","format":"standard","meta":{"footnotes":""},"categories":[1889],"tags":[1111,11,2430,1777,674,1011,27,2428,12,25],"class_list":{"0":"post-646584","1":"post","2":"type-post","3":"status-publish","4":"format-standard","5":"has-post-thumbnail","7":"category-lyon","8":"tag-actu","9":"tag-actualites","10":"tag-auvergne-rhone-alpes","11":"tag-eu","12":"tag-europe","13":"tag-fr","14":"tag-france","15":"tag-lyon","16":"tag-news","17":"tag-republique-francaise"},"share_on_mastodon":{"url":"https:\/\/pubeurope.com\/@fr\/115852679887670344","error":""},"_links":{"self":[{"href":"https:\/\/www.europesays.com\/fr\/wp-json\/wp\/v2\/posts\/646584","targetHints":{"allow":["GET"]}}],"collection":[{"href":"https:\/\/www.europesays.com\/fr\/wp-json\/wp\/v2\/posts"}],"about":[{"href":"https:\/\/www.europesays.com\/fr\/wp-json\/wp\/v2\/types\/post"}],"author":[{"embeddable":true,"href":"https:\/\/www.europesays.com\/fr\/wp-json\/wp\/v2\/users\/2"}],"replies":[{"embeddable":true,"href":"https:\/\/www.europesays.com\/fr\/wp-json\/wp\/v2\/comments?post=646584"}],"version-history":[{"count":0,"href":"https:\/\/www.europesays.com\/fr\/wp-json\/wp\/v2\/posts\/646584\/revisions"}],"wp:featuredmedia":[{"embeddable":true,"href":"https:\/\/www.europesays.com\/fr\/wp-json\/wp\/v2\/media\/646585"}],"wp:attachment":[{"href":"https:\/\/www.europesays.com\/fr\/wp-json\/wp\/v2\/media?parent=646584"}],"wp:term":[{"taxonomy":"category","embeddable":true,"href":"https:\/\/www.europesays.com\/fr\/wp-json\/wp\/v2\/categories?post=646584"},{"taxonomy":"post_tag","embeddable":true,"href":"https:\/\/www.europesays.com\/fr\/wp-json\/wp\/v2\/tags?post=646584"}],"curies":[{"name":"wp","href":"https:\/\/api.w.org\/{rel}","templated":true}]}}