{"id":646601,"date":"2026-01-07T07:48:11","date_gmt":"2026-01-07T07:48:11","guid":{"rendered":"https:\/\/www.europesays.com\/fr\/646601\/"},"modified":"2026-01-07T07:48:11","modified_gmt":"2026-01-07T07:48:11","slug":"les-visees-de-donald-trump-sur-le-groenland-divisent-le-camp-des-republicains-lexpress","status":"publish","type":"post","link":"https:\/\/www.europesays.com\/fr\/646601\/","title":{"rendered":"les vis\u00e9es de Donald Trump sur le Groenland divisent le camp des r\u00e9publicains \u2013 L&rsquo;Express"},"content":{"rendered":"<p class=\"paragraph article-body-paragraph article__item   article-body-paragraph--first \">Apr\u00e8s le kidnapping de <a href=\"https:\/\/www.lexpress.fr\/monde\/europe\/coup-de-force-de-donald-trump-au-venezuela-ce-far-west-mondial-qui-sidere-leurope-WFOQIOLFORBCJPN3JSMQH5BLLA\/\" target=\"_self\" rel=\"noopener\" title=\"https:\/\/www.lexpress.fr\/monde\/europe\/coup-de-force-de-donald-trump-au-venezuela-ce-far-west-mondial-qui-sidere-leurope-WFOQIOLFORBCJPN3JSMQH5BLLA\/\">Nicolas Maduro<\/a>, pr\u00e9sident v\u00e9n\u00e9zu\u00e9lien, l&rsquo;envie de <a href=\"https:\/\/www.lexpress.fr\/monde\/amerique\/donald-trump_1702460.html\" target=\"_self\" rel=\"noopener\" title=\"https:\/\/www.lexpress.fr\/monde\/amerique\/donald-trump_1702460.html\">Donald Trump<\/a> de redessiner le monde semble loin d&rsquo;\u00eatre rassasi\u00e9e. Comme un enfant qui d\u00e9place ses pions sur un plateau \u00e0 sa guise, le chef de l&rsquo;Etat a r\u00e9affirm\u00e9 son ambition d\u2019annexer le <a href=\"https:\/\/www.lexpress.fr\/monde\/europe\/groenland-leurope-desemparee-face-a-la-predation-de-donald-trump-7MUVRDOH7JDDRHRKTA2FZSLJ3U\/\" target=\"_self\" rel=\"noopener\" title=\"https:\/\/www.lexpress.fr\/monde\/europe\/groenland-leurope-desemparee-face-a-la-predation-de-donald-trump-7MUVRDOH7JDDRHRKTA2FZSLJ3U\/\">Groenland<\/a>, qu\u2019il consid\u00e8re comme indispensable \u00e0 la s\u00e9curit\u00e9 nationale des \u00c9tats-Unis. La Maison-Blanche a indiqu\u00e9 mardi 6 janvier que son administration \u00e9tudiait les options en vue d\u2019une acquisition du territoire, le recours aux forces arm\u00e9es am\u00e9ricaines restant \u00ab\u00a0toujours une option\u00a0\u00bb. Une priorit\u00e9 jug\u00e9e essentielle pour dissuader les adversaires de Washington dans la r\u00e9gion arctique.<\/p>\n<p class=\"paragraph article-body-paragraph article__item   \">Cependant, les ambitions de Donald Trump divisent jusque dans son propre camp. Son insistance r\u00e9cente pour que les \u00c9tats-Unis s&#8217;emparent du Groenland a suscit\u00e9 incr\u00e9dulit\u00e9 et consternation au Capitole, o\u00f9 certains \u00e9lus r\u00e9publicains estiment qu\u2019une telle prise de contr\u00f4le serait trop dangereuse pour \u00eatre envisag\u00e9e. Plusieurs d\u2019entre eux, pourtant majoritairement favorables \u00e0 la mission am\u00e9ricaine au <a href=\"https:\/\/www.lexpress.fr\/monde\/amerique\/venezuela-les-racines-dun-effondrement-par-la-realisatrice-margarita-cadenas-XOJ3TRWE4JCT7NWKLSXUZQHYYY\/\" target=\"_self\" rel=\"noopener\" title=\"https:\/\/www.lexpress.fr\/monde\/amerique\/venezuela-les-racines-dun-effondrement-par-la-realisatrice-margarita-cadenas-XOJ3TRWE4JCT7NWKLSXUZQHYYY\/\">Venezuela<\/a>, jugent ainsi les menaces d\u2019annexion du Groenland inappropri\u00e9es, comme le rapporte le <a href=\"https:\/\/www.wsj.com\/politics\/policy\/trump-greenland-republican-reaction-0c51fb0c\" target=\"_blank\" rel=\"noopener\" title=\"https:\/\/www.wsj.com\/politics\/policy\/trump-greenland-republican-reaction-0c51fb0c\">Wall Street Journal. <\/a><\/p>\n<p><strong class=\"article-body-link-list__item text-gray-800 article-body-link-list__item--one-item\">LIRE AUSSI : <a class=\"article-body-link-list__item-link\" href=\"https:\/\/www.lexpress.fr\/monde\/lotan-ne-sen-relevera-pas-que-se-passera-t-il-demain-si-trump-sempare-du-groenland-NK2MPHCZNVHHZFSGYYODXEZGCI\/\" target=\"_blank\" rel=\"noopener\">\u00ab\u00a0L\u2019Otan ne s\u2019en rel\u00e8vera pas\u00a0\u00bb : que se passera-t-il demain si Trump s&#8217;empare du Groenland ?<\/a><\/strong><\/p>\n<p class=\"paragraph article-body-paragraph article__item   \">\u00ab\u00a0Les menaces d\u2019annexion du Groenland sont inutilement dangereuses\u00a0\u00bb, a par exemple tanc\u00e9 le repr\u00e9sentant r\u00e9publicain de l&rsquo;Utah, Blake Moore, dans une d\u00e9claration conjointe avec le d\u00e9mocrate Steny Hoyer (Maryland). Les copr\u00e9sidents du groupe parlementaire bipartisan des Amis du Danemark ont rappel\u00e9 que le <a href=\"https:\/\/www.lexpress.fr\/monde\/europe\/danemark-les-recettes-de-mette-frederiksen-la-premiere-ministre-de-gauche-qui-dit-stop-a-4HPZ5APUXNFSDOBHF5BRPZSBSU\/\" target=\"_self\" rel=\"noopener\" title=\"https:\/\/www.lexpress.fr\/monde\/europe\/danemark-les-recettes-de-mette-frederiksen-la-premiere-ministre-de-gauche-qui-dit-stop-a-4HPZ5APUXNFSDOBHF5BRPZSBSU\/\">Danemark<\/a> \u00e9tait un alli\u00e9 de l\u2019Otan et l\u2019un des partenaires les plus proches des \u00c9tats-Unis, estimant qu\u2019une attaque contre le Groenland \u00ab\u00a0reviendrait tragiquement \u00e0 une attaque contre l\u2019<a href=\"https:\/\/www.lexpress.fr\/monde\/lotan-ne-sen-relevera-pas-que-se-passera-t-il-demain-si-trump-sempare-du-groenland-NK2MPHCZNVHHZFSGYYODXEZGCI\/\" target=\"_self\" rel=\"noopener\" title=\"https:\/\/www.lexpress.fr\/monde\/lotan-ne-sen-relevera-pas-que-se-passera-t-il-demain-si-trump-sempare-du-groenland-NK2MPHCZNVHHZFSGYYODXEZGCI\/\">Otan<\/a>\u00ab\u00a0. Les \u00e9lus ont \u00e9galement fait valoir que Copenhague r\u00e9pond de longue date aux exigences s\u00e9curitaires de Washington au Groenland. <\/p>\n<\/p>\n<p>\u00ab\u00a0M\u00e9priser ses alli\u00e9s ne sert \u00e0 rien\u00a0\u00bb<\/p>\n<p class=\"paragraph article-body-paragraph article__item   \">Le repr\u00e9sentant Don Bacon (r\u00e9publicain du Nebraska), critique ponctuel de Donald Trump et qui quittera le Congr\u00e8s \u00e0 l\u2019issue de son mandat, a pour sa part d\u00e9nonc\u00e9 sur les r\u00e9seaux sociaux une strat\u00e9gie contre-productive. \u00ab\u00a0M\u00e9priser ses alli\u00e9s ne sert \u00e0 rien et n\u2019apporte aucun b\u00e9n\u00e9fice\u00a0\u00bb, a-t-il \u00e9crit, avant d\u2019ajouter : \u00ab\u00a0Il faut arr\u00eater avec ce stupide &lsquo;nous voulons le Groenland&rsquo;.\u00a0\u00bb D\u2019autres \u00e9lus ont dit douter du s\u00e9rieux de cette perspective, tout en affichant leur scepticisme. \u00ab\u00a0On ne peut pas annexer le Groenland\u00a0\u00bb, a ainsi d\u00e9clar\u00e9 le s\u00e9nateur Thom Tillis (r\u00e9publicain de Caroline du Nord). <\/p>\n<p><strong class=\"article-body-link-list__item text-gray-800 article-body-link-list__item--one-item\">LIRE AUSSI : <a class=\"article-body-link-list__item-link\" href=\"https:\/\/www.lexpress.fr\/monde\/amerique\/aux-etats-unis-letat-de-droit-resiste-a-trump-mais-les-scenarios-de-laurent-cohen-tanugi-YBF2AZD7ABFV5E5TNPNNR3OB34\/\" target=\"_blank\" rel=\"noopener\">\u00ab\u00a0Aux Etats-Unis, l&rsquo;Etat de droit r\u00e9siste \u00e0 Trump, mais\u2026\u00a0\u00bb : les sc\u00e9narios de Laurent Cohen-Tanugi<\/a><\/strong><\/p>\n<p class=\"paragraph article-body-paragraph article__item   \">Il n\u2019est pas le seul \u00e0 ne pas prendre les d\u00e9clarations de Donald Trump au s\u00e9rieux, \u00e0 en croire le Wall Street Journal. Le s\u00e9nateur John Kennedy (r\u00e9publicain de Louisiane) a balay\u00e9 l\u2019hypoth\u00e8se d\u2019une invasion : \u00ab\u00a0Pensez-vous vraiment qu\u2019il va envahir le Groenland ? Non. Le pr\u00e9sident aime parler \u00e0 voix haute\u2026 Parfois, c\u2019est simplement pour vous agacer\u00a0\u00bb. Le chef de la majorit\u00e9 au S\u00e9nat, John Thune (r\u00e9publicain du Dakota du Sud), a lui aussi \u00e9cart\u00e9 toute perspective d\u2019attaque. De son c\u00f4t\u00e9, le secr\u00e9taire d&rsquo;\u00c9tat <a href=\"https:\/\/www.lexpress.fr\/monde\/amerique\/capture-de-nicolas-maduro-marco-rubio-architecte-en-chef-de-loperation-militaire-au-venezuela-AGKRY6RBLJAK3IO2FL5I2YIOV4\/\" target=\"_self\" rel=\"noopener\" title=\"https:\/\/www.lexpress.fr\/monde\/amerique\/capture-de-nicolas-maduro-marco-rubio-architecte-en-chef-de-loperation-militaire-au-venezuela-AGKRY6RBLJAK3IO2FL5I2YIOV4\/\">Marco Rubio<\/a> a assur\u00e9 aux parlementaires que les r\u00e9centes menaces de l&rsquo;administration contre le Groenland ne pr\u00e9sageaient pas d&rsquo;une invasion imminente et que l&rsquo;objectif \u00e9tait plut\u00f4t de racheter l&rsquo;\u00eele au Danemark.<\/p>\n<p>Avant-poste strat\u00e9gique<\/p>\n<p class=\"paragraph article-body-paragraph article__item   \">La question de l\u2019avenir du Groenland a ressurgi <a href=\"https:\/\/www.lexpress.fr\/monde\/apres-le-venezuela-les-craintes-dune-operation-de-donald-trump-au-groenland-ravivees-UHQPDESGFNCGRDNIMLUAFT2MJM\/\" target=\"_self\" rel=\"noopener\" title=\"https:\/\/www.lexpress.fr\/monde\/apres-le-venezuela-les-craintes-dune-operation-de-donald-trump-au-groenland-ravivees-UHQPDESGFNCGRDNIMLUAFT2MJM\/\">apr\u00e8s l\u2019intervention militaire am\u00e9ricaine au Venezuela<\/a>. Le lendemain de ce raid, Katie Miller, \u00e9pouse d\u2019un proche conseiller de Donald Trump, a publi\u00e9 sur les r\u00e9seaux sociaux une carte du Groenland aux couleurs du drapeau am\u00e9ricain, assortie du mot \u00ab\u00a0Bient\u00f4t\u00a0\u00bb. Lundi, son mari, Stephen Miller, a affirm\u00e9 que \u00ab\u00a0la position officielle du gouvernement am\u00e9ricain est que le Groenland doit faire partie des \u00c9tats-Unis\u00a0\u00bb. Le<a href=\"https:\/\/www.nytimes.com\/2026\/01\/05\/world\/europe\/trump-greenland-why.html\" target=\"_self\" rel=\"noopener\" title=\"https:\/\/www.nytimes.com\/2026\/01\/05\/world\/europe\/trump-greenland-why.html\"> New York Times<\/a> souligne que le contr\u00f4le de l\u2019\u00eele offrirait \u00e0 Washington \u00ab\u00a0un avant-poste dans un corridor maritime strat\u00e9gique reliant l\u2019Atlantique \u00e0 <a href=\"https:\/\/www.lexpress.fr\/monde\/lotan-ne-sen-relevera-pas-que-se-passera-t-il-demain-si-trump-sempare-du-groenland-NK2MPHCZNVHHZFSGYYODXEZGCI\/\" target=\"_self\" rel=\"noopener\" title=\"https:\/\/www.lexpress.fr\/monde\/lotan-ne-sen-relevera-pas-que-se-passera-t-il-demain-si-trump-sempare-du-groenland-NK2MPHCZNVHHZFSGYYODXEZGCI\/\">l\u2019Arctique<\/a>\u00ab\u00a0. Le Groenland abrite par ailleurs d\u2019importantes r\u00e9serves de terres rares, un march\u00e9 aujourd\u2019hui domin\u00e9 par la Chine.<\/p>\n<p><strong class=\"article-body-link-list__item text-gray-800 article-body-link-list__item--one-item\">LIRE AUSSI : <a class=\"article-body-link-list__item-link\" href=\"https:\/\/www.lexpress.fr\/monde\/europe\/groenland-leurope-desemparee-face-a-la-predation-de-donald-trump-7MUVRDOH7JDDRHRKTA2FZSLJ3U\/\" target=\"_blank\" rel=\"noopener\">Groenland : l\u2019Europe d\u00e9sempar\u00e9e face \u00e0 la pr\u00e9dation de Donald Trump<\/a><\/strong><\/p>\n<p class=\"paragraph article-body-paragraph article__item    article__text__endpicto\">Le Groenland, peupl\u00e9 de 57 000 habitants, b\u00e9n\u00e9ficie d\u2019une large autonomie depuis 1979, m\u00eame si sa d\u00e9fense et sa politique \u00e9trang\u00e8re demeurent sous la responsabilit\u00e9 du Danemark. Si une majorit\u00e9 de Groenlandais se disent favorables \u00e0 une ind\u00e9pendance future, les enqu\u00eates d\u2019opinion montrent une opposition massive \u00e0 un rattachement aux \u00c9tats-Unis, qui disposent d\u00e9j\u00e0 d\u2019une base militaire sur l\u2019\u00eele, souligne la <a href=\"https:\/\/www.bbc.com\/news\/articles\/cwyg1jg8xkmo\" target=\"_self\" rel=\"noopener\" title=\"https:\/\/www.bbc.com\/news\/articles\/cwyg1jg8xkmo\">BBC<\/a>. Cette perspective reste \u00e9galement marginale outre-Atlantique : selon un sondage, seuls 7 % des Am\u00e9ricains soutiendraient une prise de contr\u00f4le militaire du territoire. Une hostilit\u00e9 qui pourrait toutefois ne pas suffire \u00e0 dissuader Donald Trump, habitu\u00e9 \u00e0 tester les lignes rouges.<\/p>\n","protected":false},"excerpt":{"rendered":"Apr\u00e8s le kidnapping de Nicolas Maduro, pr\u00e9sident v\u00e9n\u00e9zu\u00e9lien, l&rsquo;envie de Donald Trump de redessiner le monde semble loin&hellip;\n","protected":false},"author":2,"featured_media":646602,"comment_status":"","ping_status":"","sticky":false,"template":"","format":"standard","meta":{"footnotes":""},"categories":[1589],"tags":[11,782,73,1866,74,12,1864,1865,1863,308],"class_list":{"0":"post-646601","1":"post","2":"type-post","3":"status-publish","4":"format-standard","5":"has-post-thumbnail","7":"category-etats-unis","8":"tag-actualites","9":"tag-ameriques","10":"tag-etats-unis","11":"tag-etats-unis-damerique","12":"tag-monde","13":"tag-news","14":"tag-united-states","15":"tag-united-states-of-america","16":"tag-us","17":"tag-usa"},"share_on_mastodon":{"url":"https:\/\/pubeurope.com\/@fr\/115852719214093181","error":""},"_links":{"self":[{"href":"https:\/\/www.europesays.com\/fr\/wp-json\/wp\/v2\/posts\/646601","targetHints":{"allow":["GET"]}}],"collection":[{"href":"https:\/\/www.europesays.com\/fr\/wp-json\/wp\/v2\/posts"}],"about":[{"href":"https:\/\/www.europesays.com\/fr\/wp-json\/wp\/v2\/types\/post"}],"author":[{"embeddable":true,"href":"https:\/\/www.europesays.com\/fr\/wp-json\/wp\/v2\/users\/2"}],"replies":[{"embeddable":true,"href":"https:\/\/www.europesays.com\/fr\/wp-json\/wp\/v2\/comments?post=646601"}],"version-history":[{"count":0,"href":"https:\/\/www.europesays.com\/fr\/wp-json\/wp\/v2\/posts\/646601\/revisions"}],"wp:featuredmedia":[{"embeddable":true,"href":"https:\/\/www.europesays.com\/fr\/wp-json\/wp\/v2\/media\/646602"}],"wp:attachment":[{"href":"https:\/\/www.europesays.com\/fr\/wp-json\/wp\/v2\/media?parent=646601"}],"wp:term":[{"taxonomy":"category","embeddable":true,"href":"https:\/\/www.europesays.com\/fr\/wp-json\/wp\/v2\/categories?post=646601"},{"taxonomy":"post_tag","embeddable":true,"href":"https:\/\/www.europesays.com\/fr\/wp-json\/wp\/v2\/tags?post=646601"}],"curies":[{"name":"wp","href":"https:\/\/api.w.org\/{rel}","templated":true}]}}