{"id":646605,"date":"2026-01-07T07:50:11","date_gmt":"2026-01-07T07:50:11","guid":{"rendered":"https:\/\/www.europesays.com\/fr\/646605\/"},"modified":"2026-01-07T07:50:11","modified_gmt":"2026-01-07T07:50:11","slug":"allemagne-pourrait-deployer-des-forces-sur-un-territoire-de-lotan-adjacent-a-lukraine","status":"publish","type":"post","link":"https:\/\/www.europesays.com\/fr\/646605\/","title":{"rendered":"Allemagne pourrait d\u00e9ployer des forces sur un territoire de l\u2019OTAN adjacent \u00e0 l\u2019Ukraine"},"content":{"rendered":"<p>L\u2019Allemagne est pr\u00eate \u00e0 contribuer aux efforts visant \u00e0 assurer un \u00e9ventuel cessez-le-feu en Ukraine, y compris en d\u00e9ployant ses forces militaires sur un territoire de l\u2019OTAN limitrophe de l\u2019Ukraine.<\/p>\n<p>Selon l\u2019<a href=\"https:\/\/apa.az\" class=\"hyperlink\" target=\"_blank\" rel=\"noopener\">APA<\/a>, le chancelier allemand Friedrich Merz l\u2019a d\u00e9clar\u00e9 lors d\u2019une conf\u00e9rence de presse tenue \u00e0 Paris \u00e0 l\u2019issue de la r\u00e9union de la \u00ab coalition des volontaires \u00bb.<\/p>\n<p>D\u2019apr\u00e8s le chancelier, l\u2019Allemagne continuera \u00e0 apporter un soutien politique, financier et militaire. Il a indiqu\u00e9 qu\u2019apr\u00e8s l\u2019obtention d\u2019un cessez-le-feu, le d\u00e9ploiement de forces allemandes sur un territoire de l\u2019OTAN frontalier de l\u2019Ukraine pourrait constituer l\u2019une des formes possibles de cette contribution.<\/p>\n<p>Merz a soulign\u00e9 que la d\u00e9cision concernant la forme et l\u2019ampleur de la participation de l\u2019Allemagne \u00e0 ce processus sera prise par le gouvernement f\u00e9d\u00e9ral et le Bundestag uniquement apr\u00e8s que toutes les conditions auront \u00e9t\u00e9 pleinement clarifi\u00e9es. Le chancelier a ajout\u00e9 que, par principe, le gouvernement n\u2019exclut aucune option.<\/p>\n","protected":false},"excerpt":{"rendered":"L\u2019Allemagne est pr\u00eate \u00e0 contribuer aux efforts visant \u00e0 assurer un \u00e9ventuel cessez-le-feu en Ukraine, y compris en&hellip;\n","protected":false},"author":2,"featured_media":646606,"comment_status":"","ping_status":"","sticky":false,"template":"","format":"standard","meta":{"footnotes":""},"categories":[1587],"tags":[11,672,1804,1805,75222,1803,1777,674,1801,18613,12,1802,75223,220],"class_list":{"0":"post-646605","1":"post","2":"type-post","3":"status-publish","4":"format-standard","5":"has-post-thumbnail","7":"category-allemagne","8":"tag-actualites","9":"tag-allemagne","10":"tag-bundesrepublik-deutschland","11":"tag-de","12":"tag-deployer-des-forces","13":"tag-deutschland","14":"tag-eu","15":"tag-europe","16":"tag-germany","17":"tag-merz","18":"tag-news","19":"tag-republique-federale-dallemagne","20":"tag-territoire-de-lotan","21":"tag-ukraine"},"share_on_mastodon":{"url":"https:\/\/pubeurope.com\/@fr\/115852726999613102","error":""},"_links":{"self":[{"href":"https:\/\/www.europesays.com\/fr\/wp-json\/wp\/v2\/posts\/646605","targetHints":{"allow":["GET"]}}],"collection":[{"href":"https:\/\/www.europesays.com\/fr\/wp-json\/wp\/v2\/posts"}],"about":[{"href":"https:\/\/www.europesays.com\/fr\/wp-json\/wp\/v2\/types\/post"}],"author":[{"embeddable":true,"href":"https:\/\/www.europesays.com\/fr\/wp-json\/wp\/v2\/users\/2"}],"replies":[{"embeddable":true,"href":"https:\/\/www.europesays.com\/fr\/wp-json\/wp\/v2\/comments?post=646605"}],"version-history":[{"count":0,"href":"https:\/\/www.europesays.com\/fr\/wp-json\/wp\/v2\/posts\/646605\/revisions"}],"wp:featuredmedia":[{"embeddable":true,"href":"https:\/\/www.europesays.com\/fr\/wp-json\/wp\/v2\/media\/646606"}],"wp:attachment":[{"href":"https:\/\/www.europesays.com\/fr\/wp-json\/wp\/v2\/media?parent=646605"}],"wp:term":[{"taxonomy":"category","embeddable":true,"href":"https:\/\/www.europesays.com\/fr\/wp-json\/wp\/v2\/categories?post=646605"},{"taxonomy":"post_tag","embeddable":true,"href":"https:\/\/www.europesays.com\/fr\/wp-json\/wp\/v2\/tags?post=646605"}],"curies":[{"name":"wp","href":"https:\/\/api.w.org\/{rel}","templated":true}]}}