{"id":646617,"date":"2026-01-07T07:56:11","date_gmt":"2026-01-07T07:56:11","guid":{"rendered":"https:\/\/www.europesays.com\/fr\/646617\/"},"modified":"2026-01-07T07:56:11","modified_gmt":"2026-01-07T07:56:11","slug":"akshay-bhatia-refuse-une-offre-lucrative-du-liv-golf","status":"publish","type":"post","link":"https:\/\/www.europesays.com\/fr\/646617\/","title":{"rendered":"Akshay Bhatia refuse une offre lucrative du LIV Golf"},"content":{"rendered":"<p>\t\t\t\t\t\t<img width=\"770\" height=\"556\" src=\"https:\/\/www.europesays.com\/fr\/wp-content\/uploads\/2025\/08\/bhatia-fedex-st.-jude-championship-770x556.jpg\" class=\"img-responsive wp-post-image\" alt=\"\" decoding=\"async\" fetchpriority=\"high\"  \/>\t\t\t\t\t<\/p>\n<p>\t\t\t\t\t\t Partager cet article <\/p>\n<p class=\"screen-reader-text juiz_sps_maybe_hidden_text\">Partager la publication \u00ab\u00a0Akshay Bhatia refuse une offre lucrative du LIV Golf\u00a0\u00bb<\/p>\n<p><strong>Courtis\u00e9 par le LIV Golf, Akshay Bhatia a choisi de rester fid\u00e8le au PGA Tour. \u00c0 23 ans, le double vainqueur sur le circuit am\u00e9ricain privil\u00e9gie la continuit\u00e9 sportive malgr\u00e9 une offre financi\u00e8re tr\u00e8s attractive.<\/strong><\/p>\n<p>&#13;<br \/>\n<strong>Akshay Bhatia<\/strong> ne rejoindra pas le <strong>LIV Golf<\/strong>. Selon une information r\u00e9v\u00e9l\u00e9e par <strong>Rex Hoggard <\/strong>de<strong> Golf Channel<\/strong>, le joueur am\u00e9ricain de 23 ans a d\u00e9clin\u00e9 une offre jug\u00e9e \u00ab lucrative \u00bb \u00e9manant du circuit financ\u00e9 par l\u2019Arabie saoudite, confirmant ainsi son attachement au <strong>PGA Tour<\/strong>.<\/p>\n<p>Gaucher talentueux et pr\u00e9coce, <strong>Bhatia<\/strong> s\u2019est impos\u00e9 comme l\u2019un des jeunes visages forts du circuit am\u00e9ricain. Double vainqueur sur le <strong>PGA Tour<\/strong>, il a \u00e9galement particip\u00e9 au <strong>Tour Championship<\/strong> lors des deux derni\u00e8res saisons et occupe actuellement la 46e place du classement mondial.<\/p>\n<p>Un contexte particulier\u00a0<\/p>\n<p>Cette d\u00e9cision intervient dans un contexte particuli\u00e8rement anim\u00e9 pour le <strong>LIV Golf<\/strong>. La ligue a r\u00e9cemment vu partir <strong>Brooks Koepka<\/strong>, quintuple vainqueur en majeur. En parall\u00e8le, le <strong>LIV<\/strong> continue toutefois d\u2019attirer des talents \u00e9tablis.<a href=\"https:\/\/www.golfplanete.com\/actualites\/au-tour-de-thomas-detry-de-rejoindre-le-liv\/\" target=\"_blank\" rel=\"noopener\"><strong> The Times<\/strong> a notamment annonc\u00e9 la signature imminente du Belge Thomas Detry, vainqueur du WM Phoenix Open 2025, et de l\u2019Australien Elvis Smylie, victorieux sur le DP World Tour en novembre 2024.<\/a><\/p>\n<p>\u00a0<\/p>\n<p>\u00a0<\/p>\n<p>\u00a9PGA Tour<\/p>\n","protected":false},"excerpt":{"rendered":"Partager cet article Partager la publication \u00ab\u00a0Akshay Bhatia refuse une offre lucrative du LIV Golf\u00a0\u00bb Courtis\u00e9 par le&hellip;\n","protected":false},"author":2,"featured_media":304584,"comment_status":"","ping_status":"","sticky":false,"template":"","format":"standard","meta":{"footnotes":""},"categories":[1418],"tags":[1011,27,1472,60],"class_list":{"0":"post-646617","1":"post","2":"type-post","3":"status-publish","4":"format-standard","5":"has-post-thumbnail","7":"category-golf","8":"tag-fr","9":"tag-france","10":"tag-golf","11":"tag-sports"},"share_on_mastodon":{"url":"https:\/\/pubeurope.com\/@fr\/115852750535759190","error":""},"_links":{"self":[{"href":"https:\/\/www.europesays.com\/fr\/wp-json\/wp\/v2\/posts\/646617","targetHints":{"allow":["GET"]}}],"collection":[{"href":"https:\/\/www.europesays.com\/fr\/wp-json\/wp\/v2\/posts"}],"about":[{"href":"https:\/\/www.europesays.com\/fr\/wp-json\/wp\/v2\/types\/post"}],"author":[{"embeddable":true,"href":"https:\/\/www.europesays.com\/fr\/wp-json\/wp\/v2\/users\/2"}],"replies":[{"embeddable":true,"href":"https:\/\/www.europesays.com\/fr\/wp-json\/wp\/v2\/comments?post=646617"}],"version-history":[{"count":0,"href":"https:\/\/www.europesays.com\/fr\/wp-json\/wp\/v2\/posts\/646617\/revisions"}],"wp:featuredmedia":[{"embeddable":true,"href":"https:\/\/www.europesays.com\/fr\/wp-json\/wp\/v2\/media\/304584"}],"wp:attachment":[{"href":"https:\/\/www.europesays.com\/fr\/wp-json\/wp\/v2\/media?parent=646617"}],"wp:term":[{"taxonomy":"category","embeddable":true,"href":"https:\/\/www.europesays.com\/fr\/wp-json\/wp\/v2\/categories?post=646617"},{"taxonomy":"post_tag","embeddable":true,"href":"https:\/\/www.europesays.com\/fr\/wp-json\/wp\/v2\/tags?post=646617"}],"curies":[{"name":"wp","href":"https:\/\/api.w.org\/{rel}","templated":true}]}}