{"id":646619,"date":"2026-01-07T07:59:11","date_gmt":"2026-01-07T07:59:11","guid":{"rendered":"https:\/\/www.europesays.com\/fr\/646619\/"},"modified":"2026-01-07T07:59:11","modified_gmt":"2026-01-07T07:59:11","slug":"pronostic-chak-lam-coleman-wong-gabriel-diallo-atp-hong-kong","status":"publish","type":"post","link":"https:\/\/www.europesays.com\/fr\/646619\/","title":{"rendered":"Pronostic Chak Lam Coleman Wong Gabriel Diallo &#8211; ATP Hong Kong"},"content":{"rendered":"<p class=\"text-xs leading-5 text-gray-400 mb-2\">\n                        Publi\u00e9 le 06\/01\/2026 09:57<br \/>\n                        \u00a0par<br \/>\n                                                            <a href=\"https:\/\/www.sportytrader.com\/auteur\/jeremy-ernou-10\/\" target=\"_blank\" rel=\"noopener\">J\u00e9r\u00e9my Ernou<\/a><\/p>\n<p>                                                    |<br \/>\n                            Modifi\u00e9 le<br \/>\n                                06\/01\/2026<br \/>\n                                \u00e0 09:59<\/p>\n<p>                                                                                                            dans<br \/>\n                                <a data-trans=\"tips.published.sport %sport%\" href=\"https:\/\/www.sportytrader.com\/pronostics\/tennis\/\" target=\"_blank\" rel=\"noopener\"><br \/>\n                                    Pronostics Tennis<br \/>\n                                <\/a><\/p>\n<p>En 2025, Gabriel Diallo avait ouvert son compteur sur le circuit ATP en remportant le tournoi de S-Hertogenbosch, son premier sacre chez les pros. \u00c0 24 ans, le Canadien se veut ambitieux en 2026 o\u00f9 il aura pour objectif d\u2019int\u00e9grer de s\u2019installer dans le top 30 mondial. Encore inconstant, le jeune nord-am\u00e9ricain n\u2019en reste pas moins un joueur capable de tout et cette semaine \u00e0 Hong-Kong, le 40\u00e8me joueur mondial aura une belle carte \u00e0 jouer. La t\u00eate de s\u00e9rie n\u00b06 a bien d\u00e9but\u00e9 son tournoi avec une premi\u00e8re victoire s\u00e9rieuse sur le N\u00e9erlandais Jesper De Jong, malgr\u00e9 l\u00e0 aussi des hauts et des bas (6-4, 7-6). Gabriel Diallo devra faire aussi bien mercredi lors de son second tour o\u00f9 l\u2019attend Coleman Wong.<\/p>\n<p>Coleman Wong a re\u00e7u une wild-card des organisateurs.<\/p>\n<p>Invit\u00e9 par les organisateurs, le natif du tournoi (n\u00e9 \u00e0 Hong-Kong) a su justifier sa pr\u00e9sence en cr\u00e9ant la surprise au premier tour face \u00e0 Mariano Navone. Un succ\u00e8s en deux manches sur l\u2019Argentin (6-3, 7-6) qui aura permis au 150\u00e8me joueur mondial de faire le plein de confiance avant ce second tour contre Gabriel Diallo. Habitu\u00e9 \u00e0 parcourir le circuit secondaire, Coleman Wong n\u2019en est pas \u00e0 son premier coup d\u2019\u00e9clat puisqu\u2019il avait notamment atteint le 3\u00e8me tour \u00e0 l\u2019US Open l\u2019ann\u00e9e derni\u00e8re en sortant des qualifications, ainsi que le 2\u00e8me tour \u00e0 Cincinnati en s\u2019extirpant \u00e9galement des qualifs. Sans pression, le Hongkongais sera un vrai poil \u00e0 gratter pour le Canadien lors de ce match qui offrira une place en quart de finale au vainqueur.<\/p>\n","protected":false},"excerpt":{"rendered":"Publi\u00e9 le 06\/01\/2026 09:57 \u00a0par J\u00e9r\u00e9my Ernou | Modifi\u00e9 le 06\/01\/2026 \u00e0 09:59 dans Pronostics Tennis En 2025,&hellip;\n","protected":false},"author":2,"featured_media":646620,"comment_status":"","ping_status":"","sticky":false,"template":"","format":"standard","meta":{"footnotes":""},"categories":[1415],"tags":[75226,75225,1011,27,15406,1817,1821,60,1467],"class_list":{"0":"post-646619","1":"post","2":"type-post","3":"status-publish","4":"format-standard","5":"has-post-thumbnail","7":"category-tennis","8":"tag-atp-hong-kong","9":"tag-chak-lam-coleman-wong","10":"tag-fr","11":"tag-france","12":"tag-gabriel-diallo","13":"tag-pronostic","14":"tag-pronostics","15":"tag-sports","16":"tag-tennis"},"share_on_mastodon":{"url":"https:\/\/pubeurope.com\/@fr\/115852762309426042","error":""},"_links":{"self":[{"href":"https:\/\/www.europesays.com\/fr\/wp-json\/wp\/v2\/posts\/646619","targetHints":{"allow":["GET"]}}],"collection":[{"href":"https:\/\/www.europesays.com\/fr\/wp-json\/wp\/v2\/posts"}],"about":[{"href":"https:\/\/www.europesays.com\/fr\/wp-json\/wp\/v2\/types\/post"}],"author":[{"embeddable":true,"href":"https:\/\/www.europesays.com\/fr\/wp-json\/wp\/v2\/users\/2"}],"replies":[{"embeddable":true,"href":"https:\/\/www.europesays.com\/fr\/wp-json\/wp\/v2\/comments?post=646619"}],"version-history":[{"count":0,"href":"https:\/\/www.europesays.com\/fr\/wp-json\/wp\/v2\/posts\/646619\/revisions"}],"wp:featuredmedia":[{"embeddable":true,"href":"https:\/\/www.europesays.com\/fr\/wp-json\/wp\/v2\/media\/646620"}],"wp:attachment":[{"href":"https:\/\/www.europesays.com\/fr\/wp-json\/wp\/v2\/media?parent=646619"}],"wp:term":[{"taxonomy":"category","embeddable":true,"href":"https:\/\/www.europesays.com\/fr\/wp-json\/wp\/v2\/categories?post=646619"},{"taxonomy":"post_tag","embeddable":true,"href":"https:\/\/www.europesays.com\/fr\/wp-json\/wp\/v2\/tags?post=646619"}],"curies":[{"name":"wp","href":"https:\/\/api.w.org\/{rel}","templated":true}]}}