{"id":646621,"date":"2026-01-07T08:03:11","date_gmt":"2026-01-07T08:03:11","guid":{"rendered":"https:\/\/www.europesays.com\/fr\/646621\/"},"modified":"2026-01-07T08:03:11","modified_gmt":"2026-01-07T08:03:11","slug":"bonne-nouvelle-pour-le-cyclisme-en-wallonie-une-nouvelle-course-au-mur-de-huy","status":"publish","type":"post","link":"https:\/\/www.europesays.com\/fr\/646621\/","title":{"rendered":"Bonne nouvelle pour le cyclisme en Wallonie: une nouvelle course au Mur de Huy!"},"content":{"rendered":"<blockquote class=\"ap-StoryQuote ap-StoryQuote--pullquote\"><p>guillement<\/p>\n<p class=\"ap-StoryQuote-text\">Cette cr\u00e9ation s&rsquo;inscrit aussi dans l&rsquo;id\u00e9e de placer Huy comme une ville cycliste au-del\u00e0 de la Fl\u00e8che Wallonne. <\/p>\n<\/blockquote>\n<p class=\"ap-StoryElement ap-StoryElement--mb ap-StoryText\">Elle sera l&rsquo;\u0153uvre du TRW Organisation (la structure derri\u00e8re l&rsquo;Ethias Tour de Wallonie et les Grands Prix de Wallonie masculin et f\u00e9minin). \u00ab\u00a0C&rsquo;est un chouette projet que nous avions en t\u00eate depuis un petit temps, commente Christophe Brandt. La cr\u00e9ation de cette \u00e9preuve a du sens car il manque, selon moi, de courses s\u00e9lectives chez les jeunes. Et particuli\u00e8rement chez les espoirs, une cat\u00e9gorie un peu d\u00e9laiss\u00e9e depuis que les meilleurs juniors passent directement chez les pros. Cette cr\u00e9ation s&rsquo;inscrit aussi dans l&rsquo;id\u00e9e de placer Huy comme une ville cycliste au-del\u00e0 de la Fl\u00e8che Wallonne. En plus de l&rsquo;int\u00e9r\u00eat sportif de cette \u00e9preuve, il y a aussi l&rsquo;int\u00e9r\u00eat touristique pour la ville de Huy.\u00a0\u00bb<\/p>\n<p class=\"ap-StoryElement ap-StoryElement--mb ap-StoryText\">Voir arriver une nouvelle \u00e9preuve en Wallonie (et en Belgique) est toujours une bonne nouvelle. Car les temps sont durs pour les organisateurs de courses. Notamment pour la base de la pyramide, pour les calendriers des jeunes. Les comp\u00e9titions cyclistes, en Wallonie, sont peu nombreuses. Mais malgr\u00e9 ce contexte morose, avec les difficult\u00e9s d&rsquo;aller chercher les budgets, de trouver les pr\u00e9cieux b\u00e9n\u00e9voles passionn\u00e9s pour mettre sur pied des courses ou les complications li\u00e9es aux am\u00e9nagements de la route, il y a eu plusieurs naissances d&rsquo;\u00e9preuves ces derniers temps.<\/p>\n<p class=\"ap-StoryElement ap-StoryElement--mb ap-StoryText\">Cette Mur de Huy Classic s&rsquo;ajoute <a href=\"https:\/\/www.dhnet.be\/sports\/cyclisme\/2025\/11\/26\/les-mutations-du-calendrier-wallon-tout-savoir-sur-les-changements-de-date-ou-de-formule-des-epreuves-organisees-en-wallonie-en-2026-56RNLQFY5NGJ3PZQVBHN5S4PI4\/\" target=\"_self\" rel=\"noopener\">\u00e0 La Vesdrienne, planifi\u00e9e le 6 mai \u00e0 Stavelot, la veille de la Fl\u00e8che Ardennaise. Sans oublier le retour, depuis l&rsquo;an pass\u00e9, de la Monts et Ch\u00e2teaux Classic en 2025 (\u00e9preuve d&rsquo;un jour sur les bases du regrett\u00e9 Triptyque des Monts et Ch\u00e2teaux). <\/a>Pour un panel de courses UCI de cat\u00e9gorie 2 qui s&rsquo;\u00e9largit dans la partie francophone du pays puisqu&rsquo;il y a aussi le Grand Prix Pino Cerami, ancienne course pro, tandis que la BW Classic devrait revenir aussi au calendrier.<\/p>\n<p class=\"ap-StoryElement ap-StoryElement--mb ap-StoryText\">\u00ab\u00a0Il y a en Wallonie de quoi faire des parcours int\u00e9ressants et certainement \u00e0 Huy, autour de sa mont\u00e9e mythique du Mur, poursuit Christophe Brandt. Nous partirons de la Grand-Place de Huy pour une premi\u00e8re boucle d&rsquo;une cinquantaine de kilom\u00e8tres par le Thier de Huy, Pont de Bonne, la c\u00f4te de Paille avant de revenir via Ohey et Marchin \u00e0 Huy.\u00a0\u00bb<\/p>\n<p>Bient\u00f4t aussi une Mur de Huy Classic pour les juniors ?<\/p>\n<p class=\"ap-StoryElement ap-StoryElement--mb ap-StoryText\">O\u00f9 le Mur va attendre le peloton. Qui le gravira \u00e0 cinq reprises, avec quatre circuits locaux (qui comprendront \u00e9galement la c\u00f4te d&rsquo;Ereffe). \u00ab\u00a0Les coureurs ont peu souvent l&rsquo;occasion de monter le Mur de Huy en course, ce sera une belle occasion, avec cette \u00e9preuve s\u00e9lective sans l&rsquo;\u00eatre trop puisqu&rsquo;elle affiche 1 800 m\u00e8tres de d\u00e9nivel\u00e9.\u00a0\u00bb<\/p>\n<p class=\"ap-StoryElement ap-StoryElement--mb ap-StoryText\">La volont\u00e9 des organisateurs est d&rsquo;inscrire cette nouvelle \u00e9preuve dans la dur\u00e9e. De la faire grandir. \u00ab\u00a0Avec aussi d&rsquo;autres id\u00e9es, comme celle de l&rsquo;\u00e9tendre \u00e0 une \u00e9preuve pour les juniors.\u00a0\u00bb<\/p>\n<p class=\"ap-StoryElement ap-StoryElement--mb ap-StoryText\">Et de faire du Mur de Huy une place forte du v\u00e9lo.<\/p>\n<p><a href=\"https:\/\/www.dhnet.be\/sports\/cyclisme\/2026\/01\/06\/wout-van-aert-lhomme-qui-nabandonne-presque-jamais-MOJSO6BLARHVRAWQV5KZUTJ4SE\/\" target=\"_self\" class=\"ap-StoryInterstitialLink ap-StoryElement ap-StoryElement--mb\" rel=\"noopener\">Wout van Aert, l&rsquo;homme qui n&rsquo;abandonne (presque) jamais<\/a><\/p>\n","protected":false},"excerpt":{"rendered":"guillement Cette cr\u00e9ation s&rsquo;inscrit aussi dans l&rsquo;id\u00e9e de placer Huy comme une ville cycliste au-del\u00e0 de la Fl\u00e8che&hellip;\n","protected":false},"author":2,"featured_media":646622,"comment_status":"","ping_status":"","sticky":false,"template":"","format":"standard","meta":{"footnotes":""},"categories":[1411],"tags":[1154,207,10940,3696,1011,27,52084,13895,60],"class_list":{"0":"post-646621","1":"post","2":"type-post","3":"status-publish","4":"format-standard","5":"has-post-thumbnail","7":"category-cyclisme","8":"tag-cycling","9":"tag-cyclisme","10":"tag-espoirs","11":"tag-evenements","12":"tag-fr","13":"tag-france","14":"tag-huy","15":"tag-mur-de-huy","16":"tag-sports"},"share_on_mastodon":{"url":"https:\/\/pubeurope.com\/@fr\/115852778118666229","error":""},"_links":{"self":[{"href":"https:\/\/www.europesays.com\/fr\/wp-json\/wp\/v2\/posts\/646621","targetHints":{"allow":["GET"]}}],"collection":[{"href":"https:\/\/www.europesays.com\/fr\/wp-json\/wp\/v2\/posts"}],"about":[{"href":"https:\/\/www.europesays.com\/fr\/wp-json\/wp\/v2\/types\/post"}],"author":[{"embeddable":true,"href":"https:\/\/www.europesays.com\/fr\/wp-json\/wp\/v2\/users\/2"}],"replies":[{"embeddable":true,"href":"https:\/\/www.europesays.com\/fr\/wp-json\/wp\/v2\/comments?post=646621"}],"version-history":[{"count":0,"href":"https:\/\/www.europesays.com\/fr\/wp-json\/wp\/v2\/posts\/646621\/revisions"}],"wp:featuredmedia":[{"embeddable":true,"href":"https:\/\/www.europesays.com\/fr\/wp-json\/wp\/v2\/media\/646622"}],"wp:attachment":[{"href":"https:\/\/www.europesays.com\/fr\/wp-json\/wp\/v2\/media?parent=646621"}],"wp:term":[{"taxonomy":"category","embeddable":true,"href":"https:\/\/www.europesays.com\/fr\/wp-json\/wp\/v2\/categories?post=646621"},{"taxonomy":"post_tag","embeddable":true,"href":"https:\/\/www.europesays.com\/fr\/wp-json\/wp\/v2\/tags?post=646621"}],"curies":[{"name":"wp","href":"https:\/\/api.w.org\/{rel}","templated":true}]}}