{"id":646625,"date":"2026-01-07T08:05:17","date_gmt":"2026-01-07T08:05:17","guid":{"rendered":"https:\/\/www.europesays.com\/fr\/646625\/"},"modified":"2026-01-07T08:05:17","modified_gmt":"2026-01-07T08:05:17","slug":"karin-viard-allongee-sur-une-civiere-et-sous-le-choc-la-comedienne-victime-dun-traumatisme-cranien-apres-une-chute-a-ski","status":"publish","type":"post","link":"https:\/\/www.europesays.com\/fr\/646625\/","title":{"rendered":"Karin Viard allong\u00e9e sur une civi\u00e8re et sous le choc, la com\u00e9dienne victime d\u2019un traumatisme cr\u00e2nien apr\u00e8s une chute \u00e0 ski"},"content":{"rendered":"<p>Karin Viard est l\u2019une des actrices les plus populaires et<br \/>\nrespect\u00e9es du cin\u00e9ma fran\u00e7ais. R\u00e9v\u00e9l\u00e9e dans les ann\u00e9es 1990,<br \/>\n<strong>elle a re\u00e7u plusieurs r\u00e9compenses dont plusieurs<br \/>\nC\u00e9sar.<\/strong> Notamment pour Haut les c\u0153urs ! en 1999 et d\u2019autres<br \/>\nperformances m\u00e9morables dans Polisse ou La Famille B\u00e9lier.<\/p>\n<p>\u00c0 59 ans, sa carri\u00e8re oscille entre r\u00f4les dramatiques et<br \/>\ncom\u00e9dies populaires, s\u00e9duisant un large public et les critiques. En<br \/>\nce d\u00e9but d\u2019ann\u00e9e, <strong>la com\u00e9dienne \u00e9tait justement de retour<br \/>\nsur le petit \u00e9cran<\/strong>, permettant aux t\u00e9l\u00e9spectateurs de<br \/>\nred\u00e9couvrir l\u2019une de ses performances les plus troublantes aux<br \/>\nc\u00f4t\u00e9s de Benjamin Biolay qui <a href=\"https:\/\/www.melty.fr\/people\/benjamin-biolay-sans-detour-sur-son-addiction-a-lalcool-pres-de-30-bouteilles-de-vodka-par-semaine-2230072.html\" target=\"_blank\" rel=\"noopener\"><br \/>\nrevit depuis qu\u00a0\u00bbil a mis fin \u00e0 son addiction \u00e0 l&rsquo;alcool.<\/a><\/p>\n<p>Un r\u00f4le intense aux c\u00f4t\u00e9s de Benjamin Biolay<\/p>\n<p>Ce lundi 5 janvier, France 3 diffusait en effet Les Apparences,<br \/>\nun film r\u00e9alis\u00e9 par Marc Fitoussi, dans lequel <strong>Karin Viard<br \/>\ndonne la r\u00e9plique \u00e0 Benjamin Biolay<\/strong>. Adapt\u00e9 du roman<br \/>\nTrahie de Karin Alvtegen, ce thriller psychologique plongeait les<br \/>\nt\u00e9l\u00e9spectateurs dans l\u2019intimit\u00e9 d\u2019un couple en apparence parfait.<br \/>\nInstall\u00e9s \u00e0 Vienne, les personnages incarn\u00e9s par Karin Viard et<br \/>\nBenjamin Biolay voient leur \u00e9quilibre se fissurer lorsque des<br \/>\nsecrets enfouis refont surface.<\/p>\n<p>Karin Viard y interpr\u00e8te \u00c8ve, <strong>une femme confront\u00e9e \u00e0 la<br \/>\ntrahison et \u00e0 la perte de rep\u00e8res<\/strong>. Sa performance, salu\u00e9e<br \/>\nlors de la sortie du film, repose sur une grande justesse<br \/>\n\u00e9motionnelle comme elle l&rsquo;a d\u00e9j\u00e0 prouv\u00e9 dans les r\u00f4les dramatiques<br \/>\nqu&rsquo;elle a d\u00e9j\u00e0 interpr\u00e9t\u00e9s, sans jamais tomber dans l\u2019exc\u00e8s.<br \/>\nBenjamin Biolay, de son c\u00f4t\u00e9, apporte une froideur troublante \u00e0 ce<br \/>\nduo conjugal. La diffusion en prime time a permis \u00e0 un large public<br \/>\nde red\u00e9couvrir ce film sorti initialement en 2020, confirmant une<br \/>\nfois de plus la capacit\u00e9 de Karin Viard \u00e0 porter des r\u00f4les<br \/>\ncomplexes.<\/p>\n<p>Une chute en ski qui aurait pu avoir de<br \/>\nlourdes cons\u00e9quences pour Karin Viard<\/p>\n<p>Mais presque un an avant cette diffusion, l\u2019actualit\u00e9 de Karin<br \/>\nViard a pris une tournure bien plus pr\u00e9occupante. Pr\u00e9sente aux<br \/>\nArcs, en Savoie, dans le cadre du Festival du film des Arcs dont<br \/>\nelle \u00e9tait l\u2019invit\u00e9e d\u2019honneur, la com\u00e9dienne a \u00e9t\u00e9, <a href=\"https:\/\/www.melty.fr\/people\/victime-dun-accident-de-ski-anne-sophie-lapix-donne-de-ses-nouvelles-surtout-la-2286560.html\" target=\"_blank\" rel=\"noopener\"><br \/>\ncomme Anne-Sophie Lapix il y a quelques jours<\/a>,\u00a0 victime<br \/>\nd\u2019une violente chute alors qu\u2019elle skiait en d\u00e9cembre 2024.<br \/>\nRapidement prise en charge par les secours, elle est apparue<br \/>\nallong\u00e9e sur une civi\u00e8re, immobilis\u00e9e et visiblement sonn\u00e9e, dans<br \/>\nune vid\u00e9o partag\u00e9e sur les r\u00e9seaux sociaux. \u00ab\u00a0<strong>Et hop un<br \/>\ntraumatisme cr\u00e2nien<\/strong> apr\u00e8s 1 minute de ski ! \u00c7a s\u2019appelle<br \/>\nle talent !!!!\u00a0\u00bb, a-t-elle \u00e9crit en l\u00e9gende pour tenter de<br \/>\nrendre l\u2019accident presque humoristique.<\/p>\n<p>Transport\u00e9e en tra\u00eeneau jusqu\u2019\u00e0 un cabinet m\u00e9dical,<br \/>\n<strong>Karin Viard a \u00e9t\u00e9 plac\u00e9e en observation apr\u00e8s avoir subi un<br \/>\ntraumatisme cr\u00e2nien<\/strong>. Si les images ont suscit\u00e9 une vive<br \/>\ninqui\u00e9tude, la com\u00e9dienne a tenu \u00e0 rassurer elle-m\u00eame ses fans.<br \/>\nConsciente apr\u00e8s l\u2019accident, elle a fait preuve d\u2019autod\u00e9rision en<br \/>\ncommentant la situation avec humour, fid\u00e8le \u00e0 son temp\u00e9rament. Son<br \/>\n\u00e9tat n\u2019a toutefois pas n\u00e9cessit\u00e9 d\u2019intervention lourde et les<br \/>\n\u00e9quipes du festival ont rapidement donn\u00e9 des nouvelles rassurantes.<br \/>\nEn effet, elle a pu, comme pr\u00e9vu, honorer sa masterclass \u00e0 11h le<br \/>\nmardi 17 d\u00e9cembre 2024.<\/p>\n<p>N\u00e9anmoins, cet accident montre que tous les skieurs et<br \/>\nsnowboarders doivent se montrer vigilants sur les pistes. Un<br \/>\naccident peut tr\u00e8s vite arriver et avoir des cons\u00e9quences<br \/>\ndramatiques. De fait, <strong>le port du casque s\u2019av\u00e8re primordial<br \/>\net n\u00e9cessaire<\/strong> pour \u00e9viter un drame en cas de chute.<\/p>\n","protected":false},"excerpt":{"rendered":"Karin Viard est l\u2019une des actrices les plus populaires et respect\u00e9es du cin\u00e9ma fran\u00e7ais. R\u00e9v\u00e9l\u00e9e dans les ann\u00e9es&hellip;\n","protected":false},"author":2,"featured_media":646626,"comment_status":"","ping_status":"","sticky":false,"template":"","format":"standard","meta":{"footnotes":""},"categories":[1359],"tags":[7036,58,59,1011,27,973,65861],"class_list":{"0":"post-646625","1":"post","2":"type-post","3":"status-publish","4":"format-standard","5":"has-post-thumbnail","7":"category-people","8":"tag-benjamin-biolay","9":"tag-divertissement","10":"tag-entertainment","11":"tag-fr","12":"tag-france","13":"tag-people","14":"tag-trend"},"share_on_mastodon":{"url":"https:\/\/pubeurope.com\/@fr\/115852785998821647","error":""},"_links":{"self":[{"href":"https:\/\/www.europesays.com\/fr\/wp-json\/wp\/v2\/posts\/646625","targetHints":{"allow":["GET"]}}],"collection":[{"href":"https:\/\/www.europesays.com\/fr\/wp-json\/wp\/v2\/posts"}],"about":[{"href":"https:\/\/www.europesays.com\/fr\/wp-json\/wp\/v2\/types\/post"}],"author":[{"embeddable":true,"href":"https:\/\/www.europesays.com\/fr\/wp-json\/wp\/v2\/users\/2"}],"replies":[{"embeddable":true,"href":"https:\/\/www.europesays.com\/fr\/wp-json\/wp\/v2\/comments?post=646625"}],"version-history":[{"count":0,"href":"https:\/\/www.europesays.com\/fr\/wp-json\/wp\/v2\/posts\/646625\/revisions"}],"wp:featuredmedia":[{"embeddable":true,"href":"https:\/\/www.europesays.com\/fr\/wp-json\/wp\/v2\/media\/646626"}],"wp:attachment":[{"href":"https:\/\/www.europesays.com\/fr\/wp-json\/wp\/v2\/media?parent=646625"}],"wp:term":[{"taxonomy":"category","embeddable":true,"href":"https:\/\/www.europesays.com\/fr\/wp-json\/wp\/v2\/categories?post=646625"},{"taxonomy":"post_tag","embeddable":true,"href":"https:\/\/www.europesays.com\/fr\/wp-json\/wp\/v2\/tags?post=646625"}],"curies":[{"name":"wp","href":"https:\/\/api.w.org\/{rel}","templated":true}]}}