{"id":646627,"date":"2026-01-07T08:06:10","date_gmt":"2026-01-07T08:06:10","guid":{"rendered":"https:\/\/www.europesays.com\/fr\/646627\/"},"modified":"2026-01-07T08:06:10","modified_gmt":"2026-01-07T08:06:10","slug":"a-65-ans-ce-decorateur-dinterieur-refuse-la-maison-geriatrique-et-mise-sur-ces-choix-inattendus-qui-changent-tout","status":"publish","type":"post","link":"https:\/\/www.europesays.com\/fr\/646627\/","title":{"rendered":"\u00c0 65 ans, ce d\u00e9corateur d&rsquo;int\u00e9rieur refuse la maison &lsquo;g\u00e9riatrique&rsquo; et mise sur ces choix inattendus qui changent tout"},"content":{"rendered":"<p>\u00c0 65 ans, beaucoup imaginent un int\u00e9rieur rempli de barres<br \/>\nd\u00a0\u00bbappui chrom\u00e9es, de fauteuils massifs et de couleurs ternes. Le<br \/>\nd\u00e9corateur d&rsquo;int\u00e9rieur espagnol <strong>Carlos Rubio<\/strong> a<br \/>\npris le contrepied de ce clich\u00e9 en repensant enti\u00e8rement sa propre<br \/>\nmaison. Il l&rsquo;a con\u00e7ue pour ses ann\u00e9es \u00e0 venir, sans renoncer ni au<br \/>\nconfort ni au caract\u00e8re.<\/p>\n<p>Pour lui, vieillir ne signifie ni se cacher ni accepter une d\u00e9co<br \/>\nde couloir d&rsquo;h\u00f4pital. \u00ab\u00a0\u00c0 65 ans, la maison n&rsquo;a pas \u00e0 ressembler \u00e0<br \/>\nune r\u00e9sidence g\u00e9riatrique. On peut vieillir avec style, c&rsquo;est la<br \/>\nmoindre des choses\u00a0\u00bb, a expliqu\u00e9 Carlos Rubio au magazine El<br \/>\nMueble. Son projet : un logement pens\u00e9 non pour le \u00ab\u00a0pour<br \/>\nl&rsquo;instant\u00a0\u00bb, mais, dit-il, \u00ab\u00a0pour le pour toujours\u00a0\u00bb. Derri\u00e8re cette<br \/>\nformule se dessine une m\u00e9thode pr\u00e9cise pour <strong>am\u00e9nager sa<br \/>\nmaison apr\u00e8s 65 ans<\/strong>.<\/p>\n<p>Carlos Rubio : une maison pens\u00e9e pour le long terme<\/p>\n<p>Rubio a install\u00e9 toute sa vie sur un seul niveau, sans marches<br \/>\nni couloirs inutiles, pour garder une circulation fluide. Il r\u00e9sume<br \/>\nson cahier des charges ainsi : \u00ab\u00a0douche \u00e0 ras de sol, meubles bien<br \/>\ndispos\u00e9s, sans angles dangereux ni couloirs inutiles\u00a0\u00bb.<br \/>\nL&rsquo;accessibilit\u00e9 et la praticit\u00e9 restent au c\u0153ur de sa d\u00e9marche,<br \/>\navec des pi\u00e8ces faciles \u00e0 atteindre, des passages larges et des<br \/>\nportes l\u00e9g\u00e8res.<\/p>\n<p>Pour autant, la maison reste un lieu vivant. Rubio affirme :<br \/>\n\u00ab\u00a0Les 70 d&rsquo;aujourd&rsquo;hui sont les 50 d&rsquo;avant. Le passage du temps ne<br \/>\nsignifie pas perdre en style\u00a0\u00bb. Il r\u00e9sume l&rsquo;enjeu : concilier<br \/>\ns\u00e9curit\u00e9 et esth\u00e9tique, en supprimant les obstacles, en int\u00e9grant<br \/>\nla s\u00e9curit\u00e9 au d\u00e9cor et en choisissant des mat\u00e9riaux faciles \u00e0<br \/>\nvivre.<\/p>\n<p>Am\u00e9nager sa maison apr\u00e8s 65 ans sans look g\u00e9riatrique<\/p>\n<p>Dans la salle de bains, la priorit\u00e9 va \u00e0 une s\u00e9curit\u00e9 presque<br \/>\ninvisible : une <strong>douche \u00e0 ras de sol<\/strong>, un sol<br \/>\nantid\u00e9rapant et un banc int\u00e9gr\u00e9 plut\u00f4t qu&rsquo;un si\u00e8ge m\u00e9dicalis\u00e9. Le<br \/>\nsalon gagne \u00e0 \u00eatre d\u00e9gag\u00e9, avec des assises confortables mais<br \/>\nl\u00e9g\u00e8res et des tapis fix\u00e9s ou supprim\u00e9s. Pour Rubio, ces choix<br \/>\nn&#8217;emp\u00eachent rien : \u00ab\u00a0prendre de l&rsquo;\u00e2ge ne veut pas dire renoncer au<br \/>\nconfort ni au go\u00fbt pour les gadgets\u00a0\u00bb ; sa<br \/>\n<strong>domotique<\/strong> discr\u00e8te pilote lumi\u00e8res et chauffage \u00e0<br \/>\nla voix.<\/p>\n<p>Pour lui, la commodit\u00e9 commence ailleurs : \u00ab\u00a0La premi\u00e8re chose<br \/>\nest d&rsquo;avoir une maison qui ne te donne pas de travail\u00a0\u00bb. Il<br \/>\nprivil\u00e9gie des mat\u00e9riaux nobles mais r\u00e9sistants, des textiles<br \/>\nagr\u00e9ables mais lavables et des finitions qui vieillissent bien,<br \/>\navec des LED r\u00e9glables et des appareils fiables. Il pense aussi au<br \/>\nbudget : panneaux solaires, batteries et chauffage performant<br \/>\nr\u00e9duisent les factures. \u00ab\u00a0Les 70 d&rsquo;aujourd&rsquo;hui sont les 50 d&rsquo;avant,<br \/>\nmais avec moins de revenus. Et cela aussi doit se concevoir\u00a0\u00bb,<br \/>\nr\u00e9sume-t-il.<\/p>\n<p>Souvenirs, jardin, aides : prolonger la<br \/>\nmaison \u00e0 65 ans<\/p>\n<p>Rubio accorde enfin une place particuli\u00e8re aux souvenirs, qu&rsquo;il<br \/>\npr\u00e9f\u00e8re trier et regrouper plut\u00f4t que tout exposer. Pour lui, mieux<br \/>\nvaut garder pr\u00e8s de soi seulement les objets qui font vraiment du<br \/>\nbien. Sa maison s&rsquo;ouvre aussi sur un petit jardin entretenu, avec<br \/>\npots, transats et grande table pour recevoir. En France, des aides<br \/>\ncomme celles de l&rsquo;Agence nationale de l&rsquo;habitat, le cr\u00e9dit d&rsquo;imp\u00f4t<br \/>\nou <strong>MaPrimeAdapt\u2019<\/strong> peuvent financer une partie des<br \/>\ntravaux d&rsquo;adaptation du logement.<\/p>\n","protected":false},"excerpt":{"rendered":"\u00c0 65 ans, beaucoup imaginent un int\u00e9rieur rempli de barres d\u00a0\u00bbappui chrom\u00e9es, de fauteuils massifs et de couleurs&hellip;\n","protected":false},"author":2,"featured_media":646628,"comment_status":"","ping_status":"","sticky":false,"template":"","format":"standard","meta":{"footnotes":""},"categories":[1358],"tags":[1348,1384,1385,4523,4397,1386,58,59,1011,27,2142,3552],"class_list":{"0":"post-646627","1":"post","2":"type-post","3":"status-publish","4":"format-standard","5":"has-post-thumbnail","7":"category-arts-et-design","8":"tag-arts","9":"tag-arts-and-design","10":"tag-arts-et-design","11":"tag-conseils-pratiques","12":"tag-decoration","13":"tag-design","14":"tag-divertissement","15":"tag-entertainment","16":"tag-fr","17":"tag-france","18":"tag-maison","19":"tag-seniors"},"share_on_mastodon":{"url":"https:\/\/pubeurope.com\/@fr\/115852789875274423","error":""},"_links":{"self":[{"href":"https:\/\/www.europesays.com\/fr\/wp-json\/wp\/v2\/posts\/646627","targetHints":{"allow":["GET"]}}],"collection":[{"href":"https:\/\/www.europesays.com\/fr\/wp-json\/wp\/v2\/posts"}],"about":[{"href":"https:\/\/www.europesays.com\/fr\/wp-json\/wp\/v2\/types\/post"}],"author":[{"embeddable":true,"href":"https:\/\/www.europesays.com\/fr\/wp-json\/wp\/v2\/users\/2"}],"replies":[{"embeddable":true,"href":"https:\/\/www.europesays.com\/fr\/wp-json\/wp\/v2\/comments?post=646627"}],"version-history":[{"count":0,"href":"https:\/\/www.europesays.com\/fr\/wp-json\/wp\/v2\/posts\/646627\/revisions"}],"wp:featuredmedia":[{"embeddable":true,"href":"https:\/\/www.europesays.com\/fr\/wp-json\/wp\/v2\/media\/646628"}],"wp:attachment":[{"href":"https:\/\/www.europesays.com\/fr\/wp-json\/wp\/v2\/media?parent=646627"}],"wp:term":[{"taxonomy":"category","embeddable":true,"href":"https:\/\/www.europesays.com\/fr\/wp-json\/wp\/v2\/categories?post=646627"},{"taxonomy":"post_tag","embeddable":true,"href":"https:\/\/www.europesays.com\/fr\/wp-json\/wp\/v2\/tags?post=646627"}],"curies":[{"name":"wp","href":"https:\/\/api.w.org\/{rel}","templated":true}]}}