{"id":646631,"date":"2026-01-07T08:09:10","date_gmt":"2026-01-07T08:09:10","guid":{"rendered":"https:\/\/www.europesays.com\/fr\/646631\/"},"modified":"2026-01-07T08:09:10","modified_gmt":"2026-01-07T08:09:10","slug":"il-ma-traite-de","status":"publish","type":"post","link":"https:\/\/www.europesays.com\/fr\/646631\/","title":{"rendered":"\u00ab Il m&rsquo;a trait\u00e9 de&#8230; \u00bb"},"content":{"rendered":"<p>Ces derniers jours, Jean-Jacques Goldman est partout. Discret<br \/>\ndepuis des ann\u00e9es, le chanteur continue pourtant de fasciner les<br \/>\nFran\u00e7ais. Ce dimanche 4 janvier 2026, France 2 lui a m\u00eame consacr\u00e9<br \/>\n<strong>une \u00e9dition sp\u00e9ciale<\/strong> de 20h30 en f\u00eates, juste<br \/>\napr\u00e8s le JT de 20 heures pr\u00e9sent\u00e9 par Sonia Chironi, avec Laurent<br \/>\nDelahousse aux commandes. L\u2019\u00e9mission a rencontr\u00e9 un \u00e9norme succ\u00e8s.<br \/>\nEn moyenne, 5,18 millions de t\u00e9l\u00e9spectateurs \u00e9taient au rendez-vous<br \/>\nentre 20h30 et 20h58, soit 24,8 % de part de march\u00e9, avec un pic \u00e0<br \/>\n5,7 millions. <strong>Un record pour le programme<\/strong> depuis<br \/>\nd\u00e9cembre 2024. Une preuve suppl\u00e9mentaire de l\u2019attachement intact du<br \/>\npublic \u00e0 Jean-Jacques Goldman.<\/p>\n<p>15 ans au sommet : Jean-Jacques Goldman encore sacr\u00e9<br \/>\npersonnalit\u00e9 pr\u00e9f\u00e9r\u00e9e<\/p>\n<p>Et \u00e7a ne s\u2019arr\u00eate pas l\u00e0. Comme chaque ann\u00e9e, le Journal du<br \/>\nDimanche a d\u00e9voil\u00e9 son classement des personnalit\u00e9s pr\u00e9f\u00e9r\u00e9es des<br \/>\nFran\u00e7ais. Et sans surprise, Jean-Jacques Goldman <strong>tr\u00f4ne une<br \/>\nnouvelle fois en t\u00eate.<\/strong> Cela fait d\u00e9sormais 15 ann\u00e9es<br \/>\ncons\u00e9cutives qu\u2019il occupe la premi\u00e8re place. Un exploit qui le<br \/>\nrapproche du record de l\u2019abb\u00e9 Pierre, rest\u00e9 num\u00e9ro un pendant 16<br \/>\nans. Nul doute que ce dernier <a href=\"https:\/\/www.melty.fr\/people\/abbe-pierre-il-met-sa-main-sur-mes-parties-intimes-une-victime-presumee-temoigne-de-lhorreur-a-8-ans-2228721.html\" target=\"_blank\" rel=\"noopener\"><br \/>\nn\u2019a plus sa place dans le classement d\u00e9sormais.<\/a><\/p>\n<p>Un succ\u00e8s d\u2019autant plus impressionnant que le chanteur<br \/>\n<strong>n\u2019a pas sorti d\u2019album depuis 2003<\/strong> et ne monte plus<br \/>\nsur sc\u00e8ne depuis longtemps. Sa grande discr\u00e9tion semble m\u00eame<br \/>\nrenforcer sa popularit\u00e9. Sur le podium, il est accompagn\u00e9 cette<br \/>\nann\u00e9e par Zin\u00e9dine Zidane, deuxi\u00e8me, et par une figure du cin\u00e9ma<br \/>\nfran\u00e7ais d\u00e9sormais install\u00e9e \u00e0 Hollywood : Omar Sy.<\/p>\n<p>Jacques Dutronc face \u00e0 Jean-Jacques Goldman : une rencontre<br \/>\nartistique qui a tourn\u00e9 court<\/p>\n<p>Mais si Jean-Jacques Goldman est ador\u00e9 du public, il n\u2019a pas<br \/>\nfait l\u2019unanimit\u00e9 chez tous ses pairs. Jacques Dutronc, figure<br \/>\nincontournable de la chanson fran\u00e7aise, <strong>n\u2019a jamais cach\u00e9 sa<br \/>\ndiff\u00e9rence.<\/strong> Talentueux, charismatique, \u00e9l\u00e9gant,<br \/>\nl\u2019octog\u00e9naire a toujours men\u00e9 sa carri\u00e8re \u00e0 sa fa\u00e7on, loin des<br \/>\nm\u00e9thodes industrielles. D\u2019ailleurs, une autre star n\u2019a <a href=\"https:\/\/www.melty.fr\/people\/jean-jacques-goldman-loin-des-projecteurs-ce-qui-ma-frappe-cest-sa-vie-discrete-dans-une-villa-a-marseille-2286846.html\" target=\"_blank\" rel=\"noopener\"><br \/>\npas appr\u00e9ci\u00e9 sa collaboration avec le directeur de la Star<br \/>\nAcademy.<\/a><\/p>\n<p>Dans une interview accord\u00e9e il y a quelques ann\u00e9es au Journal du<br \/>\nDimanche, celui que l\u2019on surnomme la \u00ab Vieille Canaille \u00bb assumait<br \/>\npleinement sa r\u00e9putation : <strong>\u00ab Il para\u00eet que je suis<br \/>\nparesseux,<\/strong> et tant mieux. \u00bb. Une \u00e9tiquette qu\u2019il<br \/>\nporte sans complexe\u2026 sauf quand elle vient de Jean-Jacques Goldman.<br \/>\nJacques Dutronc a racont\u00e9 la seule et unique fois o\u00f9 il a envisag\u00e9<br \/>\nune collaboration avec Jean-Jacques Goldman. C\u2019\u00e9tait au d\u00e9but des<br \/>\nann\u00e9es 1990. Le projet semblait prometteur : Jean-Jacques Goldman<br \/>\navait pr\u00e9par\u00e9 un dossier complet, avec <strong>des chansons<br \/>\nsoigneusement travaill\u00e9es.<\/strong><\/p>\n<p>\u00ab\u00a0Tu es paresseux, travaille<br \/>\n!\u00a0\u00bb : la phrase du chanteur que Jacques Dutronc n\u2019a jamais<br \/>\noubli\u00e9e<\/p>\n<p>Mais tr\u00e8s vite, <strong>le courant ne passe pas.<\/strong> \u00ab<br \/>\nLe dernier qui m\u2019a trait\u00e9 de paresseux, c\u2019est Jean-Jacques Goldman<br \/>\n\u00bb, a racont\u00e9 Jacques Dutronc. \u00ab Il m\u2019avait fait tout un<br \/>\ndossier de tr\u00e8s belles chansons, tr\u00e8s bien r\u00e9alis\u00e9es. Mais je<br \/>\nn\u2019avais pas envie de faire les choses comme \u00e7a. \u00bb. La phrase<br \/>\nqui a mis le feu aux poudres ? \u00ab Mais tu es paresseux,<br \/>\ntravaille ! \u00bb, lui aurait lanc\u00e9 Jean-Jacques Goldman apr\u00e8s un<br \/>\nconcert au Casino de Paris. Une remarque que Jacques Dutronc<br \/>\n<strong>n\u2019a visiblement jamais dig\u00e9r\u00e9e.<\/strong><\/p>\n<p>Derri\u00e8re cette tension, ce sont surtout deux fa\u00e7ons de cr\u00e9er<br \/>\n<strong>qui s\u2019opposent.<\/strong> D\u2019un c\u00f4t\u00e9, Jean-Jacques Goldman,<br \/>\nperfectionniste, structur\u00e9, attach\u00e9 \u00e0 un travail millim\u00e9tr\u00e9. De<br \/>\nl\u2019autre, Jacques Dutronc, instinctif, libre, presque boh\u00e8me. Pour<br \/>\nce dernier, l\u2019id\u00e9e m\u00eame de \u00ab fabriquer \u00bb une chanson est<br \/>\ninconcevable. \u00ab Pour moi, le travail associ\u00e9 \u00e0 la chanson,<br \/>\n<strong>c\u2019est fabriqu\u00e9. Fabriqu\u00e9 !<br \/>\n\u00bb<\/strong><strong>,<\/strong> explique-t-il.\u00a0\u00ab<br \/>\nFais-moi une chanson d\u2019amour\u2026 Non. Une chanson fabriqu\u00e9e, ce n\u2019est<br \/>\npas possible pour moi. \u00bb. Face \u00e0 cette philosophie, la<br \/>\ncollaboration avec Jean-Jacques Goldman \u00e9tait <strong>vou\u00e9e \u00e0<br \/>\nl\u2019\u00e9chec.<\/strong> Avec le recul, cette rencontre manqu\u00e9e fait<br \/>\npartie de ces grandes histoires inachev\u00e9es de la musique fran\u00e7aise.<br \/>\nDeux monstres sacr\u00e9s, deux talents immenses, mais des univers<br \/>\nincompatibles.<\/p>\n","protected":false},"excerpt":{"rendered":"Ces derniers jours, Jean-Jacques Goldman est partout. Discret depuis des ann\u00e9es, le chanteur continue pourtant de fasciner les&hellip;\n","protected":false},"author":2,"featured_media":646632,"comment_status":"","ping_status":"","sticky":false,"template":"","format":"standard","meta":{"footnotes":""},"categories":[1355],"tags":[58,59,1011,27,7195,1361,873,65861],"class_list":{"0":"post-646631","1":"post","2":"type-post","3":"status-publish","4":"format-standard","5":"has-post-thumbnail","7":"category-musique","8":"tag-divertissement","9":"tag-entertainment","10":"tag-fr","11":"tag-france","12":"tag-jean-jacques-goldman","13":"tag-music","14":"tag-musique","15":"tag-trend"},"share_on_mastodon":{"url":"https:\/\/pubeurope.com\/@fr\/115852802053756520","error":""},"_links":{"self":[{"href":"https:\/\/www.europesays.com\/fr\/wp-json\/wp\/v2\/posts\/646631","targetHints":{"allow":["GET"]}}],"collection":[{"href":"https:\/\/www.europesays.com\/fr\/wp-json\/wp\/v2\/posts"}],"about":[{"href":"https:\/\/www.europesays.com\/fr\/wp-json\/wp\/v2\/types\/post"}],"author":[{"embeddable":true,"href":"https:\/\/www.europesays.com\/fr\/wp-json\/wp\/v2\/users\/2"}],"replies":[{"embeddable":true,"href":"https:\/\/www.europesays.com\/fr\/wp-json\/wp\/v2\/comments?post=646631"}],"version-history":[{"count":0,"href":"https:\/\/www.europesays.com\/fr\/wp-json\/wp\/v2\/posts\/646631\/revisions"}],"wp:featuredmedia":[{"embeddable":true,"href":"https:\/\/www.europesays.com\/fr\/wp-json\/wp\/v2\/media\/646632"}],"wp:attachment":[{"href":"https:\/\/www.europesays.com\/fr\/wp-json\/wp\/v2\/media?parent=646631"}],"wp:term":[{"taxonomy":"category","embeddable":true,"href":"https:\/\/www.europesays.com\/fr\/wp-json\/wp\/v2\/categories?post=646631"},{"taxonomy":"post_tag","embeddable":true,"href":"https:\/\/www.europesays.com\/fr\/wp-json\/wp\/v2\/tags?post=646631"}],"curies":[{"name":"wp","href":"https:\/\/api.w.org\/{rel}","templated":true}]}}