{"id":646635,"date":"2026-01-07T08:11:24","date_gmt":"2026-01-07T08:11:24","guid":{"rendered":"https:\/\/www.europesays.com\/fr\/646635\/"},"modified":"2026-01-07T08:11:24","modified_gmt":"2026-01-07T08:11:24","slug":"ces-chercheurs-americains-ont-decouvert-une-particularite-cerebrale-chez-des-personnes-atteintes-dautisme","status":"publish","type":"post","link":"https:\/\/www.europesays.com\/fr\/646635\/","title":{"rendered":"Ces chercheurs am\u00e9ricains ont d\u00e9couvert une particularit\u00e9 c\u00e9r\u00e9brale chez des personnes atteintes d\u2019autisme"},"content":{"rendered":"<p>En octobre 2025, l\u2019Universit\u00e9 d\u2019Oxford nous prouvait que le trouble du spectre de l\u2019autisme (TSA) \u00e9tait <a href=\"https:\/\/www.presse-citron.net\/lautisme-effet-secondaire-levolution-cerveau\/\" target=\"_blank\" rel=\"noopener\">un effet secondaire de la s\u00e9lection naturelle<\/a>, mettant le doigt sur le pourquoi de cette condition affectant un million de personnes en France. Restait encore \u00e0 d\u00e9couvrir<strong> comment celle-ci pouvait se d\u00e9velopper<\/strong>, un immense chantier m\u00e9dical entrepris dans les ann\u00e9es 1940.<\/p>\n<p>Une \u00e9tude pionni\u00e8re de la Yale School of Medicine, publi\u00e9e le 9 d\u00e9cembre 2025 dans <a href=\"https:\/\/psychiatryonline.org\/doi\/10.1176\/appi.ajp.20241084?url_ver=Z39.88-2003&amp;rfr_id=ori:rid:crossref.org&amp;rfr_dat=cr_pub%20%200pubmed\" target=\"_blank\" rel=\"false noopener\">la revue The American Journal of Psychiatry<\/a>, vient justement <strong>d\u2019identifier qu\u2019il existait une diff\u00e9rence mol\u00e9culaire<\/strong> entre <a href=\"https:\/\/www.presse-citron.net\/idiots-smartphone-retrecir-votre-cerveau-science-dit\/\" target=\"_blank\" rel=\"noopener\">le cerveau<\/a> d\u2019une personne atteinte de ce trouble par rapport \u00e0 une personne dite neurotypique. Ce, gr\u00e2ce \u00e0 des technologies d\u2019imagerie de pointe (l\u2019IRM et la Tomographie par \u00c9mission de Positons) qui n\u2019avait jamais \u00e9t\u00e9 utilis\u00e9es dans ce but pr\u00e9cis. C\u2019est une acc\u00e9l\u00e9ration spectaculaire\u00a0: nous avons fait plus de progr\u00e8s en quelques mois qu\u2019en 80 ans de recherches, qui t\u00e2tonnaient parfois dans le mauvais sens.<\/p>\n<p> Le cerveau sans frein\u00a0: un d\u00e9s\u00e9quilibre chimique qui sature les neurones <\/p>\n<p>Pour traiter l\u2019information correctement, notre cerveau maintient <strong>une balance constante entre deux processus oppos\u00e9s\u00a0: l\u2019excitation et l\u2019inhibition<\/strong>. Une dynamique principalement coordonn\u00e9e par le glutamate, le neurotransmetteur excitateur le plus abondant du syst\u00e8me nerveux. Il est possible de le comparer \u00e0 un courant \u00e9lectrique qui circule dans une machine, puisque c\u2019est lui qui ordonne aux neurones de s\u2019activer pour transmettre une pens\u00e9e ou une sensation.<\/p>\n<p>Cependant, pour \u00e9viter la surchauffe, ce flux doit \u00eatre canalis\u00e9 par une vingtaine de r\u00e9cepteurs, dont un baptis\u00e9 mGlu5, qui agissent comme des r\u00e9gulateurs de tension. L\u2019\u00e9tude de Yale r\u00e9v\u00e8le que chez les personnes atteintes de TSA, <strong>les r\u00e9cepteurs mGlu5 sont en sous-nombre et ne peuvent plus mod\u00e9rer le flux excitateur<\/strong>.<\/p>\n<p>Il sature donc les circuits neuronaux sans \u00eatre frein\u00e9, provoquant ainsi une surcharge sensorielle que le cerveau n\u2019arrive pas \u00e0 encaisser, car il manque de sites de liaison mol\u00e9culaires pour en moduler l\u2019impact. Pour les personnes souffrant de ce trouble, l\u2019information ext\u00e9rieure qui leur parvient est la m\u00eame que les personnes neurotypiques, <strong>elle est simplement amplifi\u00e9e par un syst\u00e8me de r\u00e9ception d\u00e9faillant<\/strong>.<\/p>\n<p>C\u2019est pourquoi des stimuli quotidiens (lumi\u00e8re un peu trop forte ou gr\u00e9sillante, brouhaha d\u2019une foule, \u00e9tiquette de v\u00eatement qui gratte), qui sont filtr\u00e9s \u00ab\u00a0normalement\u00a0\u00bb par un cerveau neurotypique ne peuvent pas l\u2019\u00eatre pour un cerveau neuroatypique. Lui les re\u00e7oit \u00e0 pleine puissance, sans sourdine, et chez certaines personnes atteintes de TSA, <strong>cette surabondance de sollicitations externes peut \u00eatre tr\u00e8s agressive, voire invivable<\/strong>.<\/p>\n<p>\u00ab\u00a0Nous avons mis le doigt sur une diff\u00e9rence biologique majeure, rest\u00e9e invisible jusqu\u2019ici. C\u2019est une avanc\u00e9e concr\u00e8te qui change radicalement notre compr\u00e9hension de l\u2019autisme et ouvre de nouvelles pistes pour mieux accompagner les patients\u00a0\u00bb, explique le Dr James McPartland, co-auteur principal de l\u2019\u00e9tude.<\/p>\n<p>Si cette \u00e9tude a n\u00e9cessit\u00e9 l\u2019utilisation de scanners on\u00e9reux et lourds, comme la Tomographie par \u00c9mission de Positons (TEP), les chercheurs ont aussi d\u00e9montr\u00e9 que cette diff\u00e9rence \u00e9tait visible via un simple <a href=\"https:\/\/www.presse-citron.net\/lelectroencephalogramme-a-100-ans-comment-cette-technologie-a-change-la-science\/\" target=\"_blank\" rel=\"noopener\">EEG (\u00e9lectroenc\u00e9phalogramme)<\/a>. Une technologie bien plus abordable, qui pourrait, \u00e0 terme, <strong>rep\u00e9rer ces biomarqueurs afin d\u2019\u00e9tablir des diagnostics plus rapides<\/strong>. \u00ab\u00a0L\u2019EEG ne remplacera pas totalement le TEP scan, mais il pourrait nous aider \u00e0 comprendre comment ces r\u00e9cepteurs de glutamate influencent l\u2019activit\u00e9 c\u00e9r\u00e9brale d\u2019un individu en temps r\u00e9el\u00a0\u00bb, explique Adam Naples, co-auteur de l\u2019\u00e9tude.<\/p>\n<p>Trouver un \u00ab\u00a0rem\u00e8de\u00a0\u00bb au TSA n\u2019est pas ici l\u2019enjeu\u00a0: <strong>nous ne pourrons jamais changer qui sont ces personnes<\/strong>, mais il sera possible de <strong>mieux comprendre comment elles fonctionnent de l\u2019int\u00e9rieur<\/strong>. Par exemple, identifier pr\u00e9cocement ce trouble chez un enfant ainsi que son hypersensibilit\u00e9 sensorielle permettra peut-\u00eatre de <strong>mieux adapter sa vie \u00e0 l\u2019\u00e9cole ou son foyer<\/strong> avant qu\u2019il ne s\u2019\u00e9puise \u00e0 essayer de dompter un vacarme qu\u2019il est seul \u00e0 entendre. Ce n\u2019est qu\u2019un exemple parmi tant d\u2019autres que cette d\u00e9couverte permet d\u2019envisager, en donnant <strong>un cadre explicatif biologique \u00e0 des exp\u00e9riences personnelles<\/strong>, qui \u00e9taient, jusqu\u2019\u00e0 aujourd\u2019hui, tr\u00e8s complexes \u00e0 objectiver. Il reste n\u00e9anmoins encore <strong>une inconnue, que reconna\u00eet volontiers McPartland<\/strong> : \u00ab\u00a0L\u2019objectif est d\u00e9sormais de retracer le d\u00e9veloppement du cerveau pour d\u00e9terminer si ce que nous observons est \u00e0 l\u2019origine de l\u2019autisme, ou s\u2019il s\u2019agit d\u2019une transformation neurologique li\u00e9e au fait de vivre toute sa vie avec l\u2019autisme\u00a0\u00bb. <a href=\"https:\/\/www.presse-citron.net\/cet-organisme-unicellulaire-pourrait-resoudre-lenigme-de-loeuf-et-de-la-poule\/\" target=\"_blank\" rel=\"noopener\">La question de l\u2019\u0153uf et de la poule<\/a>, en somme, qui d\u00e9montre que cette \u00e9tude, aussi importante soit-elle, ne saurait r\u00e9pondre \u00e0 elle seule \u00e0\u00a0l\u2019ensemble des interrogations <strong>que pose encore le d\u00e9veloppement c\u00e9r\u00e9bral dans le cadre du TSA<\/strong>.<\/p>\n<ul class=\"tldr\">\n<li>Des chercheurs de Yale ont identifi\u00e9 une diff\u00e9rence mol\u00e9culaire dans le cerveau des personnes atteintes de TSA, r\u00e9v\u00e9lant un d\u00e9s\u00e9quilibre chimique li\u00e9 aux r\u00e9cepteurs de glutamate.<\/li>\n<li>Cette avanc\u00e9e permettrait de mieux comprendre l\u2019autisme et d\u2019envisager des diagnostics plus rapides gr\u00e2ce \u00e0 des technologies comme l\u2019EEG.<\/li>\n<li>L\u2019\u00e9tude souligne l\u2019importance de mieux adapter les environnements des personnes autistes face \u00e0 leur hypersensibilit\u00e9 sensorielle.<\/li>\n<\/ul>\n<blockquote>\n<p class=\"text-base text-neutral-700 dark:text-neutral-300\">\ud83d\udccd Pour ne manquer aucune actualit\u00e9 de Presse-citron, suivez-nous sur <a href=\"https:\/\/news.google.com\/publications\/CAAqBggKMIPiNTC70wU?hl=fr&amp;gl=FR&amp;ceid=FR%3Afr\" target=\"_blank\" rel=\"noopener\">Google Actualit\u00e9s<\/a> et <a href=\"https:\/\/whatsapp.com\/channel\/0029VaCkGuz4NViitBXbEr0b\" target=\"_blank\" rel=\"noopener\">WhatsApp<\/a>.<\/p>\n<\/blockquote>\n<p>            <img decoding=\"async\" src=\"https:\/\/www.europesays.com\/fr\/wp-content\/uploads\/2025\/03\/tous-anti-covid.png\" alt=\"TousAntiCovid\" loading=\"lazy\"\/>                            <\/p>\n","protected":false},"excerpt":{"rendered":"En octobre 2025, l\u2019Universit\u00e9 d\u2019Oxford nous prouvait que le trouble du spectre de l\u2019autisme (TSA) \u00e9tait un effet&hellip;\n","protected":false},"author":2,"featured_media":646636,"comment_status":"","ping_status":"","sticky":false,"template":"","format":"standard","meta":{"footnotes":""},"categories":[10],"tags":[328,1011,27,72,224,71,43],"class_list":{"0":"post-646635","1":"post","2":"type-post","3":"status-publish","4":"format-standard","5":"has-post-thumbnail","7":"category-sante","8":"tag-a-la-une","9":"tag-fr","10":"tag-france","11":"tag-health","12":"tag-medecine","13":"tag-sante","14":"tag-science"},"share_on_mastodon":{"url":"https:\/\/pubeurope.com\/@fr\/115852809659603651","error":""},"_links":{"self":[{"href":"https:\/\/www.europesays.com\/fr\/wp-json\/wp\/v2\/posts\/646635","targetHints":{"allow":["GET"]}}],"collection":[{"href":"https:\/\/www.europesays.com\/fr\/wp-json\/wp\/v2\/posts"}],"about":[{"href":"https:\/\/www.europesays.com\/fr\/wp-json\/wp\/v2\/types\/post"}],"author":[{"embeddable":true,"href":"https:\/\/www.europesays.com\/fr\/wp-json\/wp\/v2\/users\/2"}],"replies":[{"embeddable":true,"href":"https:\/\/www.europesays.com\/fr\/wp-json\/wp\/v2\/comments?post=646635"}],"version-history":[{"count":0,"href":"https:\/\/www.europesays.com\/fr\/wp-json\/wp\/v2\/posts\/646635\/revisions"}],"wp:featuredmedia":[{"embeddable":true,"href":"https:\/\/www.europesays.com\/fr\/wp-json\/wp\/v2\/media\/646636"}],"wp:attachment":[{"href":"https:\/\/www.europesays.com\/fr\/wp-json\/wp\/v2\/media?parent=646635"}],"wp:term":[{"taxonomy":"category","embeddable":true,"href":"https:\/\/www.europesays.com\/fr\/wp-json\/wp\/v2\/categories?post=646635"},{"taxonomy":"post_tag","embeddable":true,"href":"https:\/\/www.europesays.com\/fr\/wp-json\/wp\/v2\/tags?post=646635"}],"curies":[{"name":"wp","href":"https:\/\/api.w.org\/{rel}","templated":true}]}}