{"id":646640,"date":"2026-01-07T08:14:20","date_gmt":"2026-01-07T08:14:20","guid":{"rendered":"https:\/\/www.europesays.com\/fr\/646640\/"},"modified":"2026-01-07T08:14:20","modified_gmt":"2026-01-07T08:14:20","slug":"plus-fort-que-liphone-air-motorola-devoile-le-signature-le-smartphone-ultra-fin-qui-ne-sacrifie-rien-frandroid","status":"publish","type":"post","link":"https:\/\/www.europesays.com\/fr\/646640\/","title":{"rendered":"Plus fort que l&rsquo;iPhone Air ? Motorola d\u00e9voile le Signature, le smartphone ultra-fin qui ne sacrifie rien \u2014 Frandroid"},"content":{"rendered":"<p>\u00c0 l\u2019occasion du CES 2026, Motorola d\u00e9voile son mod\u00e8le Signature. Ce smartphone inaugure une nouvelle gamme ultra-premium qui mise sur une finesse extr\u00eame de 6,99 mm sans pour autant sacrifier l\u2019\u00e9quipement photographique ni l\u2019autonomie.<\/p>\n<p><a target=\"_blank\" href=\"https:\/\/images.frandroid.com\/wp-content\/uploads\/2026\/01\/motorola-signature-martini-olive-grande.jpeg\" class=\"article-content__figure\" rel=\"noopener\"><img fetchpriority=\"high\" decoding=\"async\" loading=\"eager\" width=\"1200\" height=\"1200\" src=\"https:\/\/www.europesays.com\/fr\/wp-content\/uploads\/2026\/01\/motorola-signature-martini-olive-grande.jpeg\" alt=\"\" class=\"wp-image-2932011 wp-image wp-image\"  \/><\/a>Motorola Signature \/\/ Source : Motorola<\/p>\n<p>Motorola entend bien bousculer la hi\u00e9rarchie du haut de gamme. En ce d\u00e9but d\u2019ann\u00e9e, la marque annonce le <strong>Motorola Signature<\/strong>, un appareil qui se positionne face \u00e0 des concurrents comme l\u2019iPhone Air ou le Galaxy S25 Edge en misant sur un compromis technique audacieux : \u00eatre un peu plus \u00e9pais, mais diablement mieux \u00e9quip\u00e9.<\/p>\n<p>Le pari de l\u2019\u00e9quilibre : finesse vs \u00e9quipement<\/p>\n<p>Dans la course au smartphone le plus fin du monde, Motorola a choisi de ne pas franchir la ligne du sacrifice technique. Avec une \u00e9paisseur de <strong>6,99 mm<\/strong>, le <strong>motorola signature<\/strong> s\u2019affiche comme \u00ab un poil plus \u00e9pais \u00bb que l\u2019<strong>iPhone 17 Air<\/strong> (5,6 mm) ou le <strong>Samsung Galaxy S25 Edge<\/strong> (5,8 mm).<\/p>\n<p>Cependant, cet embonpoint relatif de 1 mm lui permet d\u2019embarquer des composants que ses rivaux ont d\u00fb \u00e9carter. L\u00e0 o\u00f9 l\u2019iPhone Air se contente d\u2019un capteur unique et d\u2019une batterie de 3 149 mAh, Motorola int\u00e8gre une impressionnante batterie <strong>silicium-carbone<\/strong> de <strong>5 200 mAh<\/strong>. <\/p>\n<p>Le constructeur promet ainsi jusqu\u2019\u00e0 <strong>52 heures d\u2019autonomie<\/strong> et une recharge <strong>TurboPower de 90W<\/strong> capable de redonner une journ\u00e9e d\u2019\u00e9nergie en seulement 7 minutes. Et puis on a aussi du <strong>50W en sans-fil<\/strong> et de la recharge invers\u00e9e (10W sans-fil, 5W filaire) pour d\u00e9panner d\u2019autres accessoires.<\/p>\n<p>                <img decoding=\"async\" width=\"1200\" height=\"446\" loading=\"lazy\" alt=\"Box partner \u2013 Samsung Galaxy S25 Ultra \u2013 Awards\" title=\"Box partner \u2013 Samsung Galaxy S25 Ultra \u2013 Awards\" class=\"is-radiusless placeholder-default wp-image\" src=\"https:\/\/www.europesays.com\/fr\/wp-content\/uploads\/2026\/01\/box-partner-samsung-galaxy-s25-ultra-awards-1-1200x446.jpg\" \/>            <\/p>\n<p>\n                    \u00ab Le Galaxy S25 Ultra est tout simplement bon partout \u00bb                <\/p>\n<p class=\"has-text-weight-medium is-size-6 is-line-height-normal\">\n                    Design, \u00e9cran, suivi logiciel, fonctions IA, qualit\u00e9 photo, autonomie : le Samsung Galaxy S25 Ultra est le meilleur smartphone de l\u2019ann\u00e9e 2025 selon Frandroid. Profitez de 273,05 \u20ac de remise chez Samsung.                <\/p>\n<p>Un design millim\u00e9tr\u00e9 et une robustesse certifi\u00e9e<\/p>\n<p>Motorola n\u2019obtient pas sa finesse au d\u00e9triment de la solidit\u00e9. Il annonce une protection <strong>IP68 et IP69<\/strong>, garantissant une r\u00e9sistance aux immersions jusqu\u2019\u00e0 1,5 m\u00e8tre ainsi qu\u2019aux jets d\u2019eau haute pression et haute temp\u00e9rature. L\u2019appareil r\u00e9pond \u00e9galement aux standards militaires <strong>MIL-STD-810H<\/strong> apr\u00e8s avoir pass\u00e9 14 proc\u00e9dures de test. <\/p>\n<p><a target=\"_blank\" href=\"https:\/\/images.frandroid.com\/wp-content\/uploads\/2026\/01\/motorola-signature-gorilla-grande.jpeg\" class=\"article-content__figure\" rel=\"noopener\"><img loading=\"lazy\" decoding=\"async\" width=\"1200\" height=\"1200\" src=\"https:\/\/www.europesays.com\/fr\/wp-content\/uploads\/2026\/01\/motorola-signature-gorilla-grande-1200x1200.jpeg\" alt=\"\" class=\"wp-image-2932009 wp-image\"  \/><\/a>Motorola Signature \/\/ Source : Motorola<\/p>\n<p>L\u2019\u00e9cran de <strong>6,8 pouces Extreme AMOLED<\/strong>, capable d\u2019atteindre une luminosit\u00e9 de pointe de <strong>6200 nits<\/strong>, est quant \u00e0 lui prot\u00e9g\u00e9 par du verre <strong>Corning Gorilla Glass Victus 2<\/strong>.<\/p>\n<p>Snapdragon 8 Gen 5 et refroidissement liquide<\/p>\n<p>Sous le capot, le smartphone embarque la plateforme <strong>Snapdragon 8 Gen 5<\/strong>, grav\u00e9e en <strong>3 nm<\/strong>. Pour maintenir les performances de ce processeur (cadenc\u00e9 jusqu\u2019\u00e0 3,8 GHz) sans surchauffe dans un bo\u00eetier aussi fin, Motorola introduit un syst\u00e8me de <strong>refroidissement par m\u00e9tal liquide \u00e0 maille de cuivre<\/strong>.<\/p>\n<p>C\u00f4t\u00e9 m\u00e9moire, deux configurations sont propos\u00e9es : <strong>12 Go ou 16 Go de RAM LPDDR5X<\/strong>, \u00e9paul\u00e9es par un stockage <strong>UFS 4.1<\/strong> allant de <strong>256 Go \u00e0 1 To<\/strong>. Motorola s\u2019aligne \u00e9galement sur les standards de durabilit\u00e9 logicielle avec une promesse de <strong>sept ans de mises \u00e0 jour<\/strong> de l\u2019OS Android et de s\u00e9curit\u00e9.<\/p>\n<p><a target=\"_blank\" href=\"https:\/\/images.frandroid.com\/wp-content\/uploads\/2026\/01\/motorola-signature-grande.jpeg\" class=\"article-content__figure\" rel=\"noopener\"><img loading=\"lazy\" decoding=\"async\" width=\"1200\" height=\"1200\" src=\"https:\/\/www.europesays.com\/fr\/wp-content\/uploads\/2026\/01\/motorola-signature-grande-1200x1200.jpeg\" alt=\"\" class=\"wp-image-2932019 wp-image\"  \/><\/a>Motorola Signature \/\/ Source : Motorola<\/p>\n<p>Quatre capteurs de 50 MP, dont un t\u00e9l\u00e9objectif p\u00e9riscopique<\/p>\n<p>La partie photo est l\u2019autre grand argument de ce mod\u00e8le. Contrairement \u00e0 certains concurrents ultra-fins qui font l\u2019impasse sur le zoom, le <strong>motorola signature<\/strong> int\u00e8gre un <strong>t\u00e9l\u00e9objectif p\u00e9riscopique de 50 MP<\/strong> offrant un zoom optique <strong>3x<\/strong> et un \u00ab Super Zoom \u00bb montant jusqu\u2019\u00e0 <strong>100x<\/strong>.<\/p>\n<p>L\u2019\u00e9quipement complet se compose de :<\/p>\n<ul class=\"wp-block-list\">\n<li>Un capteur principal de <strong>50 MP (Sony LYTIA 828)<\/strong> avec ouverture f\/1.6 et stabilisation optique (OIS).<\/li>\n<li>Un ultra grand-angle de <strong>50 MP<\/strong> (122\u00b0) faisant office de macro.<\/li>\n<li>Le t\u00e9l\u00e9objectif p\u00e9riscopique de <strong>50 MP (Sony LYTIA 600)<\/strong>.<\/li>\n<li>Une cam\u00e9ra selfie de <strong>50 MP (Sony LYTIA 500)<\/strong> avec autofocus.<\/li>\n<\/ul>\n<p>Cet ensemble a d\u00e9j\u00e0 re\u00e7u le <strong>label Gold de DXOMARK<\/strong>. La vid\u00e9o n\u2019est pas en reste avec un support de la <strong>8K \u00e0 30 fps<\/strong> et du <strong>Dolby Vision<\/strong>.<\/p>\n<p><a target=\"_blank\" href=\"https:\/\/images.frandroid.com\/wp-content\/uploads\/2026\/01\/motorola-signature-carbon-backside-grande.jpeg\" class=\"article-content__figure\" rel=\"noopener\"><img loading=\"lazy\" decoding=\"async\" width=\"516\" height=\"516\" src=\"https:\/\/www.europesays.com\/fr\/wp-content\/uploads\/2026\/01\/motorola-signature-carbon-backside-grande-edited.jpeg\" alt=\"\" class=\"wp-image-2932023 wp-image\"  \/><\/a>Motorola Signature \/\/ Source : Motorola<\/p>\n<p>Prix et disponibilit\u00e9<\/p>\n<p>Le <strong>Motorola Signature<\/strong> sera commercialis\u00e9 en Europe au tarif de <strong>999 \u20ac<\/strong>. Sa sortie devrait intervenir en f\u00e9vrier. Il sera propos\u00e9 en deux finitions Pantone : <strong>Martini Olive<\/strong> (texture type serg\u00e9) et <strong>Carbon<\/strong> (texture type lin).<\/p>\n<p>Le saviez-vous ? Google News vous permet de choisir vos m\u00e9dias. Ne passez pas \u00e0 c\u00f4t\u00e9 de <a href=\"https:\/\/news.google.com\/publications\/CAAqBggKMICKMDCuyQU?oc=3\" target=\"_blank\" rel=\"noopener\">Frandroid<\/a> et <a href=\"https:\/\/news.google.com\/publications\/CAAqBwgKMNO2ogkwmIaYAg?oc=3\" target=\"_blank\" rel=\"noopener\">Numerama<\/a>.<\/p>\n<p class=\"title\">\n            Retrouvez toutes les nouveaut\u00e9s du             <a href=\"https:\/\/www.frandroid.com\/events\/ces\" target=\"_blank\" rel=\"noopener\"><br \/>\n                CES 2026            <\/a>\n        <\/p>\n","protected":false},"excerpt":{"rendered":"\u00c0 l\u2019occasion du CES 2026, Motorola d\u00e9voile son mod\u00e8le Signature. Ce smartphone inaugure une nouvelle gamme ultra-premium qui&hellip;\n","protected":false},"author":2,"featured_media":646641,"comment_status":"","ping_status":"","sticky":false,"template":"","format":"standard","meta":{"footnotes":""},"categories":[7],"tags":[1011,27,75227,43,40,41,39,42,44],"class_list":{"0":"post-646640","1":"post","2":"type-post","3":"status-publish","4":"format-standard","5":"has-post-thumbnail","7":"category-sciences-et-technologies","8":"tag-fr","9":"tag-france","10":"tag-motorola-signature","11":"tag-science","12":"tag-science-and-technology","13":"tag-sciences","14":"tag-sciences-et-technologies","15":"tag-technologies","16":"tag-technology"},"share_on_mastodon":{"url":"https:\/\/pubeurope.com\/@fr\/115852821604467059","error":""},"_links":{"self":[{"href":"https:\/\/www.europesays.com\/fr\/wp-json\/wp\/v2\/posts\/646640","targetHints":{"allow":["GET"]}}],"collection":[{"href":"https:\/\/www.europesays.com\/fr\/wp-json\/wp\/v2\/posts"}],"about":[{"href":"https:\/\/www.europesays.com\/fr\/wp-json\/wp\/v2\/types\/post"}],"author":[{"embeddable":true,"href":"https:\/\/www.europesays.com\/fr\/wp-json\/wp\/v2\/users\/2"}],"replies":[{"embeddable":true,"href":"https:\/\/www.europesays.com\/fr\/wp-json\/wp\/v2\/comments?post=646640"}],"version-history":[{"count":0,"href":"https:\/\/www.europesays.com\/fr\/wp-json\/wp\/v2\/posts\/646640\/revisions"}],"wp:featuredmedia":[{"embeddable":true,"href":"https:\/\/www.europesays.com\/fr\/wp-json\/wp\/v2\/media\/646641"}],"wp:attachment":[{"href":"https:\/\/www.europesays.com\/fr\/wp-json\/wp\/v2\/media?parent=646640"}],"wp:term":[{"taxonomy":"category","embeddable":true,"href":"https:\/\/www.europesays.com\/fr\/wp-json\/wp\/v2\/categories?post=646640"},{"taxonomy":"post_tag","embeddable":true,"href":"https:\/\/www.europesays.com\/fr\/wp-json\/wp\/v2\/tags?post=646640"}],"curies":[{"name":"wp","href":"https:\/\/api.w.org\/{rel}","templated":true}]}}