{"id":646646,"date":"2026-01-07T08:17:13","date_gmt":"2026-01-07T08:17:13","guid":{"rendered":"https:\/\/www.europesays.com\/fr\/646646\/"},"modified":"2026-01-07T08:17:13","modified_gmt":"2026-01-07T08:17:13","slug":"ramassage-scolaire-massivement-suspendu-sncf-avions-toutes-les-perturbations-a-prevoir","status":"publish","type":"post","link":"https:\/\/www.europesays.com\/fr\/646646\/","title":{"rendered":"ramassage scolaire massivement suspendu, SNCF, avions\u2026 Toutes les perturbations \u00e0 pr\u00e9voir"},"content":{"rendered":"<p>                    Par<br \/>\n        <strong><br \/>\n            <a href=\"https:\/\/actu.fr\/auteur\/redaction-actu\" title=\"Consulter tous les articles de R\u00e9daction Actu\" target=\"_blank\" rel=\"noopener\">R\u00e9daction Actu<\/a><br \/>\n                    <\/strong><\/p>\n<p>        Publi\u00e9 le<\/p>\n<p>            6 janv. 2026 \u00e0 19h47        <\/p>\n<p>De la neige en veux-tu en voil\u00e0. Et des <a href=\"https:\/\/actu.fr\/ile-de-france\/paris_75056\/meteo-neige-a-paris-et-en-ile-de-france-aeroports-routes-transports-les-perturbations-prevues-mercredi_63658947.html\" target=\"_blank\" rel=\"noopener\">perturbations qui vont avec dans les transports<\/a>. <strong>La cellule interminist\u00e9rielle de crise (CIC) a \u00e9t\u00e9 activ\u00e9e<\/strong> \u00e0 17\u2009h ce mardi 6\u00a0janvier 2026, \u00ab\u2009compte tenu de l\u2019importance de l\u2019\u00e9pisode neigeux et verglas annonc\u00e9\u2009\u00bb pour mercredi, a indiqu\u00e9 le minist\u00e8re de l\u2019Int\u00e9rieur.<\/p>\n<p class=\" wall-content\">Elle est pr\u00e9sid\u00e9e par <strong>le ministre de l\u2019Int\u00e9rieur <a href=\"https:\/\/actu.fr\/occitanie\/auch_32013\/laurent-nunez-ne-saisira-pas-non-plus-l-igpn-dans-l-affaire-de-l-agriculteur-mis-en-joue-par-la-police_63638278.html\" target=\"_blank\" rel=\"noopener\">Laurent Nu\u00f1ez<\/a><\/strong>, en pr\u00e9sence du <strong>ministre des Transports <a href=\"https:\/\/actu.fr\/centre-val-de-loire\/orleans_45234\/le-ministre-des-transports-philippe-tabarot-se-rend-a-orleans-pour-un-rendez-vous-d-importance_63366788.html\" target=\"_blank\" rel=\"noopener\">Philippe Tabarot<\/a> et de la ministre de la Sant\u00e9 St\u00e9phanie Rist<\/strong>, selon la place Beauvau.<\/p>\n<p class=\" wall-content\">Alors que les r\u00e9gions touch\u00e9es par la neige ont pr\u00e9f\u00e9r\u00e9 <a href=\"https:\/\/actu.fr\/societe\/neige-et-verglas-la-liste-de-tous-les-departements-ou-les-transports-scolaires-sont-annules-ce-mardi_63654917.html\" target=\"_blank\" rel=\"noopener\">annuler les transports scolaires<\/a> ce mardi, de <strong>nombreuses perturbations sont \u00e0 pr\u00e9voir dans les transports<\/strong> pour la journ\u00e9e de mercredi en raison d\u2019un nouvel <a href=\"https:\/\/actu.fr\/meteo\/encore-de-la-neige-et-du-verglas-attendus-en-france-les-nombreux-departements-en-vigilance-orange-mercredi_63658042.html\" target=\"_blank\" rel=\"noopener\">\u00e9pisode neigeux et des risques de verglas<\/a>.<\/p>\n<p>Dans les avions<\/p>\n<p class=\" wall-content\">Les compagnies a\u00e9riennes vont devoir renoncer \u00e0 une partie de leurs vols pr\u00e9vus mercredi matin dans les a\u00e9roports parisiens, a annonc\u00e9 mardi le ministre fran\u00e7ais des Transports Philippe Tabarot.<\/p>\n<p class=\" wall-content\">Ces annulations, rendues n\u00e9cessaires par les op\u00e9rations de d\u00e9neigement des pistes et de d\u00e9givrage des avions, concerneront environ <strong>40\u2009% des mouvements pr\u00e9vus entre 9\u2009h et 14\u2009h\u00a0\u00e0 Paris-Charles-de-Gaulle<\/strong>, le premier a\u00e9roport fran\u00e7ais, et <strong>25\u2009% entre 6\u2009h et 13\u2009h \u00e0 Orly, le deuxi\u00e8me<\/strong>, a pr\u00e9cis\u00e9 le ministre.<\/p>\n<p>Dans les trains<\/p>\n<p class=\" wall-content\">La SNCF a d\u2019ores et d\u00e9j\u00e0 annonc\u00e9 que <strong>son trafic allait \u00eatre perturb\u00e9 dans la journ\u00e9e de mercredi<\/strong>, sur l\u2019ensemble du r\u00e9seau.<\/p>\n<p>Votre r\u00e9gion, votre actu !<\/p>\n<p>Recevez chaque jour les infos qui comptent pour vous.<\/p>\n<p>\t<a href=\"https:\/\/actu.fr\/newsletter\" class=\"ac-btn ac-btn--corner ac-btn--medium ac-btn--blue800\" target=\"_blank\" rel=\"noopener\">S&rsquo;incrire<\/a><\/p>\n<p class=\" wall-content\">\u00ab\u2009La pr\u00e9sence de neige sur les voies nous contraint \u00e0 limiter la vitesse des trains, \u00e0 supprimer ou adapter les circulations pour les TGV INOUI et OUIGO\u2009\u00bb, peut-on lire sur <a href=\"https:\/\/www.sncf-connect.com\/trafficInfo\" target=\"_blank\" rel=\"noopener\">son site<\/a>.<\/p>\n<p class=\" wall-content\">Concernant les lignes r\u00e9gionales, il faut v\u00e9rifier directement sur le site de la SNCF. En sachant que les conditions peuvent \u00e9voluer tr\u00e8s vite.<\/p>\n<p>Sur les routes<\/p>\n<p class=\" wall-content\">Philippe Tabarot a \u00ab\u2009fortement conseill\u00e9\u2009\u00bb <strong>d\u2019\u00e9viter tout d\u00e9placement par route<\/strong> mercredi en \u00cele-de-France, en raison des abondantes chutes de neige pr\u00e9vues. Les intemp\u00e9ries ont fait, mardi, au moins cinq\u00a0<a style=\"caret-color: rgba(0, 0, 0, 0);\" href=\"https:\/\/actu.fr\/nouvelle-aquitaine\/saint-paul-les-dax_40279\/landes-un-homme-decede-apres-un-enorme-accident-impliquant-huit-vehicules-sur-la-d824-tres-verglacee_63655435.html\" target=\"_blank\" rel=\"noopener\">morts sur les routes de France<\/a>.<\/p>\n<p class=\" wall-content\">Concernant les transports scolaires, voici ceux qui ont \u00e9t\u00e9 suspendus\u2009:<\/p>\n<ul class=\" wall-content\">\n<li><strong>Dans tous les d\u00e9partements de la r\u00e9gion Pays de la Loire\u2009;<\/strong><\/li>\n<li><strong>Dans tous les d\u00e9partements de la r\u00e9gion Normandie\u2009;<\/strong><\/li>\n<li>Nouvelle-Aquitaine\u2009: les d\u00e9partements de la <strong>Charente<\/strong>, la <strong>Charente-Maritime<\/strong>, les <strong>Deux-S\u00e8vres<\/strong> et la <strong>Vienne\u2009;<\/strong><\/li>\n<li><strong>Dans tous les d\u00e9partements de la r\u00e9gion Hauts-de-France\u2009;<\/strong><\/li>\n<li><strong>Dans tous les d\u00e9partements de la r\u00e9gion Centre-Val de Loire\u2009;<\/strong><\/li>\n<li>Bretagne\u2009: Morbihan, Ille-et-Vilaine, des <a href=\"https:\/\/www.breizhgo.bzh\/alerte-neige-transports-scolaires-mercredi-7-janvier-et-perturbations-sur-le-reseau-car\" target=\"_blank\" rel=\"noopener\">difficult\u00e9s toujours dans le Finist\u00e8re et les C\u00f4tes-d\u2019Armor\u2009;<\/a><\/li>\n<li>Grand Est\u2009: Ardennes\u2009;<\/li>\n<li>\u00cele-de-France\u2009: les transports scolaires sont suspendus dans les Yvelines, Val-d\u2019Oise et la Seine-et-Marne.<\/li>\n<\/ul>\n<p class=\" wall-content\">C\u00f4t\u00e9 des transports en commun, nous vous conseillons de voir directement sur le site ou l\u2019application du r\u00e9seau pr\u00e8s de chez vous, mais il est probable que de nombreux bus de ville soient perturb\u00e9s.<\/p>\n<p>De la neige pr\u00e9vue ce mercredi<\/p>\n<p class=\" wall-content\"><a href=\"https:\/\/actu.fr\/tag\/meteo-france\" target=\"_blank\" rel=\"noopener\">M\u00e9t\u00e9o-France<\/a> a plac\u00e9<strong> 38 d\u00e9partements de la France m\u00e9tropolitaine en vigilance orange pour la neige et le verglas<\/strong> pour une partie de la nuit et toute la journ\u00e9e de mercredi, contre 26 d\u00e9partements pour mardi. La vigilance orange est le deuxi\u00e8me niveau le plus \u00e9lev\u00e9, demandant \u00e0 la population d\u2019\u00eatre tr\u00e8s attentive car des ph\u00e9nom\u00e8nes dangereux sont pr\u00e9vus.<\/p>\n<p class=\" wall-content\">Avec AFP.<\/p>\n<p class=\" wall-content\">Personnalisez votre actualit\u00e9 en ajoutant vos villes et m\u00e9dias en favori avec <a href=\"https:\/\/moncompte.actu.fr\" title=\"D\u00e9couvez Mon Actu\" rel=\"nofollow noopener\" data-trk=\"{&quot;cta&quot;:{&quot;action&quot;:&quot;https:\\\/\\\/moncompte.actu.fr&quot;,&quot;category&quot;:&quot;mon compte&quot;,&quot;from&quot;:&quot;article footer&quot;,&quot;name&quot;:&quot;Mon actu&quot;,&quot;type&quot;:&quot;cta&quot;}}\" target=\"_blank\">Mon Actu<\/a>.<\/p>\n","protected":false},"excerpt":{"rendered":"Par R\u00e9daction Actu Publi\u00e9 le 6 janv. 2026 \u00e0 19h47 De la neige en veux-tu en voil\u00e0. Et&hellip;\n","protected":false},"author":2,"featured_media":646647,"comment_status":"","ping_status":"","sticky":false,"template":"","format":"standard","meta":{"footnotes":""},"categories":[4],"tags":[11,1011,27,2357,10584,12,25,104,2803],"class_list":{"0":"post-646646","1":"post","2":"type-post","3":"status-publish","4":"format-standard","5":"has-post-thumbnail","7":"category-france","8":"tag-actualites","9":"tag-fr","10":"tag-france","11":"tag-meteo-france","12":"tag-neige","13":"tag-news","14":"tag-republique-francaise","15":"tag-societe","16":"tag-transport"},"share_on_mastodon":{"url":"https:\/\/pubeurope.com\/@fr\/115852833198086887","error":""},"_links":{"self":[{"href":"https:\/\/www.europesays.com\/fr\/wp-json\/wp\/v2\/posts\/646646","targetHints":{"allow":["GET"]}}],"collection":[{"href":"https:\/\/www.europesays.com\/fr\/wp-json\/wp\/v2\/posts"}],"about":[{"href":"https:\/\/www.europesays.com\/fr\/wp-json\/wp\/v2\/types\/post"}],"author":[{"embeddable":true,"href":"https:\/\/www.europesays.com\/fr\/wp-json\/wp\/v2\/users\/2"}],"replies":[{"embeddable":true,"href":"https:\/\/www.europesays.com\/fr\/wp-json\/wp\/v2\/comments?post=646646"}],"version-history":[{"count":0,"href":"https:\/\/www.europesays.com\/fr\/wp-json\/wp\/v2\/posts\/646646\/revisions"}],"wp:featuredmedia":[{"embeddable":true,"href":"https:\/\/www.europesays.com\/fr\/wp-json\/wp\/v2\/media\/646647"}],"wp:attachment":[{"href":"https:\/\/www.europesays.com\/fr\/wp-json\/wp\/v2\/media?parent=646646"}],"wp:term":[{"taxonomy":"category","embeddable":true,"href":"https:\/\/www.europesays.com\/fr\/wp-json\/wp\/v2\/categories?post=646646"},{"taxonomy":"post_tag","embeddable":true,"href":"https:\/\/www.europesays.com\/fr\/wp-json\/wp\/v2\/tags?post=646646"}],"curies":[{"name":"wp","href":"https:\/\/api.w.org\/{rel}","templated":true}]}}